{"id":1198,"date":"2015-06-03T14:57:58","date_gmt":"2015-06-03T08:57:58","guid":{"rendered":"http:\/\/bisbalpenedes.com\/web\/?p=1198"},"modified":"2015-06-03T14:57:58","modified_gmt":"2015-06-03T08:57:58","slug":"utilitzacio-de-la-zona-ludica-de-barbacoa-al-poliesportiu-municipal-de-la-bisbal-del-penedes","status":"publish","type":"post","link":"https:\/\/bisbalpenedes.com\/web\/2015\/06\/03\/utilitzacio-de-la-zona-ludica-de-barbacoa-al-poliesportiu-municipal-de-la-bisbal-del-penedes\/","title":{"rendered":"Utilitzaci\u00f3 de la zona l\u00fadica de \u201cBarbacoa\u201c al Poliesportiu Municipal de la Bisbal del Pened\u00e8s."},"content":{"rendered":"<p>1.Per demanar fer \u00fas d\u2019aquestes instal\u2022lacions, han de ser  persones empadronades a la Bisbal, o que, tot i no estar empadronades, disposin d\u2019una propietat al municipi. Podran convidar amics, familiars etc.<\/p>\n<p>2.Per a la seva utilitzaci\u00f3, caldr\u00e0 adre\u00e7ar-se a les oficines municipals en horari d\u2019atenci\u00f3 al p\u00fablic, o b\u00e9 trucar per tel\u00e8fon i se\u2019ls facilitar\u00e0 els tr\u00e0mits escaients.<\/p>\n<p>3.Les sol\u2022licituds s\u2019atendran seguint l\u2019ordre de recepci\u00f3 del registre d\u2019entrada de l\u2019Ajuntament.<\/p>\n<p>4.La cabuda m\u00e0xima de persones assegudes \u00e9s de 31 persones, distribu\u00efdes, en una taula de 15, i 2 taules de 8 persones. Els usuaris poden portar taules i cadires auxiliars.<\/p>\n<p>5.L\u2019obertura i tancament de l\u2019espai (incl\u00f3s lavabos) anir\u00e0 a c\u00e0rrec del servei de Vigil\u00e0ncia Municipal (telf. 678595959) i el seu horari ser\u00e0 compr\u00e8s entre les 9 del mat\u00ed i les 12 de la nit.<\/p>\n<p>6. La utilitzaci\u00f3 d\u2019aquest espai de \u201cbarbacoa\u201c \u00e9s gratu\u00eft. Per aix\u00f2 cal col\u2022laborar en el seu manteniment deixant totalment neta la zona una vegada acabat el seu \u00fas. Les cendres han de dipositar-se en el lloc indicat, amb especial atenci\u00f3 que estiguin ben apagades. La resta d\u2019escombraries, s\u2019han de classificar i s\u2019utilitzar\u00e0 els diversos contenidors de reciclatge, que estan disponibles en el lloc.<\/p>\n<p>7. No es perm\u00e8s llen\u00e7ar restes del tabac al terre. A tal efecte, es disposa de cendrers.<\/p>\n","protected":false},"excerpt":{"rendered":"<p>1.Per demanar fer \u00fas d\u2019aquestes instal\u2022lacions, han de ser persones empadronades a la Bisbal, o que, tot i no estar empadronades, disposin d\u2019una propietat al municipi. Podran convidar amics, familiars &hellip; <a href=\"https:\/\/bisbalpenedes.com\/web\/2015\/06\/03\/utilitzacio-de-la-zona-ludica-de-barbacoa-al-poliesportiu-municipal-de-la-bisbal-del-penedes\/\" class=\"more-link\">Read More<\/a><\/p>\n","protected":false},"author":1,"featured_media":1199,"comment_status":"closed","ping_status":"open","sticky":false,"template":"","format":"standard","meta":[],"categories":[5],"tags":[133],"_links":{"self":[{"href":"https:\/\/bisbalpenedes.com\/web\/wp-json\/wp\/v2\/posts\/1198"}],"collection":[{"href":"https:\/\/bisbalpenedes.com\/web\/wp-json\/wp\/v2\/posts"}],"about":[{"href":"https:\/\/bisbalpenedes.com\/web\/wp-json\/wp\/v2\/types\/post"}],"author":[{"embeddable":true,"href":"https:\/\/bisbalpenedes.com\/web\/wp-json\/wp\/v2\/users\/1"}],"replies":[{"embeddable":true,"href":"https:\/\/bisbalpenedes.com\/web\/wp-json\/wp\/v2\/comments?post=1198"}],"version-history":[{"count":1,"href":"https:\/\/bisbalpenedes.com\/web\/wp-json\/wp\/v2\/posts\/1198\/revisions"}],"predecessor-version":[{"id":1200,"href":"https:\/\/bisbalpenedes.com\/web\/wp-json\/wp\/v2\/posts\/1198\/revisions\/1200"}],"wp:featuredmedia":[{"embeddable":true,"href":"https:\/\/bisbalpenedes.com\/web\/wp-json\/wp\/v2\/media\/1199"}],"wp:attachment":[{"href":"https:\/\/bisbalpenedes.com\/web\/wp-json\/wp\/v2\/media?parent=1198"}],"wp:term":[{"taxonomy":"category","embeddable":true,"href":"https:\/\/bisbalpenedes.com\/web\/wp-json\/wp\/v2\/categories?post=1198"},{"taxonomy":"post_tag","embeddable":true,"href":"https:\/\/bisbalpenedes.com\/web\/wp-json\/wp\/v2\/tags?post=1198"}],"curies":[{"name":"wp","href":"https:\/\/api.w.org\/{rel}","templated":true}]}}