{"id":11977,"date":"2020-02-18T11:16:38","date_gmt":"2020-02-18T10:16:38","guid":{"rendered":"http:\/\/bisbalpenedes.com\/web\/?p=11977"},"modified":"2020-02-18T11:16:53","modified_gmt":"2020-02-18T10:16:53","slug":"carnaval-2020","status":"publish","type":"post","link":"https:\/\/bisbalpenedes.com\/web\/2020\/02\/18\/carnaval-2020\/","title":{"rendered":"Ja tenim aqu\u00ed el Carnaval 2020!"},"content":{"rendered":"<figure id=\"attachment_11979\" aria-describedby=\"caption-attachment-11979\" style=\"width: 630px\" class=\"wp-caption aligncenter\"><a href=\"http:\/\/bisbalpenedes.com\/web\/wp-content\/uploads\/2020\/02\/carnaval-2019-3.jpg\"><img loading=\"lazy\" class=\"size-large wp-image-11979\" src=\"http:\/\/bisbalpenedes.com\/web\/wp-content\/uploads\/2020\/02\/carnaval-2019-3-1024x683.jpg\" alt=\"Foto d'arxiu: Carnaval 2019\" width=\"630\" height=\"420\" srcset=\"https:\/\/bisbalpenedes.com\/web\/wp-content\/uploads\/2020\/02\/carnaval-2019-3-1024x683.jpg 1024w, https:\/\/bisbalpenedes.com\/web\/wp-content\/uploads\/2020\/02\/carnaval-2019-3-600x400.jpg 600w, https:\/\/bisbalpenedes.com\/web\/wp-content\/uploads\/2020\/02\/carnaval-2019-3-300x200.jpg 300w, https:\/\/bisbalpenedes.com\/web\/wp-content\/uploads\/2020\/02\/carnaval-2019-3-768x512.jpg 768w, https:\/\/bisbalpenedes.com\/web\/wp-content\/uploads\/2020\/02\/carnaval-2019-3.jpg 2048w\" sizes=\"(max-width: 630px) 100vw, 630px\" \/><\/a><figcaption id=\"caption-attachment-11979\" class=\"wp-caption-text\">Foto d&#8217;arxiu: Carnaval 2019<\/figcaption><\/figure>\n<p><span style=\"color: #000000;\">Ja tenim aqu\u00ed el Carnaval 2020!\u00a0<\/span><\/p>\n<p style=\"padding-left: 30px;\"><span style=\"color: #000000;\"><strong>-Dissabte 22 de febrer, a les 21:30h,<\/strong> sopar al poliesportiu Municipal organitzat per Club Segle XX, Carlos i Vicky i m\u00fasica en directe amb Noelia i Kim.<\/span><\/p>\n<p style=\"padding-left: 30px;\"><span style=\"color: #000000;\"><strong>-Dissabte 22 de febrer, a les 22h,<\/strong> sopar a la Societat Cultural i Recreativa Bisbalenca i ball amb el grup Versi\u00f3 original.<\/span><\/p>\n<p style=\"padding-left: 30px;\"><span style=\"color: #000000;\"><strong>-Diumenge 23 de febrer, a les 12:20h<\/strong> sortida de la rua des del carrer Doctor Robert. Recorregut: \u00a0<em>Carrer Doctor Robert, Pla\u00e7a Sant Jordi, carrer Major, carrer Verdaguer, carrer Santa Cristina, carrer Pare Junqu\u00e9, carrer Moss\u00e8n Bund\u00f3, carrer General Romagosa, Avinguda Llu\u00eds Companys, carrer de Santa Cristina, carrer Verdaguer, carrer Major, pla\u00e7a Catalunya, avinguda Colom, carrer Tarragona, carrer Anselm Clav\u00e9 i carrer Doctor Robert.<\/em><\/span><\/p>\n<p style=\"padding-left: 30px;\"><span style=\"color: #000000;\"><strong>-Diumenge 23 de febrer, a les 17:30h<\/strong> carnaval infantil de disfresses amb Natalia Magic Art al poliesportiu municipal (Organitza Club Segle XX, Carlos i Vicky)<\/span><\/p>\n<p style=\"padding-left: 30px;\"><span style=\"color: #000000;\"><strong>-Dilluns 24 de febrer, a les 17:00h, <\/strong>al gimn\u00e0s de l\u2019Escola Ull de Vent, festa infantil de Carnaval amb l\u2019actuaci\u00f3 de Pinxo &amp; Punxa i berenar (sense gluten). Organitza la Regidoria de Festes.<\/span><\/p>\n<p style=\"padding-left: 30px;\"><span style=\"color: #000000;\"><strong>-Dimecres 26 de febrer, a les 21:00h,<\/strong> sardinada popular al poliesportiu municipal organitzada per Club Segle XX, Carlos i Vicky.<\/span><\/p>\n<hr \/>\n<p><span style=\"color: #000000;\"><strong>CASTELLANO |<\/strong> \u00a1Ya tenemos aqu\u00ed el Carnaval 2020!<\/span><\/p>\n<p style=\"padding-left: 30px;\"><span style=\"color: #000000;\"><strong>-S\u00e1bado 22 de febrero, a las 21:30h,<\/strong> cena en el polideportivo Municipal organizada por Club Segle XX, Carlos y Vicky y m\u00fasica en directo con Noelia y Kim.<\/span><\/p>\n<p style=\"padding-left: 30px;\"><span style=\"color: #000000;\"><strong>-S\u00e1bado 22 de febrero, a las 22h,<\/strong> cena en la Societat Cultural i Recreativa Bisbalenca y baile con el grupo Versi\u00f3 Original.<\/span><\/p>\n<p style=\"padding-left: 30px;\"><span style=\"color: #000000;\"><strong>-Domingo 23 de febrero, a las 12:20h,<\/strong> salida de la r\u00faa desde la calle Doctor Robert. Recorrido:\u00a0<em>Carrer Doctor Robert, Pla\u00e7a Sant Jordi, carrer Major, carrer Verdaguer, carrer Santa Cristina, carrer Pare Junqu\u00e9, carrer Moss\u00e8n Bund\u00f3, carrer General Romagosa, Avinguda Llu\u00eds Companys, carrer de Santa Cristina, carrer Verdaguer, carrer Major, pla\u00e7a Catalunya, avinguda Colom, carrer Tarragona, carrer Anselm Clav\u00e9 y carrer Doctor Robert.<\/em><\/span><\/p>\n<p style=\"padding-left: 30px;\"><span style=\"color: #000000;\"><strong>-Domingo 23 de febrero, a las 17:30h,<\/strong> carnaval infantil de disfraces con Natalia Magic Art en el polideportivo municipal (Organiza\u00a0 Club Segle XX, Carlos y Vicky)<\/span><\/p>\n<p style=\"padding-left: 30px;\"><span style=\"color: #000000;\"><strong>-Lunes 24 de febrero, a las 17:00h,<\/strong> en el gimnasio de la Escuela Ull de Vent, fiesta infantil de Carnaval con la actuaci\u00f3n de Pinxo &amp; Punxa y merienda (sin gluten). Organiza la Concejal\u00eda de Fiestas.<\/span><\/p>\n<p style=\"padding-left: 30px;\"><span style=\"color: #000000;\"><strong>-Mi\u00e9rcoles 26 de febrero, a las 21:00h,<\/strong> sardinada popular en el polideportivo municipal organizada por Club Segle XX, Carlos y Vicky.<\/span><\/p>\n<div id='gallery-1' class='gallery galleryid-11977 gallery-columns-4 gallery-size-medium'><figure class='gallery-item'>\n\t\t\t<div class='gallery-icon portrait'>\n\t\t\t\t<a href='https:\/\/bisbalpenedes.com\/web\/agenda-dactivitats\/cartell-actes-de-carnaval\/'><img width=\"212\" height=\"300\" src=\"https:\/\/bisbalpenedes.com\/web\/wp-content\/uploads\/2018\/02\/cartell-actes-de-carnaval-212x300.png\" class=\"attachment-medium size-medium\" alt=\"\" loading=\"lazy\" srcset=\"https:\/\/bisbalpenedes.com\/web\/wp-content\/uploads\/2018\/02\/cartell-actes-de-carnaval-212x300.png 212w, https:\/\/bisbalpenedes.com\/web\/wp-content\/uploads\/2018\/02\/cartell-actes-de-carnaval-600x849.png 600w, https:\/\/bisbalpenedes.com\/web\/wp-content\/uploads\/2018\/02\/cartell-actes-de-carnaval-768x1086.png 768w, https:\/\/bisbalpenedes.com\/web\/wp-content\/uploads\/2018\/02\/cartell-actes-de-carnaval-724x1024.png 724w, https:\/\/bisbalpenedes.com\/web\/wp-content\/uploads\/2018\/02\/cartell-actes-de-carnaval.png 1587w\" sizes=\"(max-width: 212px) 100vw, 212px\" \/><\/a>\n\t\t\t<\/div><\/figure><figure class='gallery-item'>\n\t\t\t<div class='gallery-icon portrait'>\n\t\t\t\t<a href='https:\/\/bisbalpenedes.com\/web\/agenda-dactivitats\/carnaval_20_societat_b\/'><img width=\"212\" height=\"300\" src=\"https:\/\/bisbalpenedes.com\/web\/wp-content\/uploads\/2018\/02\/CARNAVAL_20_SOCIETAT_b-212x300.jpg\" class=\"attachment-medium size-medium\" alt=\"\" loading=\"lazy\" srcset=\"https:\/\/bisbalpenedes.com\/web\/wp-content\/uploads\/2018\/02\/CARNAVAL_20_SOCIETAT_b-212x300.jpg 212w, https:\/\/bisbalpenedes.com\/web\/wp-content\/uploads\/2018\/02\/CARNAVAL_20_SOCIETAT_b-600x847.jpg 600w, https:\/\/bisbalpenedes.com\/web\/wp-content\/uploads\/2018\/02\/CARNAVAL_20_SOCIETAT_b-768x1085.jpg 768w, https:\/\/bisbalpenedes.com\/web\/wp-content\/uploads\/2018\/02\/CARNAVAL_20_SOCIETAT_b-725x1024.jpg 725w, https:\/\/bisbalpenedes.com\/web\/wp-content\/uploads\/2018\/02\/CARNAVAL_20_SOCIETAT_b.jpg 1181w\" sizes=\"(max-width: 212px) 100vw, 212px\" \/><\/a>\n\t\t\t<\/div><\/figure><figure class='gallery-item'>\n\t\t\t<div class='gallery-icon portrait'>\n\t\t\t\t<a href='https:\/\/bisbalpenedes.com\/web\/agenda-dactivitats\/carnaval-2020-poli-b\/'><img width=\"212\" height=\"300\" src=\"https:\/\/bisbalpenedes.com\/web\/wp-content\/uploads\/2018\/02\/CARNAVAL-2020-POLI-b-212x300.jpg\" class=\"attachment-medium size-medium\" alt=\"\" loading=\"lazy\" srcset=\"https:\/\/bisbalpenedes.com\/web\/wp-content\/uploads\/2018\/02\/CARNAVAL-2020-POLI-b-212x300.jpg 212w, https:\/\/bisbalpenedes.com\/web\/wp-content\/uploads\/2018\/02\/CARNAVAL-2020-POLI-b-600x848.jpg 600w, https:\/\/bisbalpenedes.com\/web\/wp-content\/uploads\/2018\/02\/CARNAVAL-2020-POLI-b-768x1086.jpg 768w, https:\/\/bisbalpenedes.com\/web\/wp-content\/uploads\/2018\/02\/CARNAVAL-2020-POLI-b-724x1024.jpg 724w, https:\/\/bisbalpenedes.com\/web\/wp-content\/uploads\/2018\/02\/CARNAVAL-2020-POLI-b.jpg 1169w\" sizes=\"(max-width: 212px) 100vw, 212px\" \/><\/a>\n\t\t\t<\/div><\/figure><figure class='gallery-item'>\n\t\t\t<div class='gallery-icon portrait'>\n\t\t\t\t<a href='https:\/\/bisbalpenedes.com\/web\/agenda-dactivitats\/carnaval_infantil_2020\/'><img width=\"212\" height=\"300\" src=\"https:\/\/bisbalpenedes.com\/web\/wp-content\/uploads\/2018\/02\/CARNAVAL_INFANTIL_2020-212x300.jpg\" class=\"attachment-medium size-medium\" alt=\"\" loading=\"lazy\" srcset=\"https:\/\/bisbalpenedes.com\/web\/wp-content\/uploads\/2018\/02\/CARNAVAL_INFANTIL_2020-212x300.jpg 212w, https:\/\/bisbalpenedes.com\/web\/wp-content\/uploads\/2018\/02\/CARNAVAL_INFANTIL_2020-600x849.jpg 600w, https:\/\/bisbalpenedes.com\/web\/wp-content\/uploads\/2018\/02\/CARNAVAL_INFANTIL_2020-768x1086.jpg 768w, https:\/\/bisbalpenedes.com\/web\/wp-content\/uploads\/2018\/02\/CARNAVAL_INFANTIL_2020-724x1024.jpg 724w, https:\/\/bisbalpenedes.com\/web\/wp-content\/uploads\/2018\/02\/CARNAVAL_INFANTIL_2020.jpg 992w\" sizes=\"(max-width: 212px) 100vw, 212px\" \/><\/a>\n\t\t\t<\/div><\/figure>\n\t\t<\/div>\n\n<p>&nbsp;<\/p>\n<p>&nbsp;<\/p>\n","protected":false},"excerpt":{"rendered":"<p>Ja tenim aqu\u00ed el Carnaval 2020!\u00a0 -Dissabte 22 de febrer, a les 21:30h, sopar al poliesportiu Municipal organitzat per Club Segle XX, Carlos i Vicky i m\u00fasica en directe amb &hellip; <a href=\"https:\/\/bisbalpenedes.com\/web\/2020\/02\/18\/carnaval-2020\/\" class=\"more-link\">Read More<\/a><\/p>\n","protected":false},"author":4,"featured_media":11978,"comment_status":"closed","ping_status":"closed","sticky":false,"template":"","format":"standard","meta":[],"categories":[2942,13,1042],"tags":[49,3525],"_links":{"self":[{"href":"https:\/\/bisbalpenedes.com\/web\/wp-json\/wp\/v2\/posts\/11977"}],"collection":[{"href":"https:\/\/bisbalpenedes.com\/web\/wp-json\/wp\/v2\/posts"}],"about":[{"href":"https:\/\/bisbalpenedes.com\/web\/wp-json\/wp\/v2\/types\/post"}],"author":[{"embeddable":true,"href":"https:\/\/bisbalpenedes.com\/web\/wp-json\/wp\/v2\/users\/4"}],"replies":[{"embeddable":true,"href":"https:\/\/bisbalpenedes.com\/web\/wp-json\/wp\/v2\/comments?post=11977"}],"version-history":[{"count":2,"href":"https:\/\/bisbalpenedes.com\/web\/wp-json\/wp\/v2\/posts\/11977\/revisions"}],"predecessor-version":[{"id":11981,"href":"https:\/\/bisbalpenedes.com\/web\/wp-json\/wp\/v2\/posts\/11977\/revisions\/11981"}],"wp:featuredmedia":[{"embeddable":true,"href":"https:\/\/bisbalpenedes.com\/web\/wp-json\/wp\/v2\/media\/11978"}],"wp:attachment":[{"href":"https:\/\/bisbalpenedes.com\/web\/wp-json\/wp\/v2\/media?parent=11977"}],"wp:term":[{"taxonomy":"category","embeddable":true,"href":"https:\/\/bisbalpenedes.com\/web\/wp-json\/wp\/v2\/categories?post=11977"},{"taxonomy":"post_tag","embeddable":true,"href":"https:\/\/bisbalpenedes.com\/web\/wp-json\/wp\/v2\/tags?post=11977"}],"curies":[{"name":"wp","href":"https:\/\/api.w.org\/{rel}","templated":true}]}}