{"id":11950,"date":"2020-02-17T13:54:03","date_gmt":"2020-02-17T12:54:03","guid":{"rendered":"http:\/\/bisbalpenedes.com\/web\/?p=11950"},"modified":"2020-02-17T13:54:19","modified_gmt":"2020-02-17T12:54:19","slug":"lalcaldessa-agnes-ferre-felicita-personalment-pere-guixer-el-dia-del-seu-100e-aniversari","status":"publish","type":"post","link":"https:\/\/bisbalpenedes.com\/web\/2020\/02\/17\/lalcaldessa-agnes-ferre-felicita-personalment-pere-guixer-el-dia-del-seu-100e-aniversari\/","title":{"rendered":"L\u2019alcaldessa Agn\u00e8s Ferr\u00e9 felicita personalment el bisbalenc Pere Guixer el dia del seu 100\u00e8 aniversari"},"content":{"rendered":"<p style=\"text-align: center;\"><a href=\"http:\/\/bisbalpenedes.com\/web\/wp-content\/uploads\/2020\/02\/AGNES-FERRE-PERE-GUIXE.jpg\"><img loading=\"lazy\" class=\"alignnone size-large wp-image-11960\" src=\"http:\/\/bisbalpenedes.com\/web\/wp-content\/uploads\/2020\/02\/AGNES-FERRE-PERE-GUIXE-1024x729.jpg\" alt=\"AGNES FERRE PERE GUIXE\" width=\"630\" height=\"449\" srcset=\"https:\/\/bisbalpenedes.com\/web\/wp-content\/uploads\/2020\/02\/AGNES-FERRE-PERE-GUIXE-1024x729.jpg 1024w, https:\/\/bisbalpenedes.com\/web\/wp-content\/uploads\/2020\/02\/AGNES-FERRE-PERE-GUIXE-600x427.jpg 600w, https:\/\/bisbalpenedes.com\/web\/wp-content\/uploads\/2020\/02\/AGNES-FERRE-PERE-GUIXE-300x214.jpg 300w, https:\/\/bisbalpenedes.com\/web\/wp-content\/uploads\/2020\/02\/AGNES-FERRE-PERE-GUIXE-768x547.jpg 768w\" sizes=\"(max-width: 630px) 100vw, 630px\" \/><\/a><\/p>\n<p><span style=\"color: #000000;\">El bisbalenc Pere Guixer Jan\u00e9 va fer 100 anys el passat dissabte 15 de febrer i ho va celebrar acompanyat de la seva fam\u00edlia. <\/span><\/p>\n<p style=\"text-align: center;\"><a href=\"http:\/\/bisbalpenedes.com\/web\/wp-content\/uploads\/2020\/02\/FAMILIA-PERE-GUIXEedit.jpg\"><img loading=\"lazy\" class=\"alignnone size-large wp-image-11962\" src=\"http:\/\/bisbalpenedes.com\/web\/wp-content\/uploads\/2020\/02\/FAMILIA-PERE-GUIXEedit-1024x683.jpg\" alt=\"FAMILIA PERE GUIXEedit\" width=\"630\" height=\"420\" srcset=\"https:\/\/bisbalpenedes.com\/web\/wp-content\/uploads\/2020\/02\/FAMILIA-PERE-GUIXEedit-1024x683.jpg 1024w, https:\/\/bisbalpenedes.com\/web\/wp-content\/uploads\/2020\/02\/FAMILIA-PERE-GUIXEedit-600x400.jpg 600w, https:\/\/bisbalpenedes.com\/web\/wp-content\/uploads\/2020\/02\/FAMILIA-PERE-GUIXEedit-300x200.jpg 300w, https:\/\/bisbalpenedes.com\/web\/wp-content\/uploads\/2020\/02\/FAMILIA-PERE-GUIXEedit-768x512.jpg 768w\" sizes=\"(max-width: 630px) 100vw, 630px\" \/><\/a><\/p>\n<p><span style=\"color: #000000;\">A mig mat\u00ed, l\u2019equip de govern va anar-lo a visitar a la Resid\u00e8ncia El Colomer i l\u2019alcaldessa Agn\u00e8s Ferr\u00e9 li va fer entrega d\u2019un reconeixement en format de diploma i d\u2019un ram de flors.<\/span><\/p>\n<p><a href=\"http:\/\/bisbalpenedes.com\/web\/wp-content\/uploads\/2020\/02\/PERE-GUIXE-DIPLOMA-I-RAM.jpg\"><img loading=\"lazy\" class=\"aligncenter size-large wp-image-11961\" src=\"http:\/\/bisbalpenedes.com\/web\/wp-content\/uploads\/2020\/02\/PERE-GUIXE-DIPLOMA-I-RAM-1024x683.jpg\" alt=\"PERE GUIXE DIPLOMA I RAM\" width=\"630\" height=\"420\" srcset=\"https:\/\/bisbalpenedes.com\/web\/wp-content\/uploads\/2020\/02\/PERE-GUIXE-DIPLOMA-I-RAM-1024x683.jpg 1024w, https:\/\/bisbalpenedes.com\/web\/wp-content\/uploads\/2020\/02\/PERE-GUIXE-DIPLOMA-I-RAM-600x400.jpg 600w, https:\/\/bisbalpenedes.com\/web\/wp-content\/uploads\/2020\/02\/PERE-GUIXE-DIPLOMA-I-RAM-300x200.jpg 300w, https:\/\/bisbalpenedes.com\/web\/wp-content\/uploads\/2020\/02\/PERE-GUIXE-DIPLOMA-I-RAM-768x512.jpg 768w\" sizes=\"(max-width: 630px) 100vw, 630px\" \/><\/a><\/p>\n<p><span style=\"color: #000000;\">Pere Guixer va n\u00e9ixer el 15 de febrer de 1920 a Sants (Barcelona). Amb disset anys va ser cridat a files amb la Lleva del biber\u00f3 i va ser ferit per tres bales a la guerra. Aix\u00f2 no li va impedir tirar endavant amb la seva vida i, posteriorment, es va casar amb l\u2019Eul\u00e0lia \u2013 la Laieta- de Cal Frei\u00e9 de la Bisbal del Pened\u00e8s (traspassada el 2003), amb qui va tenir una filla i un fill, i va treballar durant molts anys a l\u2019oficina de La Caixa de la Bisbal. En l\u2019actualitat, el Pere t\u00e9 tres n\u00e9ts i cinc besn\u00e9ts i viu a la Resid\u00e8ncia El Colomer.<\/span><\/p>\n<p style=\"text-align: center;\"><a href=\"http:\/\/bisbalpenedes.com\/web\/wp-content\/uploads\/2020\/02\/IMG_3715.jpg\"><img loading=\"lazy\" class=\"alignnone size-large wp-image-11963\" src=\"http:\/\/bisbalpenedes.com\/web\/wp-content\/uploads\/2020\/02\/IMG_3715-1024x683.jpg\" alt=\"PERE GUIXE ESPELMES\" width=\"630\" height=\"420\" srcset=\"https:\/\/bisbalpenedes.com\/web\/wp-content\/uploads\/2020\/02\/IMG_3715-1024x683.jpg 1024w, https:\/\/bisbalpenedes.com\/web\/wp-content\/uploads\/2020\/02\/IMG_3715-600x400.jpg 600w, https:\/\/bisbalpenedes.com\/web\/wp-content\/uploads\/2020\/02\/IMG_3715-300x200.jpg 300w, https:\/\/bisbalpenedes.com\/web\/wp-content\/uploads\/2020\/02\/IMG_3715-768x512.jpg 768w\" sizes=\"(max-width: 630px) 100vw, 630px\" \/><\/a><\/p>\n<hr \/>\n<p><span style=\"color: #000000;\"><strong>CASTELLANO |<\/strong> <\/span><\/p>\n<p><a href=\"http:\/\/bisbalpenedes.com\/web\/wp-content\/uploads\/2020\/02\/AGNES-FERRE-PERE-GUIXE.jpg\"><img loading=\"lazy\" class=\"aligncenter wp-image-11960 size-large\" src=\"http:\/\/bisbalpenedes.com\/web\/wp-content\/uploads\/2020\/02\/AGNES-FERRE-PERE-GUIXE-1024x729.jpg\" alt=\"AGNES FERRE PERE GUIXE\" width=\"630\" height=\"449\" srcset=\"https:\/\/bisbalpenedes.com\/web\/wp-content\/uploads\/2020\/02\/AGNES-FERRE-PERE-GUIXE-1024x729.jpg 1024w, https:\/\/bisbalpenedes.com\/web\/wp-content\/uploads\/2020\/02\/AGNES-FERRE-PERE-GUIXE-600x427.jpg 600w, https:\/\/bisbalpenedes.com\/web\/wp-content\/uploads\/2020\/02\/AGNES-FERRE-PERE-GUIXE-300x214.jpg 300w, https:\/\/bisbalpenedes.com\/web\/wp-content\/uploads\/2020\/02\/AGNES-FERRE-PERE-GUIXE-768x547.jpg 768w\" sizes=\"(max-width: 630px) 100vw, 630px\" \/><\/a><\/p>\n<p><span style=\"color: #000000;\">El bisbalense Pere Guixer Jan\u00e9 cumpli\u00f3 100 a\u00f1os el pasado s\u00e1bado 15 de febrero y lo celebr\u00f3 acompa\u00f1ado de su familia.<\/span><a href=\"http:\/\/bisbalpenedes.com\/web\/wp-content\/uploads\/2020\/02\/FAMILIA-PERE-GUIXEedit.jpg\"><img loading=\"lazy\" class=\"aligncenter wp-image-11962 size-large\" src=\"http:\/\/bisbalpenedes.com\/web\/wp-content\/uploads\/2020\/02\/FAMILIA-PERE-GUIXEedit-1024x683.jpg\" alt=\"FAMILIA PERE GUIXEedit\" width=\"630\" height=\"420\" srcset=\"https:\/\/bisbalpenedes.com\/web\/wp-content\/uploads\/2020\/02\/FAMILIA-PERE-GUIXEedit-1024x683.jpg 1024w, https:\/\/bisbalpenedes.com\/web\/wp-content\/uploads\/2020\/02\/FAMILIA-PERE-GUIXEedit-600x400.jpg 600w, https:\/\/bisbalpenedes.com\/web\/wp-content\/uploads\/2020\/02\/FAMILIA-PERE-GUIXEedit-300x200.jpg 300w, https:\/\/bisbalpenedes.com\/web\/wp-content\/uploads\/2020\/02\/FAMILIA-PERE-GUIXEedit-768x512.jpg 768w\" sizes=\"(max-width: 630px) 100vw, 630px\" \/><\/a><\/p>\n<p><span style=\"color: #000000;\">A media ma\u00f1ana, el equipo de gobierno fue a visitarlo a la Residencia El Colomer y la alcaldesa Agn\u00e8s Ferr\u00e9 le hizo entrega de un reconocimiento en formato de diploma y de un ramo de flores.<\/span><\/p>\n<p><a href=\"http:\/\/bisbalpenedes.com\/web\/wp-content\/uploads\/2020\/02\/PERE-GUIXE-DIPLOMA-I-RAM.jpg\"><img loading=\"lazy\" class=\"aligncenter wp-image-11961 size-large\" src=\"http:\/\/bisbalpenedes.com\/web\/wp-content\/uploads\/2020\/02\/PERE-GUIXE-DIPLOMA-I-RAM-1024x683.jpg\" alt=\"PERE GUIXE DIPLOMA I RAM\" width=\"630\" height=\"420\" srcset=\"https:\/\/bisbalpenedes.com\/web\/wp-content\/uploads\/2020\/02\/PERE-GUIXE-DIPLOMA-I-RAM-1024x683.jpg 1024w, https:\/\/bisbalpenedes.com\/web\/wp-content\/uploads\/2020\/02\/PERE-GUIXE-DIPLOMA-I-RAM-600x400.jpg 600w, https:\/\/bisbalpenedes.com\/web\/wp-content\/uploads\/2020\/02\/PERE-GUIXE-DIPLOMA-I-RAM-300x200.jpg 300w, https:\/\/bisbalpenedes.com\/web\/wp-content\/uploads\/2020\/02\/PERE-GUIXE-DIPLOMA-I-RAM-768x512.jpg 768w\" sizes=\"(max-width: 630px) 100vw, 630px\" \/><\/a><\/p>\n<p><span style=\"color: #000000;\">Pere Guixer naci\u00f3 el 15 de febrero de 1920 en Sants (Barcelona). Con diez y siete a\u00f1os fue llamado a filas con la Leva del biber\u00f3n y fue herido por tres balas en la guerra. Esto no le impidi\u00f3 seguir adelante con su vida y, posteriormente, se cas\u00f3 con Eul\u00e0lia \u2013 Laieta \u2013 de Cal Frei\u00e9 de la Bisbal del Pened\u00e8s (que muri\u00f3 en el a\u00f1o 2003), con quien tuvo una hija y un hijo, y trabaj\u00f3 durante muchos a\u00f1os en la oficina de La Caixa de la Bisbal. En la actualidad, Pere tiene tres nietos y cinco bisnietos y vive en la Residencia El Colomer.<\/span><\/p>\n<p><a href=\"http:\/\/bisbalpenedes.com\/web\/wp-content\/uploads\/2020\/02\/IMG_3715.jpg\"><img loading=\"lazy\" class=\"aligncenter size-large wp-image-11963\" src=\"http:\/\/bisbalpenedes.com\/web\/wp-content\/uploads\/2020\/02\/IMG_3715-1024x683.jpg\" alt=\"PERE GUIXE ESPELMES\" width=\"630\" height=\"420\" srcset=\"https:\/\/bisbalpenedes.com\/web\/wp-content\/uploads\/2020\/02\/IMG_3715-1024x683.jpg 1024w, https:\/\/bisbalpenedes.com\/web\/wp-content\/uploads\/2020\/02\/IMG_3715-600x400.jpg 600w, https:\/\/bisbalpenedes.com\/web\/wp-content\/uploads\/2020\/02\/IMG_3715-300x200.jpg 300w, https:\/\/bisbalpenedes.com\/web\/wp-content\/uploads\/2020\/02\/IMG_3715-768x512.jpg 768w\" sizes=\"(max-width: 630px) 100vw, 630px\" \/><\/a><\/p>\n","protected":false},"excerpt":{"rendered":"<p>El bisbalenc Pere Guixer Jan\u00e9 va fer 100 anys el passat dissabte 15 de febrer i ho va celebrar acompanyat de la seva fam\u00edlia. A mig mat\u00ed, l\u2019equip de govern &hellip; <a href=\"https:\/\/bisbalpenedes.com\/web\/2020\/02\/17\/lalcaldessa-agnes-ferre-felicita-personalment-pere-guixer-el-dia-del-seu-100e-aniversari\/\" class=\"more-link\">Read More<\/a><\/p>\n","protected":false},"author":4,"featured_media":11960,"comment_status":"closed","ping_status":"closed","sticky":false,"template":"","format":"standard","meta":[],"categories":[2057],"tags":[1949,3524,593,3523,3522,2072],"_links":{"self":[{"href":"https:\/\/bisbalpenedes.com\/web\/wp-json\/wp\/v2\/posts\/11950"}],"collection":[{"href":"https:\/\/bisbalpenedes.com\/web\/wp-json\/wp\/v2\/posts"}],"about":[{"href":"https:\/\/bisbalpenedes.com\/web\/wp-json\/wp\/v2\/types\/post"}],"author":[{"embeddable":true,"href":"https:\/\/bisbalpenedes.com\/web\/wp-json\/wp\/v2\/users\/4"}],"replies":[{"embeddable":true,"href":"https:\/\/bisbalpenedes.com\/web\/wp-json\/wp\/v2\/comments?post=11950"}],"version-history":[{"count":2,"href":"https:\/\/bisbalpenedes.com\/web\/wp-json\/wp\/v2\/posts\/11950\/revisions"}],"predecessor-version":[{"id":11965,"href":"https:\/\/bisbalpenedes.com\/web\/wp-json\/wp\/v2\/posts\/11950\/revisions\/11965"}],"wp:featuredmedia":[{"embeddable":true,"href":"https:\/\/bisbalpenedes.com\/web\/wp-json\/wp\/v2\/media\/11960"}],"wp:attachment":[{"href":"https:\/\/bisbalpenedes.com\/web\/wp-json\/wp\/v2\/media?parent=11950"}],"wp:term":[{"taxonomy":"category","embeddable":true,"href":"https:\/\/bisbalpenedes.com\/web\/wp-json\/wp\/v2\/categories?post=11950"},{"taxonomy":"post_tag","embeddable":true,"href":"https:\/\/bisbalpenedes.com\/web\/wp-json\/wp\/v2\/tags?post=11950"}],"curies":[{"name":"wp","href":"https:\/\/api.w.org\/{rel}","templated":true}]}}