{"id":11946,"date":"2020-02-17T13:12:46","date_gmt":"2020-02-17T12:12:46","guid":{"rendered":"http:\/\/bisbalpenedes.com\/web\/?p=11946"},"modified":"2020-02-17T13:13:44","modified_gmt":"2020-02-17T12:13:44","slug":"ja-es-poden-demanar-les-subvencions-per-al-transport-escolar-intramunicipal-del-consell-comarcal-del-baix-penedes-del-curs-2019-2020","status":"publish","type":"post","link":"https:\/\/bisbalpenedes.com\/web\/2020\/02\/17\/ja-es-poden-demanar-les-subvencions-per-al-transport-escolar-intramunicipal-del-consell-comarcal-del-baix-penedes-del-curs-2019-2020\/","title":{"rendered":"Ja es poden demanar les subvencions de l&#8217;Ajuntament de la Bisbal del Pened\u00e8s per al transport escolar intramunicipal del Consell Comarcal del Baix Pened\u00e8s del curs 2019 \u2013 2020"},"content":{"rendered":"<p style=\"text-align: center;\"><a href=\"http:\/\/bisbalpenedes.com\/web\/wp-content\/uploads\/2018\/07\/IMG_0349.jpg\"><img loading=\"lazy\" class=\"alignnone size-large wp-image-6391\" src=\"http:\/\/bisbalpenedes.com\/web\/wp-content\/uploads\/2018\/07\/IMG_0349-1024x683.jpg\" alt=\"BUS ESCOLA ULL DE VENT\" width=\"630\" height=\"420\" srcset=\"https:\/\/bisbalpenedes.com\/web\/wp-content\/uploads\/2018\/07\/IMG_0349-1024x683.jpg 1024w, https:\/\/bisbalpenedes.com\/web\/wp-content\/uploads\/2018\/07\/IMG_0349-600x400.jpg 600w, https:\/\/bisbalpenedes.com\/web\/wp-content\/uploads\/2018\/07\/IMG_0349-300x200.jpg 300w, https:\/\/bisbalpenedes.com\/web\/wp-content\/uploads\/2018\/07\/IMG_0349-768x512.jpg 768w\" sizes=\"(max-width: 630px) 100vw, 630px\" \/><\/a><\/p>\n<p style=\"text-align: justify;\"><span style=\"color: #000000;\">S\u2019obre la convocat\u00f2ria per demanar ajuts per al transport escolar intramunicipal del Consell Comarcal del Baix Pened\u00e8s per al curs 2019-2020. Les sol\u00b7licituds es poden presentar <u>fins al dissabte 29 de febrer de 2020.<\/u><\/span><\/p>\n<p style=\"text-align: justify;\"><span style=\"color: #000000;\">La Junta de Govern va aprovar, el 27 de gener de 2020, la convocat\u00f2ria per a les subvencions per al transport escolar intramunicipal amb l\u2019objectiu de fomentar l\u2019\u00fas del transport escolar i ajudar les fam\u00edlies a fer front a les despeses derivades d\u2019aquest servei. En total, es destinaran un total de 5.000\u20ac del pressupost\u00a0 municipal a subvencionar una part d\u2019aquesta despesa.<\/span><\/p>\n<p style=\"text-align: justify;\"><span style=\"color: #000000;\">Les fam\u00edlies abonen els rebuts del transport escolar intramunicipal al Consell Comarcal del Baix Pened\u00e8s, ja que \u00e9s qui realitza el transport escolar al municipi amb dues l\u00ednies de transport. Es tracta d\u2019un transport que est\u00e0 subvencionat per la Generalitat de Catalunya i el preu per als usuaris \u00e9s de:<\/span><\/p>\n<ul style=\"text-align: justify;\">\n<li><span style=\"color: #000000;\">30\u20ac\/mes per 1 alumne<\/span><\/li>\n<li><span style=\"color: #000000;\">50\u20ac\/mes per 1 alumne + 1 germ\u00e0<\/span><\/li>\n<li><span style=\"color: #000000;\">60\u20ac\/mes per 1 alumne + 2 germans<\/span><\/li>\n<\/ul>\n<p style=\"text-align: justify;\"><span style=\"color: #000000;\">L\u2019Ajuntament de la BisBal del Pened\u00e8s subvencionar\u00e0 un 30% del rebut \u2013a efectes generals- i un 50% en els casos que les fam\u00edlies presentin un informe de vulnerabilitat redactat per serveis socials. Aix\u00ed, els imports a abonar als beneficiaris, per part de l\u2019Ajuntament de la Bisbal del Pened\u00e8s, seran els seg\u00fcents:<\/span><\/p>\n<p style=\"text-align: justify; padding-left: 30px;\"><span style=\"color: #000000;\">1 alumne: 9\u20ac\/mes (En el cas que presenti informe de vulnerabilitat de serveis socials, la subvenci\u00f3 \u00e9s de 15\u20ac\/mes)<\/span><\/p>\n<p style=\"text-align: justify; padding-left: 30px;\"><span style=\"color: #000000;\">1 alumne + 1 germ\u00e0: 15\u20ac\/mes (En el cas que presentin informe de vulnerabilitat de serveis socials, la subvenci\u00f3 \u00e9s de 25\u20ac\/mes)<\/span><\/p>\n<p style=\"text-align: justify; padding-left: 30px;\"><span style=\"color: #000000;\">1 alumne + 2 germans: 16\u20ac\/mes (En el cas que presentin informe de vulnerabilitat de serveis socials, la subvenci\u00f3 \u00e9s de 30\u20ac\/mes)<\/span><\/p>\n<p style=\"text-align: justify;\"><span style=\"color: #000000;\">Per ser beneficiari\/a d\u2019aquestes subvencions, cal reunir els seg\u00fcents requisits:<\/span><\/p>\n<ul style=\"text-align: justify;\">\n<li><span style=\"color: #000000;\">Ser el pare \/ la mare \/ o el\/la tutor\/a legal d\u2019un\/a alumne\/a de l\u2019Escola Ull de Vent<\/span><\/li>\n<\/ul>\n<ul style=\"text-align: justify;\">\n<li><span style=\"color: #000000;\">Fer \u00fas del transport escolar organitzat pel Consell Comarcal del Baix Pened\u00e8s per anar a l\u2019escola Ull de Vent.<\/span><\/li>\n<\/ul>\n<ul style=\"text-align: justify;\">\n<li><span style=\"color: #000000;\">Estar empadronats\/des a La Bisbal del Pened\u00e8s l\u2019alumne\/a i els\/les seus\/ves progenitors\/es o representants legals (en cas que nom\u00e9s consti empadronat\/da l\u2019alumne\/a i un\/a dels\/les dos\/ues progenitors\/es, justificar la seva gu\u00e0rdia i cust\u00f2dia).<\/span><\/li>\n<\/ul>\n<ul style=\"text-align: justify;\">\n<li><span style=\"color: #000000;\">No tenir cap deute pendent amb l\u2019Ajuntament, la Tresoreria General de la Seguretat Social i l\u2019Ag\u00e8ncia Tribut\u00e0ria estatal i auton\u00f2mica.<\/span><\/li>\n<\/ul>\n<p style=\"text-align: justify;\"><span style=\"color: #000000;\">Podeu consultar les bases completes de la subvenci\u00f3 al seg\u00fcent enlla\u00e7:<\/span> <a href=\"https:\/\/www.diputaciodetarragona.cat\/ebop\/index.php?op=dwn&amp;tipus=i&amp;data=20200214&amp;anyp=2020&amp;num=01069&amp;v=i\">https:\/\/www.diputaciodetarragona.cat\/ebop\/index.php?op=dwn&amp;tipus=i&amp;data=20200214&amp;anyp=2020&amp;num=01069&amp;v=i<\/a><\/p>\n<hr \/>\n<p style=\"text-align: justify;\"><span style=\"color: #000000;\"><strong>CASTELLANO |<\/strong> Se abre la convocatoria para pedir ayudas para el transporte escolar intramunicipal del Consell Comarcal del Baix Pened\u00e8s para el curso 2019-2020. Las solicitudes se pueden <u>presentar hasta el s\u00e1bado 29 de febrero de 2020.<\/u><\/span><\/p>\n<p style=\"text-align: justify;\"><span style=\"color: #000000;\">La Junta de Gobierno aprob\u00f3, el 27 de enero de 2020, la convocatoria para las subvenciones para el transporte escolar intramunicipal con el objetivo de fomentar el uso del transporte escolar y ayudar a las familias a hacer frente a los gastos derivados de este servicio. En total, se destinar\u00e1n un total de 5.000\u20ac del presupuesto municipal a subvencionar una parte de este gasto.<\/span><\/p>\n<p style=\"text-align: justify;\"><span style=\"color: #000000;\">Las familias abonan los recibos del transporte escolar intramunicpal al Consell Comarcal del Baix Pened\u00e8s, ya que es quien realiza el transporte escolar en el municipio con dos l\u00edneas de transporte. Se trata de un transporte que est\u00e1 subvencionado por la Generalitat de Catalunya y el precio para los usuarios es de:<\/span><\/p>\n<ul style=\"text-align: justify;\">\n<li><span style=\"color: #000000;\">30\u20ac\/mes por 1 alumno<\/span><\/li>\n<li><span style=\"color: #000000;\">50\u20ac\/mes por 1 alumno + 1 hermano<\/span><\/li>\n<li><span style=\"color: #000000;\">60\u20ac\/mes por 1 alumno + 2 hermanos<\/span><\/li>\n<\/ul>\n<p style=\"text-align: justify;\"><span style=\"color: #000000;\">El Ayuntamiento de la Bisbal del Pened\u00e8s subvencionar\u00e1 un 30% del recibo \u2013 a efectos generales- y un 50% en los casos en que las familias presenten un informe de vulnerabilidad redactado por servicios sociales. As\u00ed, los importes a abonar a los beneficiarios, por parte del Ayuntamiento de la Bisbal del Pened\u00e8s, ser\u00e1n los siguientes:<\/span><\/p>\n<p style=\"text-align: justify; padding-left: 30px;\"><span style=\"color: #000000;\">1 alumno: 9\u20ac\/mes (En el caso que presente informe de vulnerabilidad de servicios sociales, la subvenci\u00f3n es de 15\u20ac\/mes).<\/span><\/p>\n<p style=\"text-align: justify; padding-left: 30px;\"><span style=\"color: #000000;\">1 alumno + 1 hermano: 15\u20ac\/mes (En el caso que presenten informe de vulnerabilidad de servicios sociales, la subvenci\u00f3n es de 25\u20ac\/mes)<\/span><\/p>\n<p style=\"text-align: justify; padding-left: 30px;\"><span style=\"color: #000000;\">1 alumno + 2 hermanos: 16\u20ac\/mes (En el caso que presenten informe de vulnerabilidad de servicios sociales, la subvenci\u00f3n es de 30\u20ac\/mes)<\/span><\/p>\n<p style=\"text-align: justify;\"><span style=\"color: #000000;\">Para ser beneficiario\/a de estas subvenciones, hay que reunir los siguientes requisitos:<\/span><\/p>\n<ul>\n<li style=\"text-align: justify; padding-left: 30px;\"><span style=\"color: #000000;\">Ser el padre\/la madre\/ o el\/la tutor\/a legal de un\/a alumno\/a de la Escuela Ull de Vent<\/span><\/li>\n<li style=\"text-align: justify; padding-left: 30px;\"><span style=\"color: #000000;\">Hacer uso del transporte escolar organizado por el Consell Comarcal del Baix Pened\u00e8s para ir a la Escola Ull de Vent<\/span><\/li>\n<li style=\"text-align: justify; padding-left: 30px;\"><span style=\"color: #000000;\">Estar empadronados en La Bisbal del Pened\u00e8s el\/la alumno\/a y sus progenitore\/as o representantes legales (en caso que solo conste empadronado el\/la alumno\/a y un\/a de sus dos progenitores\/as, justificar su guardia y custodia).<\/span><\/li>\n<li style=\"text-align: justify; padding-left: 30px;\"><span style=\"color: #000000;\">No tener ninguna deuda pendiente con el Ayuntamiento, la Tesorer\u00eda General de la Seguridad Social y\u00a0 la Agencia Tributaria estatal y auton\u00f3mica.<\/span><\/li>\n<\/ul>\n<p style=\"text-align: justify;\"><span style=\"color: #000000;\">Pod\u00e9is consultar las bases completas de la subvenci\u00f3n en el siguiente enlace:<\/span> <a href=\"https:\/\/www.diputaciodetarragona.cat\/ebop\/index.php?op=dwn&amp;tipus=i&amp;data=20200214&amp;anyp=2020&amp;num=01069&amp;v=i\">https:\/\/www.diputaciodetarragona.cat\/ebop\/index.php?op=dwn&amp;tipus=i&amp;data=20200214&amp;anyp=2020&amp;num=01069&amp;v=i<\/a><\/p>\n<p>&nbsp;<\/p>\n<p>&nbsp;<\/p>\n<p>&nbsp;<\/p>\n","protected":false},"excerpt":{"rendered":"<p>S\u2019obre la convocat\u00f2ria per demanar ajuts per al transport escolar intramunicipal del Consell Comarcal del Baix Pened\u00e8s per al curs 2019-2020. Les sol\u00b7licituds es poden presentar fins al dissabte 29 &hellip; <a href=\"https:\/\/bisbalpenedes.com\/web\/2020\/02\/17\/ja-es-poden-demanar-les-subvencions-per-al-transport-escolar-intramunicipal-del-consell-comarcal-del-baix-penedes-del-curs-2019-2020\/\" class=\"more-link\">Read More<\/a><\/p>\n","protected":false},"author":4,"featured_media":6391,"comment_status":"closed","ping_status":"closed","sticky":false,"template":"","format":"standard","meta":[],"categories":[2397],"tags":[1056,99,356,3521],"_links":{"self":[{"href":"https:\/\/bisbalpenedes.com\/web\/wp-json\/wp\/v2\/posts\/11946"}],"collection":[{"href":"https:\/\/bisbalpenedes.com\/web\/wp-json\/wp\/v2\/posts"}],"about":[{"href":"https:\/\/bisbalpenedes.com\/web\/wp-json\/wp\/v2\/types\/post"}],"author":[{"embeddable":true,"href":"https:\/\/bisbalpenedes.com\/web\/wp-json\/wp\/v2\/users\/4"}],"replies":[{"embeddable":true,"href":"https:\/\/bisbalpenedes.com\/web\/wp-json\/wp\/v2\/comments?post=11946"}],"version-history":[{"count":3,"href":"https:\/\/bisbalpenedes.com\/web\/wp-json\/wp\/v2\/posts\/11946\/revisions"}],"predecessor-version":[{"id":11949,"href":"https:\/\/bisbalpenedes.com\/web\/wp-json\/wp\/v2\/posts\/11946\/revisions\/11949"}],"wp:featuredmedia":[{"embeddable":true,"href":"https:\/\/bisbalpenedes.com\/web\/wp-json\/wp\/v2\/media\/6391"}],"wp:attachment":[{"href":"https:\/\/bisbalpenedes.com\/web\/wp-json\/wp\/v2\/media?parent=11946"}],"wp:term":[{"taxonomy":"category","embeddable":true,"href":"https:\/\/bisbalpenedes.com\/web\/wp-json\/wp\/v2\/categories?post=11946"},{"taxonomy":"post_tag","embeddable":true,"href":"https:\/\/bisbalpenedes.com\/web\/wp-json\/wp\/v2\/tags?post=11946"}],"curies":[{"name":"wp","href":"https:\/\/api.w.org\/{rel}","templated":true}]}}