{"id":11938,"date":"2020-02-15T16:24:03","date_gmt":"2020-02-15T15:24:03","guid":{"rendered":"http:\/\/bisbalpenedes.com\/web\/?p=11938"},"modified":"2020-02-15T16:38:02","modified_gmt":"2020-02-15T15:38:02","slug":"el-mal-us-dels-contenidors-de-poda-el-paguem-entre-tots","status":"publish","type":"post","link":"https:\/\/bisbalpenedes.com\/web\/2020\/02\/15\/el-mal-us-dels-contenidors-de-poda-el-paguem-entre-tots\/","title":{"rendered":"El mal \u00fas dels contenidors de poda el paguem entre tots"},"content":{"rendered":"<p style=\"background: white; margin: 0cm 0cm 7.5pt; text-align: center;\"><a href=\"http:\/\/bisbalpenedes.com\/web\/wp-content\/uploads\/2020\/02\/CONTENIDOR-PODA-MAL-US-200214.jpg\"><img loading=\"lazy\" class=\"wp-image-11939 aligncenter\" src=\"http:\/\/bisbalpenedes.com\/web\/wp-content\/uploads\/2020\/02\/CONTENIDOR-PODA-MAL-US-200214-1024x768.jpg\" alt=\"CONTENIDOR PODA MAL US 200214\" width=\"424\" height=\"318\" srcset=\"https:\/\/bisbalpenedes.com\/web\/wp-content\/uploads\/2020\/02\/CONTENIDOR-PODA-MAL-US-200214-1024x768.jpg 1024w, https:\/\/bisbalpenedes.com\/web\/wp-content\/uploads\/2020\/02\/CONTENIDOR-PODA-MAL-US-200214-600x450.jpg 600w, https:\/\/bisbalpenedes.com\/web\/wp-content\/uploads\/2020\/02\/CONTENIDOR-PODA-MAL-US-200214-300x225.jpg 300w, https:\/\/bisbalpenedes.com\/web\/wp-content\/uploads\/2020\/02\/CONTENIDOR-PODA-MAL-US-200214-768x576.jpg 768w, https:\/\/bisbalpenedes.com\/web\/wp-content\/uploads\/2020\/02\/CONTENIDOR-PODA-MAL-US-200214.jpg 1599w\" sizes=\"(max-width: 424px) 100vw, 424px\" \/><\/a><\/p>\n<p style=\"text-align: justify; background: white; margin: 0cm 0cm 7.5pt 0cm;\"><span style=\"font-family: Helvetica, sans-serif; color: #000000;\">Aquest \u00e9s l\u2019estat que presenta avui un contenidor de poda de La Miralba. Recordem que en aquests contenidors nom\u00e9s s\u2019hi poden llen\u00e7ar restes de poda i que el seu mal \u00fas dificulta la gesti\u00f3 del servei, ja que fa que s\u2019hagin de mobilitzar altres serveis, amb el cost afegit que aix\u00f2 suposa a l\u2019hora de fer la recollida de la poda.<\/span><\/p>\n<p style=\"text-align: justify; background: white; margin: 0cm 0cm 7.5pt 0cm;\"><span style=\"font-family: Helvetica, sans-serif; color: #000000;\">Qui llen\u00e7a els residus en un contenidor que no toca i es desent\u00e9n del \u201cseu\u201d problema el fa recaure sobre alg\u00fa altre -en aquest cas l\u2019Ajuntament- que haur\u00e0 de resoldre aquest mal \u00fas dels contenidors mobilitzant m\u00e9s serveis, amb les conseq\u00fc\u00e8ncies ambientals i econ\u00f2miques corresponents.<\/span><\/p>\n<p style=\"text-align: justify; background: white; margin: 0cm 0cm 7.5pt 0cm;\"><span style=\"font-family: Helvetica, sans-serif; color: #000000;\">Una vegada m\u00e9s, preguem que feu un \u00fas c\u00edvic i responsable dels contenidors. Els voluminosos es poden dur al <a href=\"https:\/\/bisbalpenedes.com\/web\/2019\/06\/04\/sabeu-com-funciona-el-punt-verd\/\" target=\"_blank\">Punt Verd<\/a> qualsevol dia de la setmana i, a m\u00e9s, cada primer dilluns de mes es fa el servei de recollida de trastos i voluminosos per aquelles cases que han sol\u00b7licitat el servei, pr\u00e8viament, contactant amb l\u2019Ajuntament.<\/span><\/p>\n<p style=\"text-align: justify; background: white; margin: 0cm 0cm 7.5pt 0cm;\">L&#8217;Ajuntament procedir\u00e0 a fer la neteja del contenidor que ha motivat aquesta publicaci\u00f3 en els pr\u00f2xims dies.<\/p>\n<hr \/>\n<p style=\"text-align: justify; background: white; margin: 0cm 0cm 7.5pt 0cm;\"><span style=\"color: #000000;\"><b><span style=\"font-family: Helvetica, sans-serif;\">CASTELLANO |<\/span><\/b><span style=\"font-family: Helvetica, sans-serif;\"> Este es el estado que presenta hoy un contenedor de poda de La Miralba. Recordamos que en estos contenedores solo se pueden tirar restos de poda y que su mal uso dificulta la gesti\u00f3n del servicio, ya que hace que se tengan que movilizar otros servicios, con el coste a\u00f1adido que esto supone a la hora de hacer la recogida de poda.<\/span><\/span><\/p>\n<p style=\"text-align: justify; background: white; margin: 0cm 0cm 7.5pt 0cm;\"><span style=\"font-family: Helvetica, sans-serif; color: #000000;\">Qui\u00e9n tira estos residuos en un contenedor que no toca y se desentiende de \u201csu\u201d problema lo hace recaer sobre otro -en este caso el Ayuntamiento- que deber\u00e1 resolver este mal uso de los contenedores movilizando m\u00e1s servicios, con las consecuencias ambientales y econ\u00f3micas correspondientes.<\/span><\/p>\n<p style=\"text-align: justify; background: white; margin: 0cm 0cm 7.5pt 0cm;\"><span style=\"font-family: Helvetica, sans-serif; color: #000000;\">Una vez m\u00e1s, rogamos que hag\u00e1is un uso c\u00edvico y responsable de los contenedores. Los voluminosos se pueden llevar al <a href=\"https:\/\/bisbalpenedes.com\/web\/2019\/06\/04\/sabeu-com-funciona-el-punt-verd\/\" target=\"_blank\">Punt Verd<\/a> cualquier d\u00eda de la semana y, adem\u00e1s, cada primer lunes de mes se hace el servicio de recogida de trastos y voluminosos por aquellas casas que hayan solicitado el servicio, previamente, contactando con el Ayuntamiento.<\/span><\/p>\n<p style=\"text-align: justify; background: white; margin: 0cm 0cm 7.5pt 0cm;\">El Ayuntamiento proceder\u00e1 a hacer la limpieza de el contenedor que ha motivado esta publicaci\u00f3n en los pr\u00f3ximos d\u00edas.<\/p>\n<p style=\"text-align: justify; background: white; margin: 0cm 0cm 7.5pt 0cm;\"><a href=\"http:\/\/bisbalpenedes.com\/web\/wp-content\/uploads\/2018\/01\/Trastos-Vells-Recollida.jpg\"><img loading=\"lazy\" class=\"aligncenter size-large wp-image-4417\" src=\"http:\/\/bisbalpenedes.com\/web\/wp-content\/uploads\/2018\/01\/Trastos-Vells-Recollida-498x1024.jpg\" alt=\"Trastos-Vells-Recollida\" width=\"498\" height=\"1024\" srcset=\"https:\/\/bisbalpenedes.com\/web\/wp-content\/uploads\/2018\/01\/Trastos-Vells-Recollida-498x1024.jpg 498w, https:\/\/bisbalpenedes.com\/web\/wp-content\/uploads\/2018\/01\/Trastos-Vells-Recollida-600x1234.jpg 600w, https:\/\/bisbalpenedes.com\/web\/wp-content\/uploads\/2018\/01\/Trastos-Vells-Recollida-146x300.jpg 146w, https:\/\/bisbalpenedes.com\/web\/wp-content\/uploads\/2018\/01\/Trastos-Vells-Recollida-768x1580.jpg 768w, https:\/\/bisbalpenedes.com\/web\/wp-content\/uploads\/2018\/01\/Trastos-Vells-Recollida.jpg 1240w\" sizes=\"(max-width: 498px) 100vw, 498px\" \/><\/a><\/p>\n<p style=\"text-align: justify; background: white; margin: 0cm 0cm 7.5pt 0cm;\">\n","protected":false},"excerpt":{"rendered":"<p>Aquest \u00e9s l\u2019estat que presenta avui un contenidor de poda de La Miralba. Recordem que en aquests contenidors nom\u00e9s s\u2019hi poden llen\u00e7ar restes de poda i que el seu mal &hellip; <a href=\"https:\/\/bisbalpenedes.com\/web\/2020\/02\/15\/el-mal-us-dels-contenidors-de-poda-el-paguem-entre-tots\/\" class=\"more-link\">Read More<\/a><\/p>\n","protected":false},"author":4,"featured_media":11939,"comment_status":"closed","ping_status":"closed","sticky":false,"template":"","format":"standard","meta":[],"categories":[3215],"tags":[625,1479,2629,92],"_links":{"self":[{"href":"https:\/\/bisbalpenedes.com\/web\/wp-json\/wp\/v2\/posts\/11938"}],"collection":[{"href":"https:\/\/bisbalpenedes.com\/web\/wp-json\/wp\/v2\/posts"}],"about":[{"href":"https:\/\/bisbalpenedes.com\/web\/wp-json\/wp\/v2\/types\/post"}],"author":[{"embeddable":true,"href":"https:\/\/bisbalpenedes.com\/web\/wp-json\/wp\/v2\/users\/4"}],"replies":[{"embeddable":true,"href":"https:\/\/bisbalpenedes.com\/web\/wp-json\/wp\/v2\/comments?post=11938"}],"version-history":[{"count":6,"href":"https:\/\/bisbalpenedes.com\/web\/wp-json\/wp\/v2\/posts\/11938\/revisions"}],"predecessor-version":[{"id":11945,"href":"https:\/\/bisbalpenedes.com\/web\/wp-json\/wp\/v2\/posts\/11938\/revisions\/11945"}],"wp:featuredmedia":[{"embeddable":true,"href":"https:\/\/bisbalpenedes.com\/web\/wp-json\/wp\/v2\/media\/11939"}],"wp:attachment":[{"href":"https:\/\/bisbalpenedes.com\/web\/wp-json\/wp\/v2\/media?parent=11938"}],"wp:term":[{"taxonomy":"category","embeddable":true,"href":"https:\/\/bisbalpenedes.com\/web\/wp-json\/wp\/v2\/categories?post=11938"},{"taxonomy":"post_tag","embeddable":true,"href":"https:\/\/bisbalpenedes.com\/web\/wp-json\/wp\/v2\/tags?post=11938"}],"curies":[{"name":"wp","href":"https:\/\/api.w.org\/{rel}","templated":true}]}}