{"id":11935,"date":"2020-02-14T15:34:18","date_gmt":"2020-02-14T14:34:18","guid":{"rendered":"http:\/\/bisbalpenedes.com\/web\/?p=11935"},"modified":"2020-02-19T11:24:58","modified_gmt":"2020-02-19T10:24:58","slug":"la-regidoria-de-cultura-engega-un-cicle-de-xerrades-participatives-dedicat-a-les-relacions-amb-els-fills-adolescents","status":"publish","type":"post","link":"https:\/\/bisbalpenedes.com\/web\/2020\/02\/14\/la-regidoria-de-cultura-engega-un-cicle-de-xerrades-participatives-dedicat-a-les-relacions-amb-els-fills-adolescents\/","title":{"rendered":"La Regidoria de Cultura engega un cicle de xerrades participatives dedicat a les relacions amb els fills adolescents"},"content":{"rendered":"<p style=\"text-align: justify;\"><span style=\"color: #000000;\">Sovint, els pares, les mares o els tutors legals experimenten dificultats a l\u2019hora de gestionar les relacions amb els fills adolescents i senten certa impot\u00e8ncia quan han de fer front als conflictes que es poden generar amb els joves. No sempre \u00e9s f\u00e0cil deduir quina \u00e9s la millor manera de comunicar-se o negociar amb els fills o quina \u00e9s la forma m\u00e9s efectiva de resoldre una situaci\u00f3 de crisi. A m\u00e9s, s\u2019hi poden afegir altres dificultats en marcs com el de la vida professional, les obligacions di\u00e0ries, la salut, la llar o la resta de la fam\u00edlia que poden suposar una disminuci\u00f3 del temps disponible per dedicar als nostres fills o un descens de la concentraci\u00f3 necess\u00e0ria per poder tenir la claredat mental suficient per encarar la situaci\u00f3.<\/span><\/p>\n<p style=\"text-align: justify;\"><span style=\"color: #000000;\">La Regidoria de Cultura us proposa un cicle de xerrades participatives amb l\u2019objectiu de donar eines als pares, mares i tutors per millorar la qualitat de les relacions familiars, reduir els conflictes, enfortir els vincles amb els fills i tenir cura de la salut emocional dels adolescents. El cicle estar\u00e0 format per cinc xerrades que es faran <strong>tots els dimarts del mes de mar\u00e7, a les 19h,<\/strong> i els temes de les sessions seran els seg\u00fcents:<\/span><\/p>\n<ul style=\"text-align: justify;\">\n<li><span style=\"color: #000000;\">Com \u00e9s el meu fill o filla. Empatia i acceptaci\u00f3.<\/span><\/li>\n<li><span style=\"color: #000000;\">Respectar per entendre. Escolta activa.<\/span><\/li>\n<li><span style=\"color: #000000;\">Motivaci\u00f3 i vincle afectiu. El meu rol com a pare o mare.<\/span><\/li>\n<li><span style=\"color: #000000;\">Negociaci\u00f3 i resoluci\u00f3 de conflictes, oportunitats i dificultats.<\/span><\/li>\n<li><span style=\"color: #000000;\">Transmissi\u00f3 de valors.<\/span><\/li>\n<\/ul>\n<p style=\"text-align: justify;\"><span style=\"color: #000000;\">Les sessions tindran una durada de dues hores i seran participatives i din\u00e0miques. Els objectius d\u2019aquest cicle de xerrades passen per:<\/span><\/p>\n<p style=\"padding-left: 30px; text-align: justify;\"><span style=\"color: #000000;\">-Millorar la qualitat de les relacions familiars<\/span><\/p>\n<p style=\"padding-left: 30px; text-align: justify;\"><span style=\"color: #000000;\">-Fomentar el desenvolupament emocional saludable dels joves<\/span><\/p>\n<p style=\"padding-left: 30px; text-align: justify;\"><span style=\"color: #000000;\">-Tenir cura de la salut emocional<\/span><\/p>\n<p style=\"padding-left: 30px; text-align: justify;\"><span style=\"color: #000000;\">-Millorar la comunicaci\u00f3 i la conviv\u00e8ncia entre els membres de la fam\u00edlia<\/span><\/p>\n<p style=\"padding-left: 30px; text-align: justify;\"><span style=\"color: #000000;\">-Disminuir la freq\u00fc\u00e8ncia i intensitat dels conflictes<\/span><\/p>\n<p style=\"padding-left: 30px; text-align: justify;\"><span style=\"color: #000000;\">-Fer m\u00e9s forts els vincles entre pares, mares o tutors i fills<\/span><\/p>\n<p style=\"padding-left: 30px; text-align: justify;\"><span style=\"color: #000000;\">-Capacitar els pares, mares o tutors per resoldre conflictes, establir normes, l\u00edmits&#8230;<\/span><\/p>\n<p style=\"padding-left: 30px; text-align: justify;\"><span style=\"color: #000000;\">-Possibilitar l\u2019intercanvi d\u2019experi\u00e8ncies amb altres pares, mares o tutors<\/span><\/p>\n<p style=\"text-align: justify;\"><span style=\"color: #000000;\">L\u2019aforament \u00e9s limitat. El preu per participar en les cinc xerrades participatives ser\u00e0 de 15\u20ac (preu \u00fanic) i les inscripcions\u00a0es poden fer fins al dilluns 24 de febrer.<\/span><\/p>\n<p style=\"text-align: center;\"><a href=\"http:\/\/bisbalpenedes.com\/web\/wp-content\/uploads\/2020\/02\/taller_adolescents_2020_C..jpg\"><img loading=\"lazy\" class=\"alignnone size-large wp-image-11936\" src=\"http:\/\/bisbalpenedes.com\/web\/wp-content\/uploads\/2020\/02\/taller_adolescents_2020_C.-724x1024.jpg\" alt=\"taller_adolescents_2020_C.\" width=\"630\" height=\"891\" srcset=\"https:\/\/bisbalpenedes.com\/web\/wp-content\/uploads\/2020\/02\/taller_adolescents_2020_C.-724x1024.jpg 724w, https:\/\/bisbalpenedes.com\/web\/wp-content\/uploads\/2020\/02\/taller_adolescents_2020_C.-600x849.jpg 600w, https:\/\/bisbalpenedes.com\/web\/wp-content\/uploads\/2020\/02\/taller_adolescents_2020_C.-212x300.jpg 212w, https:\/\/bisbalpenedes.com\/web\/wp-content\/uploads\/2020\/02\/taller_adolescents_2020_C.-768x1087.jpg 768w, https:\/\/bisbalpenedes.com\/web\/wp-content\/uploads\/2020\/02\/taller_adolescents_2020_C..jpg 1753w\" sizes=\"(max-width: 630px) 100vw, 630px\" \/><\/a><\/p>\n<hr \/>\n<p style=\"text-align: justify;\"><span style=\"color: #000000;\"><strong>CASTELLANO\u00a0 \u00a0<\/strong><\/span><span style=\"color: #000000;\">A menudo, los padres, las madres o los tutores legales experimentan dificultades a la hora de gestionar las relaciones con los hijos adolescentes y sienten cierta impotencia cuando tienen que \u00a0hacer frente a los conflictos que se pueden generar con los j\u00f3venes. No siempre es f\u00e1cil deducir cu\u00e1l es la mejor manera de comunicarse o negociar con los hijos o cu\u00e1l es la forma m\u00e1s efectiva de resolver una situaci\u00f3n de crisis. Adem\u00e1s, se pueden a\u00f1adir otras dificultades en marcos como el de la vida profesional, las obligaciones diarias, la salud, el hogar o el resto de la familia que pueden suponer una disminuci\u00f3n del tiempo disponible que tenemos para dedicarles a nuestros hijos o un descenso de la concentraci\u00f3n necesaria para poder tener la claridad mental suficiente para encarar la situaci\u00f3n.<\/span><\/p>\n<p style=\"text-align: justify;\"><span style=\"color: #000000;\">La Concejal\u00eda de Cultura os propone un ciclo de charlas participativas con el objetivo de dar herramientas a los padres, madres y tutores para mejorar la calidad de sus relaciones familiares, reducir los conflictos, fortalecer los v\u00ednculos con los hijos y cuidar la salud emocional de los adolescentes. El ciclo estar\u00e1 formado por cinco charlas que se har\u00e1n <strong>todos los martes del mes de marzo, a las 19h<\/strong>, y los temas de las sesiones ser\u00e1n los siguientes.<\/span><\/p>\n<ul style=\"text-align: justify;\">\n<li><span style=\"color: #000000;\">C\u00f3mo es mi hijo o hija. Empat\u00eda y aceptaci\u00f3n.<\/span><\/li>\n<li><span style=\"color: #000000;\">Respetar para entender. Escucha activa.<\/span><\/li>\n<li><span style=\"color: #000000;\">Motivaci\u00f3n y v\u00ednculo afectivo. Mi rol como padre o madre.<\/span><\/li>\n<li><span style=\"color: #000000;\">Negociaci\u00f3n y resoluci\u00f3n de conflictos, oportunidades y dificultades. Transmisi\u00f3n de valores.<\/span><\/li>\n<\/ul>\n<p style=\"text-align: justify;\"><span style=\"color: #000000;\">Las sesiones tendr\u00e1n una duraci\u00f3n de dos horas y ser\u00e1n participativas y din\u00e1micas. Los objetivos de este ciclo de charlas pasan por:<\/span><\/p>\n<p style=\"padding-left: 30px; text-align: justify;\"><span style=\"color: #000000;\">-Mejorar la calidad de las relaciones familiares.<\/span><\/p>\n<p style=\"padding-left: 30px; text-align: justify;\"><span style=\"color: #000000;\">-Fomentar el desarrollo emocional saludable de los j\u00f3venes<\/span><\/p>\n<p style=\"padding-left: 30px; text-align: justify;\"><span style=\"color: #000000;\">-Cuidar la salud emocional de los adolescentes<\/span><\/p>\n<p style=\"padding-left: 30px; text-align: justify;\"><span style=\"color: #000000;\">-Mejorar la comunicaci\u00f3n y la convivencia entre los miembros de la familia<\/span><\/p>\n<p style=\"padding-left: 30px; text-align: justify;\"><span style=\"color: #000000;\">-Disminuir la frecuencia e intensidad de los conflictos<\/span><\/p>\n<p style=\"padding-left: 30px; text-align: justify;\"><span style=\"color: #000000;\">-Hacer m\u00e1s fuertes los v\u00ednculos entre padres, madres o tutores e hijos<\/span><\/p>\n<p style=\"padding-left: 30px; text-align: justify;\"><span style=\"color: #000000;\">-Capacitar a los padres, madres o tutores para resolver conflictos, establecer normas, l\u00edmites&#8230;<\/span><\/p>\n<p style=\"padding-left: 30px; text-align: justify;\"><span style=\"color: #000000;\">-Posibilitar el intercambio de experiencias con otros padres y madres<\/span><\/p>\n<p style=\"text-align: justify;\"><span style=\"color: #000000;\">El aforo es limitado. El precio para participar en las cinco charlas participativas ser\u00e1 de 15\u20ac (precio \u00fanico) y las inscripciones\u00a0se pueden hacer hasta el lunes 24 de febrero.<\/span><\/p>\n","protected":false},"excerpt":{"rendered":"<p>Sovint, els pares, les mares o els tutors legals experimenten dificultats a l\u2019hora de gestionar les relacions amb els fills adolescents i senten certa impot\u00e8ncia quan han de fer front &hellip; <a href=\"https:\/\/bisbalpenedes.com\/web\/2020\/02\/14\/la-regidoria-de-cultura-engega-un-cicle-de-xerrades-participatives-dedicat-a-les-relacions-amb-els-fills-adolescents\/\" class=\"more-link\">Read More<\/a><\/p>\n","protected":false},"author":4,"featured_media":11936,"comment_status":"closed","ping_status":"closed","sticky":false,"template":"","format":"standard","meta":[],"categories":[13],"tags":[2399,274,3518,3519,3520,1218],"_links":{"self":[{"href":"https:\/\/bisbalpenedes.com\/web\/wp-json\/wp\/v2\/posts\/11935"}],"collection":[{"href":"https:\/\/bisbalpenedes.com\/web\/wp-json\/wp\/v2\/posts"}],"about":[{"href":"https:\/\/bisbalpenedes.com\/web\/wp-json\/wp\/v2\/types\/post"}],"author":[{"embeddable":true,"href":"https:\/\/bisbalpenedes.com\/web\/wp-json\/wp\/v2\/users\/4"}],"replies":[{"embeddable":true,"href":"https:\/\/bisbalpenedes.com\/web\/wp-json\/wp\/v2\/comments?post=11935"}],"version-history":[{"count":2,"href":"https:\/\/bisbalpenedes.com\/web\/wp-json\/wp\/v2\/posts\/11935\/revisions"}],"predecessor-version":[{"id":11993,"href":"https:\/\/bisbalpenedes.com\/web\/wp-json\/wp\/v2\/posts\/11935\/revisions\/11993"}],"wp:featuredmedia":[{"embeddable":true,"href":"https:\/\/bisbalpenedes.com\/web\/wp-json\/wp\/v2\/media\/11936"}],"wp:attachment":[{"href":"https:\/\/bisbalpenedes.com\/web\/wp-json\/wp\/v2\/media?parent=11935"}],"wp:term":[{"taxonomy":"category","embeddable":true,"href":"https:\/\/bisbalpenedes.com\/web\/wp-json\/wp\/v2\/categories?post=11935"},{"taxonomy":"post_tag","embeddable":true,"href":"https:\/\/bisbalpenedes.com\/web\/wp-json\/wp\/v2\/tags?post=11935"}],"curies":[{"name":"wp","href":"https:\/\/api.w.org\/{rel}","templated":true}]}}