{"id":11932,"date":"2020-02-14T15:17:46","date_gmt":"2020-02-14T14:17:46","guid":{"rendered":"http:\/\/bisbalpenedes.com\/web\/?p=11932"},"modified":"2020-02-14T15:17:46","modified_gmt":"2020-02-14T14:17:46","slug":"la-x-cursa-social-de-la-penya-ciclista-baix-penedes-passara-per-la-bisbal-aquest-diumenge-16-de-febrer","status":"publish","type":"post","link":"https:\/\/bisbalpenedes.com\/web\/2020\/02\/14\/la-x-cursa-social-de-la-penya-ciclista-baix-penedes-passara-per-la-bisbal-aquest-diumenge-16-de-febrer\/","title":{"rendered":"La X Cursa Social de la Penya Ciclista Baix Pened\u00e8s passar\u00e0 per la Bisbal aquest diumenge 16 de febrer"},"content":{"rendered":"<p style=\"text-align: justify;\"><span style=\"color: #000000;\">La Regidoria d\u2019Esports informa que, aquest diumenge 16 de febrer, la Penya Ciclista Baix Pened\u00e8s dur\u00e0 a terme la X Cursa Social i que, aquesta, passar\u00e0 per la Bisbal del Pened\u00e8s a les 10:05h, aproximadament, en una primera volta i\u00a0cap a les les 10:40h en una segona. En ambd\u00f3s casos, el pas ser\u00e0 per l\u2019avinguda de la Generalitat i la T-240. Us animem a anar-hi a animar els ciclistes! En una tercera volta, a partir de les 11:00h, els ciclistes pujaran per la C-51z i passaran per la Miralba, Can Gordei i el Coll de Santa Cristina (Coll de la Rubiola).<\/span><\/p>\n<p style=\"text-align: justify;\"><span style=\"color: #000000;\">Per a m\u00e9s informaci\u00f3 sobre el recorregut, podeu accedir a l\u2019enlla\u00e7: <a style=\"color: #000000;\" href=\"https:\/\/penyaciclistabaixpenedes.com\/PDF\/Recorregut.pdf\">https:\/\/penyaciclistabaixpenedes.com\/PDF\/Recorregut.pdf<\/a><\/span><\/p>\n<p style=\"text-align: justify;\"><span style=\"color: #000000;\">Us recordem que, tal com hem anunciat en altres publicacions, durant el mat\u00ed, de 8 a 18h, el cam\u00ed del Gosch ser\u00e0 de doble sentit.<\/span><\/p>\n<p style=\"text-align: justify;\"><em><span style=\"color: #808080;\">*Per veure passar els ciclistes, recomanem el primer punt, el de les dues primeres voltes (avda. Diputaci\u00f3). Desaconsellem en tot cas que us pareu o us quedeu a la carretera per al pas de la tercera volta.<\/span><\/em><\/p>\n<hr \/>\n<p style=\"text-align: justify;\"><span style=\"color: #000000;\"><strong>CASTELLANO |<\/strong> La Concejal\u00eda de Deportes informa que, este domingo 16 de febrero, la Penya Ciclista Baix Pened\u00e8s llevar\u00e1 a cabo la X Cursa Social y que, esta, pasar\u00e1 por la Bisbal del Pened\u00e8s a las 10:15h, aproximadamente, en una primera vuelta y sobre las 10:45h en una segunda. En ambos casos, el paso ser\u00e1 por la avenida de la Generalitat y la T-240. \u00a1Os animamos a ir a animar a los ciclistas! En una tercera vuelta, a partir de las 11:00h, los ciclistas subir\u00e1n por la C-51z y pasar\u00e1n por la Miralba, Can Gordei y el Coll de Santa Cristina (Coll de la Rubiola).<\/span><\/p>\n<p style=\"text-align: justify;\"><span style=\"color: #000000;\">Para m\u00e1s informaci\u00f3n sobre el recorrido, pod\u00e9is acceder al enlace: <a style=\"color: #000000;\" href=\"https:\/\/penyaciclistabaixpenedes.com\/PDF\/Recorregut.pdf\">https:\/\/penyaciclistabaixpenedes.com\/PDF\/Recorregut.pdf<\/a><\/span><\/p>\n<p style=\"text-align: justify;\"><span style=\"color: #000000;\">Os recordamos que, tal como hemos anunciado en otras publicaciones, durante la ma\u00f1ana, de 8 a 18h, el camino del Gosch ser\u00e1 de doble sentido.<\/span><\/p>\n<p style=\"text-align: justify;\"><em><span style=\"color: #808080;\">* Para ver pasar los ciclistas, recomendamos el primer punto, el de las dos primeras vueltas (avda. Diputaci\u00f3). Desaconsejamos en todo caso que os par\u00e9is u os qued\u00e9is en la carretera para el paso de la tercera vuelta.<\/span><\/em><\/p>\n<p>&nbsp;<\/p>\n","protected":false},"excerpt":{"rendered":"<p>La Regidoria d\u2019Esports informa que, aquest diumenge 16 de febrer, la Penya Ciclista Baix Pened\u00e8s dur\u00e0 a terme la X Cursa Social i que, aquesta, passar\u00e0 per la Bisbal del &hellip; <a href=\"https:\/\/bisbalpenedes.com\/web\/2020\/02\/14\/la-x-cursa-social-de-la-penya-ciclista-baix-penedes-passara-per-la-bisbal-aquest-diumenge-16-de-febrer\/\" class=\"more-link\">Read More<\/a><\/p>\n","protected":false},"author":4,"featured_media":11933,"comment_status":"closed","ping_status":"closed","sticky":false,"template":"","format":"standard","meta":[],"categories":[19],"tags":[459,2835,1299,3516,2535,3517],"_links":{"self":[{"href":"https:\/\/bisbalpenedes.com\/web\/wp-json\/wp\/v2\/posts\/11932"}],"collection":[{"href":"https:\/\/bisbalpenedes.com\/web\/wp-json\/wp\/v2\/posts"}],"about":[{"href":"https:\/\/bisbalpenedes.com\/web\/wp-json\/wp\/v2\/types\/post"}],"author":[{"embeddable":true,"href":"https:\/\/bisbalpenedes.com\/web\/wp-json\/wp\/v2\/users\/4"}],"replies":[{"embeddable":true,"href":"https:\/\/bisbalpenedes.com\/web\/wp-json\/wp\/v2\/comments?post=11932"}],"version-history":[{"count":1,"href":"https:\/\/bisbalpenedes.com\/web\/wp-json\/wp\/v2\/posts\/11932\/revisions"}],"predecessor-version":[{"id":11934,"href":"https:\/\/bisbalpenedes.com\/web\/wp-json\/wp\/v2\/posts\/11932\/revisions\/11934"}],"wp:featuredmedia":[{"embeddable":true,"href":"https:\/\/bisbalpenedes.com\/web\/wp-json\/wp\/v2\/media\/11933"}],"wp:attachment":[{"href":"https:\/\/bisbalpenedes.com\/web\/wp-json\/wp\/v2\/media?parent=11932"}],"wp:term":[{"taxonomy":"category","embeddable":true,"href":"https:\/\/bisbalpenedes.com\/web\/wp-json\/wp\/v2\/categories?post=11932"},{"taxonomy":"post_tag","embeddable":true,"href":"https:\/\/bisbalpenedes.com\/web\/wp-json\/wp\/v2\/tags?post=11932"}],"curies":[{"name":"wp","href":"https:\/\/api.w.org\/{rel}","templated":true}]}}