{"id":11928,"date":"2020-02-13T14:24:55","date_gmt":"2020-02-13T13:24:55","guid":{"rendered":"http:\/\/bisbalpenedes.com\/web\/?p=11928"},"modified":"2020-02-13T14:26:03","modified_gmt":"2020-02-13T13:26:03","slug":"saprova-la-licitacio-per-oferir-el-curs-de-capacitacio-en-el-manteniment-dinstallacions-delectricitat-lampisteria-calefaccio-i-climatitzacio-domestiques","status":"publish","type":"post","link":"https:\/\/bisbalpenedes.com\/web\/2020\/02\/13\/saprova-la-licitacio-per-oferir-el-curs-de-capacitacio-en-el-manteniment-dinstallacions-delectricitat-lampisteria-calefaccio-i-climatitzacio-domestiques\/","title":{"rendered":"S&#8217;aprova la licitaci\u00f3 per oferir el curs de capacitaci\u00f3 en el manteniment d&#8217;instal\u00b7lacions d&#8217;electricitat, lampisteria, calefacci\u00f3 i climatitzaci\u00f3 dom\u00e8stiques"},"content":{"rendered":"<p><span style=\"color: #000000;\">L&#8217;Ajuntament de la Bisbal del Pened\u00e8s ha aprovat els plecs de prescripcions t\u00e8cniques i de cl\u00e0usules administratives particulars que han de regir el contracte de serveis de formaci\u00f3 per a la realitzaci\u00f3 d&#8217;un curs de capacitaci\u00f3 en el manteniment d&#8217;instal\u00b7lacions d&#8217;electricitat, lampisteria, calefacci\u00f3 i climatitzaci\u00f3 dom\u00e8stiques, mitjan\u00e7ant decret d&#8217;alcaldia de l&#8217;11 de febrer de 2020. L&#8217;import de la licitaci\u00f3 \u00e9s de 17.400\u20ac i l&#8217;acci\u00f3 formativa es dur\u00e0 a terme una vegada s&#8217;hagi adjudicat el contracte.<\/span><\/p>\n<p style=\"text-align: justify;\"><span style=\"color: #000000;\">Les empreses interessades poden presentar les seves propostes fins al 27 de febrer a les 13:00h. El plec de cl\u00e0usules es pot descarregar en aquest enlla\u00e7: <a style=\"color: #000000;\" href=\"https:\/\/contractaciopublica.gencat.cat\/ecofin_pscp\/AppJava\/notice.pscp?reqCode=viewCn&amp;idDoc=59079508&amp;lawType=\">https:\/\/contractaciopublica.gencat.cat\/ecofin_pscp\/AppJava\/notice.pscp?reqCode=viewCn&amp;idDoc=59079508&amp;lawType=<\/a><\/span><\/p>\n<p style=\"text-align: justify;\"><span style=\"color: #000000;\">El maig de 2019, la Junta de govern va aprovar el conveni de col\u00b7laboraci\u00f3 amb el Consell Comarcal del Baix Pened\u00e8s i altres ajuntaments de la comarca per a l&#8217;execuci\u00f3 del programa innovador &#8220;Xarxa d&#8217;ocupaci\u00f3 del Baix Pened\u00e8s&#8221; i del pla d&#8217;acci\u00f3 &#8220;Coordinaci\u00f3 i impuls de l&#8217;oferta formativa del Baix Pened\u00e8s&#8221;. D&#8217;acord amb el projecte, l&#8217;Ajuntament de la Bisbal del Pened\u00e8s s&#8217;ha d&#8217;encarregar d&#8217;executar el subprojecte 3 de capacitaci\u00f3 especialitzada, consistent en la realitzaci\u00f3 d&#8217;accions de capacitaci\u00f3 per a persones, priorit\u00e0riament en situaci\u00f3 d&#8217;atur, d&#8217;entre 6 i 12 mesos de durada, emmarcades dins de sectors amb potencial d&#8217;ocupaci\u00f3 a la comarca, en concret, en el manteniment d&#8217;instal\u00b7lacions d&#8217;electricitat, lampisteria, calefacci\u00f3 i climatitzaci\u00f3 dom\u00e8stiques. Aquest curs ha de comen\u00e7ar abans del 30 de juny de 2020.<\/span><\/p>\n<hr \/>\n<p style=\"text-align: justify;\"><span style=\"color: #000000;\"><strong>CASTELLANO |<\/strong> El Ayuntamiento de la Bisbal del Pened\u00e8s ha aprobado los pliegos de prescripciones t\u00e9cnicas y de cl\u00e1usulas administrativas particulares que han de regir el contrato de servicios de formaci\u00f3n para la realizaci\u00f3n de un curso de capacitaci\u00f3n en el mantenimiento de instalaciones de electricidad, lampister\u00eda, calefacci\u00f3n y climatizaci\u00f3n dom\u00e9sticas, mediante decreto de alcald\u00eda del 11 de febrero de 2020. El importe de la licitaci\u00f3n es de 17.400\u20ac y la acci\u00f3n formativa se llevar\u00e1 a cabo una vez se haya adjudicado el contrato.<\/span><\/p>\n<p style=\"text-align: justify;\"><span style=\"color: #000000;\">Las empresas interesadas pueden presentar sus propuestas hasta el 27 de febrero a las 13:00h. El pliego de cl\u00e1usulas se puede descargar en este enlace: <a style=\"color: #000000;\" href=\"https:\/\/contractaciopublica.gencat.cat\/ecofin_pscp\/AppJava\/notice.pscp?reqCode=viewCn&amp;idDoc=59079508&amp;lawType=\">https:\/\/contractaciopublica.gencat.cat\/ecofin_pscp\/AppJava\/notice.pscp?reqCode=viewCn&amp;idDoc=59079508&amp;lawType=<\/a><\/span><\/p>\n<p style=\"text-align: justify;\"><span style=\"color: #000000;\">En mayo de 2019, la Junta de gobierno aprob\u00f3 el convenio de colaboraci\u00f3n con el Consell Comarcal del Baix Pened\u00e8s y otros ayuntamientos de la comarca para la ejecuci\u00f3n del programa innovador \u201cXarxa d\u2019ocupaci\u00f3 del Baix Pened\u00e8s\u201d y del plan de acci\u00f3n \u201cCoordinaci\u00f3n e impulso de la oferta formativa del Baix Pened\u00e8s\u201d. De acuerdo con el proyecto, el Ayuntamiento de la Bisbal del Pened\u00e8s se tiene que encargar de ejecutar el subproyecto 3 de capacitaci\u00f3n especializada, consistente en la realizaci\u00f3n de acciones de capacitaci\u00f3n para personas, prioritariamente en situaci\u00f3n de paro, de entre 6 y 12 meses de duraci\u00f3n, enmarcadas dentro de sectores con potencial de ocupaci\u00f3n en la comarca, en concreto, en el mantenimiento de instalaciones de electricidad, lampister\u00eda, calefacci\u00f3n y climatizaci\u00f3n dom\u00e9sticas. Este curso deber\u00e1 empezar antes del 30 de junio de 2020.<\/span><\/p>\n","protected":false},"excerpt":{"rendered":"<p>L&#8217;Ajuntament de la Bisbal del Pened\u00e8s ha aprovat els plecs de prescripcions t\u00e8cniques i de cl\u00e0usules administratives particulars que han de regir el contracte de serveis de formaci\u00f3 per a &hellip; <a href=\"https:\/\/bisbalpenedes.com\/web\/2020\/02\/13\/saprova-la-licitacio-per-oferir-el-curs-de-capacitacio-en-el-manteniment-dinstallacions-delectricitat-lampisteria-calefaccio-i-climatitzacio-domestiques\/\" class=\"more-link\">Read More<\/a><\/p>\n","protected":false},"author":4,"featured_media":10830,"comment_status":"closed","ping_status":"closed","sticky":false,"template":"","format":"standard","meta":[],"categories":[9],"tags":[2054,1543,442,3515,267,335],"_links":{"self":[{"href":"https:\/\/bisbalpenedes.com\/web\/wp-json\/wp\/v2\/posts\/11928"}],"collection":[{"href":"https:\/\/bisbalpenedes.com\/web\/wp-json\/wp\/v2\/posts"}],"about":[{"href":"https:\/\/bisbalpenedes.com\/web\/wp-json\/wp\/v2\/types\/post"}],"author":[{"embeddable":true,"href":"https:\/\/bisbalpenedes.com\/web\/wp-json\/wp\/v2\/users\/4"}],"replies":[{"embeddable":true,"href":"https:\/\/bisbalpenedes.com\/web\/wp-json\/wp\/v2\/comments?post=11928"}],"version-history":[{"count":2,"href":"https:\/\/bisbalpenedes.com\/web\/wp-json\/wp\/v2\/posts\/11928\/revisions"}],"predecessor-version":[{"id":11930,"href":"https:\/\/bisbalpenedes.com\/web\/wp-json\/wp\/v2\/posts\/11928\/revisions\/11930"}],"wp:featuredmedia":[{"embeddable":true,"href":"https:\/\/bisbalpenedes.com\/web\/wp-json\/wp\/v2\/media\/10830"}],"wp:attachment":[{"href":"https:\/\/bisbalpenedes.com\/web\/wp-json\/wp\/v2\/media?parent=11928"}],"wp:term":[{"taxonomy":"category","embeddable":true,"href":"https:\/\/bisbalpenedes.com\/web\/wp-json\/wp\/v2\/categories?post=11928"},{"taxonomy":"post_tag","embeddable":true,"href":"https:\/\/bisbalpenedes.com\/web\/wp-json\/wp\/v2\/tags?post=11928"}],"curies":[{"name":"wp","href":"https:\/\/api.w.org\/{rel}","templated":true}]}}