{"id":11924,"date":"2020-02-13T12:20:15","date_gmt":"2020-02-13T11:20:15","guid":{"rendered":"http:\/\/bisbalpenedes.com\/web\/?p=11924"},"modified":"2020-02-13T12:20:15","modified_gmt":"2020-02-13T11:20:15","slug":"angels-canellas-presentara-el-seu-llibre-adelante-a-pesar-de-todo-el-15-de-marc-a-les-12h-al-cmc","status":"publish","type":"post","link":"https:\/\/bisbalpenedes.com\/web\/2020\/02\/13\/angels-canellas-presentara-el-seu-llibre-adelante-a-pesar-de-todo-el-15-de-marc-a-les-12h-al-cmc\/","title":{"rendered":"\u00c0ngels Ca\u00f1ellas presentar\u00e0 el seu llibre &#8220;Adelante a pesar de todo&#8221; el 15 de mar\u00e7 a les 12h al CMC"},"content":{"rendered":"<p style=\"text-align: center;\"><a href=\"http:\/\/bisbalpenedes.com\/web\/wp-content\/uploads\/2018\/02\/ADELANTE-A-PESAR-DE-TODO-04.jpg\"><img loading=\"lazy\" class=\"alignnone size-medium wp-image-11915\" src=\"http:\/\/bisbalpenedes.com\/web\/wp-content\/uploads\/2018\/02\/ADELANTE-A-PESAR-DE-TODO-04-223x300.jpg\" alt=\"ADELANTE-A-PESAR-DE-TODO-04\" width=\"223\" height=\"300\" srcset=\"https:\/\/bisbalpenedes.com\/web\/wp-content\/uploads\/2018\/02\/ADELANTE-A-PESAR-DE-TODO-04-223x300.jpg 223w, https:\/\/bisbalpenedes.com\/web\/wp-content\/uploads\/2018\/02\/ADELANTE-A-PESAR-DE-TODO-04-600x805.jpg 600w, https:\/\/bisbalpenedes.com\/web\/wp-content\/uploads\/2018\/02\/ADELANTE-A-PESAR-DE-TODO-04-768x1031.jpg 768w, https:\/\/bisbalpenedes.com\/web\/wp-content\/uploads\/2018\/02\/ADELANTE-A-PESAR-DE-TODO-04-763x1024.jpg 763w, https:\/\/bisbalpenedes.com\/web\/wp-content\/uploads\/2018\/02\/ADELANTE-A-PESAR-DE-TODO-04.jpg 1615w\" sizes=\"(max-width: 223px) 100vw, 223px\" \/><\/a><\/p>\n<p style=\"text-align: justify;\"><span style=\"color: #000000;\">\u00c0ngels Ca\u00f1ellas Vidal presentar\u00e0 el seu llibre &#8220;Adelante a pesar de todo&#8221; el proper diumenge 15 de mar\u00e7, a les 12h, al Centre Municipal de Cultura (CMC) de la Bisbal del Pened\u00e8s.<\/span><\/p>\n<hr \/>\n<p style=\"text-align: justify;\"><span style=\"color: #000000;\"><strong>CASTELLANO |<\/strong> \u00c0ngels Ca\u00f1ellas Vidal presentar\u00e1 su libro &#8220;Adelante a pesar de todo&#8221; el pr\u00f3ximo domingo 15 de marzo, a las 12h, en el Centre Municipal de Cultura (CMC) de la Bisbal del Pened\u00e8s.\u00a0<\/span><\/p>\n<p><a href=\"http:\/\/bisbalpenedes.com\/web\/wp-content\/uploads\/2020\/02\/IMG_2099-e1581592554593.jpg\"><img loading=\"lazy\" class=\"alignnone size-full wp-image-11925\" src=\"http:\/\/bisbalpenedes.com\/web\/wp-content\/uploads\/2020\/02\/IMG_2099-e1581592554593.jpg\" alt=\"IMG_2099\" width=\"1292\" height=\"641\" srcset=\"https:\/\/bisbalpenedes.com\/web\/wp-content\/uploads\/2020\/02\/IMG_2099-e1581592554593.jpg 1292w, https:\/\/bisbalpenedes.com\/web\/wp-content\/uploads\/2020\/02\/IMG_2099-e1581592554593-600x298.jpg 600w, https:\/\/bisbalpenedes.com\/web\/wp-content\/uploads\/2020\/02\/IMG_2099-e1581592554593-300x149.jpg 300w, https:\/\/bisbalpenedes.com\/web\/wp-content\/uploads\/2020\/02\/IMG_2099-e1581592554593-768x381.jpg 768w, https:\/\/bisbalpenedes.com\/web\/wp-content\/uploads\/2020\/02\/IMG_2099-e1581592554593-1024x508.jpg 1024w\" sizes=\"(max-width: 1292px) 100vw, 1292px\" \/><\/a><\/p>\n","protected":false},"excerpt":{"rendered":"<p>\u00c0ngels Ca\u00f1ellas Vidal presentar\u00e0 el seu llibre &#8220;Adelante a pesar de todo&#8221; el proper diumenge 15 de mar\u00e7, a les 12h, al Centre Municipal de Cultura (CMC) de la Bisbal &hellip; <a href=\"https:\/\/bisbalpenedes.com\/web\/2020\/02\/13\/angels-canellas-presentara-el-seu-llibre-adelante-a-pesar-de-todo-el-15-de-marc-a-les-12h-al-cmc\/\" class=\"more-link\">Read More<\/a><\/p>\n","protected":false},"author":4,"featured_media":11915,"comment_status":"closed","ping_status":"closed","sticky":false,"template":"","format":"standard","meta":[],"categories":[13],"tags":[3511,3512,3513,47,3514],"_links":{"self":[{"href":"https:\/\/bisbalpenedes.com\/web\/wp-json\/wp\/v2\/posts\/11924"}],"collection":[{"href":"https:\/\/bisbalpenedes.com\/web\/wp-json\/wp\/v2\/posts"}],"about":[{"href":"https:\/\/bisbalpenedes.com\/web\/wp-json\/wp\/v2\/types\/post"}],"author":[{"embeddable":true,"href":"https:\/\/bisbalpenedes.com\/web\/wp-json\/wp\/v2\/users\/4"}],"replies":[{"embeddable":true,"href":"https:\/\/bisbalpenedes.com\/web\/wp-json\/wp\/v2\/comments?post=11924"}],"version-history":[{"count":2,"href":"https:\/\/bisbalpenedes.com\/web\/wp-json\/wp\/v2\/posts\/11924\/revisions"}],"predecessor-version":[{"id":11927,"href":"https:\/\/bisbalpenedes.com\/web\/wp-json\/wp\/v2\/posts\/11924\/revisions\/11927"}],"wp:featuredmedia":[{"embeddable":true,"href":"https:\/\/bisbalpenedes.com\/web\/wp-json\/wp\/v2\/media\/11915"}],"wp:attachment":[{"href":"https:\/\/bisbalpenedes.com\/web\/wp-json\/wp\/v2\/media?parent=11924"}],"wp:term":[{"taxonomy":"category","embeddable":true,"href":"https:\/\/bisbalpenedes.com\/web\/wp-json\/wp\/v2\/categories?post=11924"},{"taxonomy":"post_tag","embeddable":true,"href":"https:\/\/bisbalpenedes.com\/web\/wp-json\/wp\/v2\/tags?post=11924"}],"curies":[{"name":"wp","href":"https:\/\/api.w.org\/{rel}","templated":true}]}}