{"id":11917,"date":"2020-02-13T20:18:39","date_gmt":"2020-02-13T19:18:39","guid":{"rendered":"http:\/\/bisbalpenedes.com\/web\/?p=11917"},"modified":"2020-02-13T20:18:39","modified_gmt":"2020-02-13T19:18:39","slug":"senderistes-bisbalencs-van-fer-una-sortida-a-tivissa-i-sant-blai-el-passat-9-de-febrer","status":"publish","type":"post","link":"https:\/\/bisbalpenedes.com\/web\/2020\/02\/13\/senderistes-bisbalencs-van-fer-una-sortida-a-tivissa-i-sant-blai-el-passat-9-de-febrer\/","title":{"rendered":"Senderistes Bisbalencs van fer una sortida a Tivissa i Sant Blai el passat 9 de febrer"},"content":{"rendered":"<p style=\"text-align: center;\"><a href=\"http:\/\/bisbalpenedes.com\/web\/wp-content\/uploads\/2020\/02\/PHOTO-2020-02-11-13-18-27.jpg\"><img loading=\"lazy\" class=\"alignnone size-large wp-image-11918\" src=\"http:\/\/bisbalpenedes.com\/web\/wp-content\/uploads\/2020\/02\/PHOTO-2020-02-11-13-18-27-1024x768.jpg\" alt=\"senderistes tivissa\" width=\"630\" height=\"473\" srcset=\"https:\/\/bisbalpenedes.com\/web\/wp-content\/uploads\/2020\/02\/PHOTO-2020-02-11-13-18-27-1024x768.jpg 1024w, https:\/\/bisbalpenedes.com\/web\/wp-content\/uploads\/2020\/02\/PHOTO-2020-02-11-13-18-27-600x450.jpg 600w, https:\/\/bisbalpenedes.com\/web\/wp-content\/uploads\/2020\/02\/PHOTO-2020-02-11-13-18-27-300x225.jpg 300w, https:\/\/bisbalpenedes.com\/web\/wp-content\/uploads\/2020\/02\/PHOTO-2020-02-11-13-18-27-768x576.jpg 768w, https:\/\/bisbalpenedes.com\/web\/wp-content\/uploads\/2020\/02\/PHOTO-2020-02-11-13-18-27.jpg 1600w\" sizes=\"(max-width: 630px) 100vw, 630px\" \/><\/a><\/p>\n<p style=\"text-align: justify;\"><span style=\"color: #000000;\">Senderistes Bisbalencs van fer una sortida a Tivissa i Sant Blai, aprofitant la romeria de l\u2019ermita de Sant Blai, el passat diumenge 9 de febrer. Els senderistes participants van pujar per les coves de la Llena, la Punta Verdura, Tossa de Tivissa i les Fonts i l\u2019ermita de Sant Blai, fent un recorregut de 8km. Per dinar van poder degustar la caldereta de tros, que servien amb motiu de la festa del romiatge a l\u2019ermita de Sant Blai, que se celebra en commemoraci\u00f3 de la marxa del romiatge a peu que es feia antigament pel cam\u00ed de la ferradura amb la rel\u00edquia de Sant Blai.<\/span><\/p>\n<p style=\"text-align: justify;\"><span style=\"color: #000000;\">Des de Senderistes Bisbalencs volen aprofitar aquesta publicaci\u00f3 per agrair la bona acollida que van tenir per part de l\u2019organitzaci\u00f3.<\/span><\/p>\n<p style=\"text-align: center;\"><a href=\"http:\/\/bisbalpenedes.com\/web\/wp-content\/uploads\/2020\/02\/PHOTO-2020-02-11-13-13-45.jpg\"><img loading=\"lazy\" class=\"alignnone size-medium wp-image-11922\" src=\"http:\/\/bisbalpenedes.com\/web\/wp-content\/uploads\/2020\/02\/PHOTO-2020-02-11-13-13-45-225x300.jpg\" alt=\"PHOTO-2020-02-11-13-13-45\" width=\"225\" height=\"300\" srcset=\"https:\/\/bisbalpenedes.com\/web\/wp-content\/uploads\/2020\/02\/PHOTO-2020-02-11-13-13-45-225x300.jpg 225w, https:\/\/bisbalpenedes.com\/web\/wp-content\/uploads\/2020\/02\/PHOTO-2020-02-11-13-13-45-600x800.jpg 600w, https:\/\/bisbalpenedes.com\/web\/wp-content\/uploads\/2020\/02\/PHOTO-2020-02-11-13-13-45-768x1024.jpg 768w, https:\/\/bisbalpenedes.com\/web\/wp-content\/uploads\/2020\/02\/PHOTO-2020-02-11-13-13-45.jpg 1200w\" sizes=\"(max-width: 225px) 100vw, 225px\" \/><\/a><\/p>\n<hr \/>\n<p style=\"text-align: justify;\"><span style=\"color: #000000;\"><strong>CASTELLANO |<\/strong> Senderistes Bisbalencs hicieron una salida a Tivissa y Sant Blai, aprovechando la romer\u00eda de la ermita de Sant Blai, el pasado domingo 9 de febrero. Los senderistas participantes subieron por las cuevas de la Llena, la Punta de la Verdura, Tossa de Tivissa i les Fonts y la ermita de Sant Blai, haciendo un recorrido de 8km. Para comer, pudieron degustar la <em>caldereta de tros<\/em>, que serv\u00edan con motivo de la fiesta de la romer\u00eda de la ermita de Sant Blai, que se celebra en conmemoraci\u00f3n de la marcha de la romer\u00eda a pie que se hac\u00eda antiguamente por el camino de la <em>ferradura<\/em> con la reliquia de Sant Blai.<\/span><\/p>\n<p style=\"text-align: justify;\"><span style=\"color: #000000;\">Desde Senderistes Bisbalencs quieren aprovechar esta publicaci\u00f3n para agradecer la buena acogida que tuvieron por parte de la organizaci\u00f3n.<\/span><\/p>\n<div id='gallery-1' class='gallery galleryid-11917 gallery-columns-3 gallery-size-thumbnail'><figure class='gallery-item'>\n\t\t\t<div class='gallery-icon landscape'>\n\t\t\t\t<a href='https:\/\/bisbalpenedes.com\/web\/2020\/02\/13\/senderistes-bisbalencs-van-fer-una-sortida-a-tivissa-i-sant-blai-el-passat-9-de-febrer\/photo-2020-02-11-13-12-24\/'><img width=\"150\" height=\"150\" src=\"https:\/\/bisbalpenedes.com\/web\/wp-content\/uploads\/2020\/02\/PHOTO-2020-02-11-13-12-24-150x150.jpg\" class=\"attachment-thumbnail size-thumbnail\" alt=\"\" loading=\"lazy\" srcset=\"https:\/\/bisbalpenedes.com\/web\/wp-content\/uploads\/2020\/02\/PHOTO-2020-02-11-13-12-24-150x150.jpg 150w, https:\/\/bisbalpenedes.com\/web\/wp-content\/uploads\/2020\/02\/PHOTO-2020-02-11-13-12-24-300x300.jpg 300w, https:\/\/bisbalpenedes.com\/web\/wp-content\/uploads\/2020\/02\/PHOTO-2020-02-11-13-12-24-100x100.jpg 100w\" sizes=\"(max-width: 150px) 100vw, 150px\" \/><\/a>\n\t\t\t<\/div><\/figure><figure class='gallery-item'>\n\t\t\t<div class='gallery-icon landscape'>\n\t\t\t\t<a href='https:\/\/bisbalpenedes.com\/web\/2020\/02\/13\/senderistes-bisbalencs-van-fer-una-sortida-a-tivissa-i-sant-blai-el-passat-9-de-febrer\/photo-2020-02-11-13-15-15\/'><img width=\"150\" height=\"150\" src=\"https:\/\/bisbalpenedes.com\/web\/wp-content\/uploads\/2020\/02\/PHOTO-2020-02-11-13-15-15-150x150.jpg\" class=\"attachment-thumbnail size-thumbnail\" alt=\"\" loading=\"lazy\" srcset=\"https:\/\/bisbalpenedes.com\/web\/wp-content\/uploads\/2020\/02\/PHOTO-2020-02-11-13-15-15-150x150.jpg 150w, https:\/\/bisbalpenedes.com\/web\/wp-content\/uploads\/2020\/02\/PHOTO-2020-02-11-13-15-15-300x300.jpg 300w, https:\/\/bisbalpenedes.com\/web\/wp-content\/uploads\/2020\/02\/PHOTO-2020-02-11-13-15-15-100x100.jpg 100w\" sizes=\"(max-width: 150px) 100vw, 150px\" \/><\/a>\n\t\t\t<\/div><\/figure><figure class='gallery-item'>\n\t\t\t<div class='gallery-icon landscape'>\n\t\t\t\t<a href='https:\/\/bisbalpenedes.com\/web\/2020\/02\/13\/senderistes-bisbalencs-van-fer-una-sortida-a-tivissa-i-sant-blai-el-passat-9-de-febrer\/photo-2020-02-11-13-16-51\/'><img width=\"150\" height=\"150\" src=\"https:\/\/bisbalpenedes.com\/web\/wp-content\/uploads\/2020\/02\/PHOTO-2020-02-11-13-16-51-150x150.jpg\" class=\"attachment-thumbnail size-thumbnail\" alt=\"\" loading=\"lazy\" srcset=\"https:\/\/bisbalpenedes.com\/web\/wp-content\/uploads\/2020\/02\/PHOTO-2020-02-11-13-16-51-150x150.jpg 150w, https:\/\/bisbalpenedes.com\/web\/wp-content\/uploads\/2020\/02\/PHOTO-2020-02-11-13-16-51-300x300.jpg 300w, https:\/\/bisbalpenedes.com\/web\/wp-content\/uploads\/2020\/02\/PHOTO-2020-02-11-13-16-51-100x100.jpg 100w\" sizes=\"(max-width: 150px) 100vw, 150px\" \/><\/a>\n\t\t\t<\/div><\/figure>\n\t\t<\/div>\n\n","protected":false},"excerpt":{"rendered":"<p>Senderistes Bisbalencs van fer una sortida a Tivissa i Sant Blai, aprofitant la romeria de l\u2019ermita de Sant Blai, el passat diumenge 9 de febrer. Els senderistes participants van pujar &hellip; <a href=\"https:\/\/bisbalpenedes.com\/web\/2020\/02\/13\/senderistes-bisbalencs-van-fer-una-sortida-a-tivissa-i-sant-blai-el-passat-9-de-febrer\/\" class=\"more-link\">Read More<\/a><\/p>\n","protected":false},"author":4,"featured_media":11918,"comment_status":"closed","ping_status":"closed","sticky":false,"template":"","format":"standard","meta":[],"categories":[20],"tags":[3510,856,3509],"_links":{"self":[{"href":"https:\/\/bisbalpenedes.com\/web\/wp-json\/wp\/v2\/posts\/11917"}],"collection":[{"href":"https:\/\/bisbalpenedes.com\/web\/wp-json\/wp\/v2\/posts"}],"about":[{"href":"https:\/\/bisbalpenedes.com\/web\/wp-json\/wp\/v2\/types\/post"}],"author":[{"embeddable":true,"href":"https:\/\/bisbalpenedes.com\/web\/wp-json\/wp\/v2\/users\/4"}],"replies":[{"embeddable":true,"href":"https:\/\/bisbalpenedes.com\/web\/wp-json\/wp\/v2\/comments?post=11917"}],"version-history":[{"count":1,"href":"https:\/\/bisbalpenedes.com\/web\/wp-json\/wp\/v2\/posts\/11917\/revisions"}],"predecessor-version":[{"id":11923,"href":"https:\/\/bisbalpenedes.com\/web\/wp-json\/wp\/v2\/posts\/11917\/revisions\/11923"}],"wp:featuredmedia":[{"embeddable":true,"href":"https:\/\/bisbalpenedes.com\/web\/wp-json\/wp\/v2\/media\/11918"}],"wp:attachment":[{"href":"https:\/\/bisbalpenedes.com\/web\/wp-json\/wp\/v2\/media?parent=11917"}],"wp:term":[{"taxonomy":"category","embeddable":true,"href":"https:\/\/bisbalpenedes.com\/web\/wp-json\/wp\/v2\/categories?post=11917"},{"taxonomy":"post_tag","embeddable":true,"href":"https:\/\/bisbalpenedes.com\/web\/wp-json\/wp\/v2\/tags?post=11917"}],"curies":[{"name":"wp","href":"https:\/\/api.w.org\/{rel}","templated":true}]}}