{"id":11911,"date":"2020-02-13T10:12:18","date_gmt":"2020-02-13T09:12:18","guid":{"rendered":"http:\/\/bisbalpenedes.com\/web\/?p=11911"},"modified":"2020-02-13T10:12:50","modified_gmt":"2020-02-13T09:12:50","slug":"avis-de-canvis-en-la-circulacio-per-al-diumenge-16-de-febrer","status":"publish","type":"post","link":"https:\/\/bisbalpenedes.com\/web\/2020\/02\/13\/avis-de-canvis-en-la-circulacio-per-al-diumenge-16-de-febrer\/","title":{"rendered":"Av\u00eds de canvis en la circulaci\u00f3 previstos per al diumenge 16 de febrer"},"content":{"rendered":"<div class=\"\" data-block=\"true\" data-editor=\"8e4e0\" data-offset-key=\"bsgdm-0-0\">\n<div class=\"_1mf _1mj\" data-offset-key=\"bsgdm-0-0\"><span style=\"color: #000000;\" data-offset-key=\"bsgdm-0-0\"><span data-text=\"true\">Us fem saber que, amb motiu de la X Cursa Social Baix Pened\u00e8s (cursa ciclista), que transcorrer\u00e0 pel municipi el proper diumenge 16 de febrer, el Cam\u00ed del Gosch ser\u00e0 de doble sentit de circulaci\u00f3 entre les 8h i les 18h. Disculpeu les mol\u00e8sties.<\/span><\/span><\/div>\n<\/div>\n<div class=\"\" data-block=\"true\" data-editor=\"8e4e0\" data-offset-key=\"cvo1r-0-0\">\n<div class=\"_1mf _1mj\" data-offset-key=\"cvo1r-0-0\"><span style=\"color: #000000;\" data-offset-key=\"cvo1r-0-0\">\u00a0<\/span><\/div>\n<\/div>\n<div class=\"\" data-block=\"true\" data-editor=\"8e4e0\" data-offset-key=\"7662e-0-0\">\n<div class=\"_1mf _1mj\" data-offset-key=\"7662e-0-0\">\n<hr \/>\n<p><span style=\"color: #000000;\" data-offset-key=\"7662e-0-0\"><span data-text=\"true\"><br \/>\n<\/span><\/span><\/p>\n<\/div>\n<\/div>\n<div class=\"\" data-block=\"true\" data-editor=\"8e4e0\" data-offset-key=\"6tcb3-0-0\">\n<div class=\"_1mf _1mj\" data-offset-key=\"6tcb3-0-0\"><span style=\"color: #000000;\"><strong>CASTELLANO |<\/strong> Os hacemos saber que, con motivo de la X Cursa Social Baix Pened\u00e8s (carrera ciclista), que transcurrir\u00e1 por el municipio el pr\u00f3ximo domingo 16 de febrero, el Cam\u00ed del Gosch ser\u00e1 de doble sentido de circulaci\u00f3n entre las 8h y las 18h. Disculpad las molestias.<\/span><\/div>\n<\/div>\n<div class=\"\" data-block=\"true\" data-editor=\"8e4e0\" data-offset-key=\"1oomd-0-0\">\n<div class=\"_1mf _1mj\" data-offset-key=\"1oomd-0-0\"><span data-offset-key=\"1oomd-0-0\">\u00a0<\/span><\/div>\n<\/div>\n<div class=\"\" data-block=\"true\" data-editor=\"8e4e0\" data-offset-key=\"8vhpu-0-0\">\n<div class=\"_1mf _1mj\" style=\"text-align: center;\" data-offset-key=\"8vhpu-0-0\"><a href=\"http:\/\/bisbalpenedes.com\/web\/wp-content\/uploads\/2020\/02\/PHOTO-2020-02-11-21-09-51.jpg\"><img loading=\"lazy\" class=\"alignnone size-large wp-image-11912\" src=\"http:\/\/bisbalpenedes.com\/web\/wp-content\/uploads\/2020\/02\/PHOTO-2020-02-11-21-09-51-768x1024.jpg\" alt=\"CURSA CICLISTA\" width=\"630\" height=\"840\" srcset=\"https:\/\/bisbalpenedes.com\/web\/wp-content\/uploads\/2020\/02\/PHOTO-2020-02-11-21-09-51-768x1024.jpg 768w, https:\/\/bisbalpenedes.com\/web\/wp-content\/uploads\/2020\/02\/PHOTO-2020-02-11-21-09-51-600x800.jpg 600w, https:\/\/bisbalpenedes.com\/web\/wp-content\/uploads\/2020\/02\/PHOTO-2020-02-11-21-09-51-225x300.jpg 225w, https:\/\/bisbalpenedes.com\/web\/wp-content\/uploads\/2020\/02\/PHOTO-2020-02-11-21-09-51.jpg 1200w\" sizes=\"(max-width: 630px) 100vw, 630px\" \/><\/a><\/div>\n<\/div>\n","protected":false},"excerpt":{"rendered":"<p>Us fem saber que, amb motiu de la X Cursa Social Baix Pened\u00e8s (cursa ciclista), que transcorrer\u00e0 pel municipi el proper diumenge 16 de febrer, el Cam\u00ed del Gosch ser\u00e0 &hellip; <a href=\"https:\/\/bisbalpenedes.com\/web\/2020\/02\/13\/avis-de-canvis-en-la-circulacio-per-al-diumenge-16-de-febrer\/\" class=\"more-link\">Read More<\/a><\/p>\n","protected":false},"author":4,"featured_media":11912,"comment_status":"closed","ping_status":"closed","sticky":false,"template":"","format":"standard","meta":[],"categories":[1628],"tags":[3508,528,1334,2204,3507,3506],"_links":{"self":[{"href":"https:\/\/bisbalpenedes.com\/web\/wp-json\/wp\/v2\/posts\/11911"}],"collection":[{"href":"https:\/\/bisbalpenedes.com\/web\/wp-json\/wp\/v2\/posts"}],"about":[{"href":"https:\/\/bisbalpenedes.com\/web\/wp-json\/wp\/v2\/types\/post"}],"author":[{"embeddable":true,"href":"https:\/\/bisbalpenedes.com\/web\/wp-json\/wp\/v2\/users\/4"}],"replies":[{"embeddable":true,"href":"https:\/\/bisbalpenedes.com\/web\/wp-json\/wp\/v2\/comments?post=11911"}],"version-history":[{"count":2,"href":"https:\/\/bisbalpenedes.com\/web\/wp-json\/wp\/v2\/posts\/11911\/revisions"}],"predecessor-version":[{"id":11914,"href":"https:\/\/bisbalpenedes.com\/web\/wp-json\/wp\/v2\/posts\/11911\/revisions\/11914"}],"wp:featuredmedia":[{"embeddable":true,"href":"https:\/\/bisbalpenedes.com\/web\/wp-json\/wp\/v2\/media\/11912"}],"wp:attachment":[{"href":"https:\/\/bisbalpenedes.com\/web\/wp-json\/wp\/v2\/media?parent=11911"}],"wp:term":[{"taxonomy":"category","embeddable":true,"href":"https:\/\/bisbalpenedes.com\/web\/wp-json\/wp\/v2\/categories?post=11911"},{"taxonomy":"post_tag","embeddable":true,"href":"https:\/\/bisbalpenedes.com\/web\/wp-json\/wp\/v2\/tags?post=11911"}],"curies":[{"name":"wp","href":"https:\/\/api.w.org\/{rel}","templated":true}]}}