{"id":11904,"date":"2020-02-11T10:40:48","date_gmt":"2020-02-11T09:40:48","guid":{"rendered":"http:\/\/bisbalpenedes.com\/web\/?p=11904"},"modified":"2020-02-11T12:26:50","modified_gmt":"2020-02-11T11:26:50","slug":"la-junta-de-govern-ha-aprovat-el-projecte-denderroc-de-les-edificacions-industrials-de-lantiga-fassina","status":"publish","type":"post","link":"https:\/\/bisbalpenedes.com\/web\/2020\/02\/11\/la-junta-de-govern-ha-aprovat-el-projecte-denderroc-de-les-edificacions-industrials-de-lantiga-fassina\/","title":{"rendered":"La Junta de govern ha aprovat el projecte d\u2019enderroc de les edificacions industrials de l\u2019antiga fassina"},"content":{"rendered":"<p style=\"text-align: justify;\"><span style=\"color: #000000;\">La Junta de govern del 10 de febrer de 2020 ha aprovat, inicialment, el projecte d\u2019enderroc de les edificacions industrials del carrer Barcelona, 11-13 que ocupen una superf\u00edcie total de 352m\u00b2. El projecte inclou l\u2019enderroc de les edificacions existents \u2013a excepci\u00f3 de la torre de \u201cla fassina\u201d- el condicionament del terreny i el tancament de la parcel\u00b7la.<\/span><\/p>\n<p style=\"text-align: justify;\"><a href=\"http:\/\/bisbalpenedes.com\/web\/wp-content\/uploads\/2018\/09\/LA-FASSINA.jpg\"><img loading=\"lazy\" class=\"aligncenter size-large wp-image-7002\" src=\"http:\/\/bisbalpenedes.com\/web\/wp-content\/uploads\/2018\/09\/LA-FASSINA-1024x683.jpg\" alt=\"LA FASSINA\" width=\"630\" height=\"420\" srcset=\"https:\/\/bisbalpenedes.com\/web\/wp-content\/uploads\/2018\/09\/LA-FASSINA-1024x683.jpg 1024w, https:\/\/bisbalpenedes.com\/web\/wp-content\/uploads\/2018\/09\/LA-FASSINA-600x400.jpg 600w, https:\/\/bisbalpenedes.com\/web\/wp-content\/uploads\/2018\/09\/LA-FASSINA-300x200.jpg 300w, https:\/\/bisbalpenedes.com\/web\/wp-content\/uploads\/2018\/09\/LA-FASSINA-768x512.jpg 768w\" sizes=\"(max-width: 630px) 100vw, 630px\" \/><\/a><\/p>\n<p style=\"text-align: justify;\"><span style=\"color: #000000;\">Durant el mandat 2015-2019, l\u2019Ajuntament de la Bisbal del Pened\u00e8s va iniciar els tr\u00e0mits per adquirir l\u2019antiga fassina, un edifici de 486m\u00b2 situat al carrer Barcelona, n\u00fameros 7 i 11-13 que havia estat destinat a la fabricaci\u00f3 de licors destil\u00b7lats i aiguardent a comen\u00e7aments del segle XX. El 25 d\u2019abril de 2019 es va signar la compra de l\u2019immoble per un total de 110.000\u20ac (IVA no incl\u00f2s) davant notari. Posteriorment, el 28 d\u2019octubre de 2019, es va aprovar un contracte menor amb l\u2019empresa <em>Disseny i arquitectura project management SLPU <\/em>per a la redacci\u00f3 del projecte t\u00e8cnic d\u2019enderroc, la direcci\u00f3 de l\u2019execuci\u00f3 de l\u2019obra i la coordinaci\u00f3 de seguretat i salut en la fase d\u2019execuci\u00f3, corresponent a l\u2019enderroc de les edificacions industrials municipals del carrer Barcelona n\u00fam. 11-13, a excepci\u00f3 de la torre coneguda com \u201cla fassina\u201d que es vol conservar perqu\u00e8 es considera un element distintiu que ja forma part de l\u2019<em>skyline<\/em> del municipi i que la Regidoria de Cultura ha proposat\u00a0com a local d\u2019assaig de la Colla Castellera de la Bisbal del Pened\u00e8s \u2013 Bous, mitjan\u00e7ant un futur conveni amb l\u2019entitat.<\/span><\/p>\n<p style=\"text-align: justify;\"><span style=\"color: #000000;\">El projecte aprovat aquest dilluns s\u2019exposar\u00e0 al p\u00fablic durant 30 dies \u2013al BOP de Tarragona i al taulell d\u2019anuncis- i, una vegada passats aquests dies s\u2019entendr\u00e0 com aprovat definitivament si no s\u2019hi ha presentat al\u00b7legacions. Quan estigui aprovat definitivament, ja es podran licitar les obres de l\u2019enderroc que, segons el projecte, tindran un cost de 53.955,51\u20ac i un termini d\u2019execuci\u00f3 de 2 mesos.<\/span><\/p>\n<hr \/>\n<p style=\"text-align: justify;\"><span style=\"color: #000000;\"><strong>CASTELLANO |\u00a0<\/strong>La Junta de gobierno del 10 de febrero de 2020 ha aprobado, inicialmente, el proyecto de derribo de las edificaciones industriales de la calle Barcelona, 11-13 que ocupan una superficie total de 352 m\u00b2. El proyecto incluye el derribo de las edificaciones existentes \u2013a excepci\u00f3n de la torre de \u201cla fassina\u201d- el acondicionamiento del terreno y el cierre de la parcela.<\/span><\/p>\n<p style=\"text-align: justify;\"><span style=\"color: #000000;\">Durante el mandato 2015-2019, el Ayuntamiento de la Bisbal del pened\u00e8s inici\u00f3 los tr\u00e1mites para adquirir la antigua destiler\u00eda (<em>fassina<\/em>), un edificio de 486m\u00b2\u00a0 situado en la calle Barcelona, n\u00fameros 7 y 11-13 que hab\u00eda sido destinado a la fabricaci\u00f3n de licores destilados y aguardiente a principios del siglo XX. El 25 de abril de 2019 se firm\u00f3 la compra del inmueble por un total de 110.000\u20ac (IVA no incluido) ante notario. Posteriormente, el 28 de octubre de 2019, se aprob\u00f3 un contrato menor con la empresa <em>Disseny i arquitectura project management SLPU <\/em>para la redacci\u00f3n del proyecto t\u00e9cnico de derribo, la direcci\u00f3n de la ejecuci\u00f3n de la obra y loa coordinaci\u00f3n de seguridad y salud en la fase de ejecuci\u00f3n, correspondiente al derribo de las edificaciones industriales municipales de la calle Barcelona n\u00fam. 11-13, a excepci\u00f3n de la torre conocida como \u201cla fassina\u201d que se quiere conservar porqu\u00e9 se considera un elemento distintivo que ya forma parte del <em>skyline<\/em> del municipio y que la Concejal\u00edia de Cultura ha propuesto como local de ensayo de la Colla Castellera de la Bisbal del Pened\u00e8s \u2013 Bous, mediante un futuro convenio con la entidad.<\/span><\/p>\n<p style=\"text-align: justify;\"><span style=\"color: #000000;\">El proyecto aprobado este lunes se expondr\u00e1 al p\u00fablico durante 30 d\u00edas \u2013 en el BOP de Tarragona y en el tabl\u00f3n de anuncios- y, una vez pasados estos d\u00edas se entender\u00e1 como aprobado definitivamente si no se han presentado alegaciones. Cuando est\u00e9 aprobado definitivamente ya se podr\u00e1n licitar las obras del derribo que, seg\u00fan el proyecto, tendr\u00e1n un coste de 53.955,51\u20ac y un plazo de ejecuci\u00f3n de 2 meses.<\/span><\/p>\n<p>&nbsp;<\/p>\n","protected":false},"excerpt":{"rendered":"<p>La Junta de govern del 10 de febrer de 2020 ha aprovat, inicialment, el projecte d\u2019enderroc de les edificacions industrials del carrer Barcelona, 11-13 que ocupen una superf\u00edcie total de &hellip; <a href=\"https:\/\/bisbalpenedes.com\/web\/2020\/02\/11\/la-junta-de-govern-ha-aprovat-el-projecte-denderroc-de-les-edificacions-industrials-de-lantiga-fassina\/\" class=\"more-link\">Read More<\/a><\/p>\n","protected":false},"author":4,"featured_media":7002,"comment_status":"closed","ping_status":"closed","sticky":false,"template":"","format":"standard","meta":[],"categories":[13,15],"tags":[378,377,668,3505,686,3504,484],"_links":{"self":[{"href":"https:\/\/bisbalpenedes.com\/web\/wp-json\/wp\/v2\/posts\/11904"}],"collection":[{"href":"https:\/\/bisbalpenedes.com\/web\/wp-json\/wp\/v2\/posts"}],"about":[{"href":"https:\/\/bisbalpenedes.com\/web\/wp-json\/wp\/v2\/types\/post"}],"author":[{"embeddable":true,"href":"https:\/\/bisbalpenedes.com\/web\/wp-json\/wp\/v2\/users\/4"}],"replies":[{"embeddable":true,"href":"https:\/\/bisbalpenedes.com\/web\/wp-json\/wp\/v2\/comments?post=11904"}],"version-history":[{"count":4,"href":"https:\/\/bisbalpenedes.com\/web\/wp-json\/wp\/v2\/posts\/11904\/revisions"}],"predecessor-version":[{"id":11909,"href":"https:\/\/bisbalpenedes.com\/web\/wp-json\/wp\/v2\/posts\/11904\/revisions\/11909"}],"wp:featuredmedia":[{"embeddable":true,"href":"https:\/\/bisbalpenedes.com\/web\/wp-json\/wp\/v2\/media\/7002"}],"wp:attachment":[{"href":"https:\/\/bisbalpenedes.com\/web\/wp-json\/wp\/v2\/media?parent=11904"}],"wp:term":[{"taxonomy":"category","embeddable":true,"href":"https:\/\/bisbalpenedes.com\/web\/wp-json\/wp\/v2\/categories?post=11904"},{"taxonomy":"post_tag","embeddable":true,"href":"https:\/\/bisbalpenedes.com\/web\/wp-json\/wp\/v2\/tags?post=11904"}],"curies":[{"name":"wp","href":"https:\/\/api.w.org\/{rel}","templated":true}]}}