{"id":11899,"date":"2020-02-11T08:56:08","date_gmt":"2020-02-11T07:56:08","guid":{"rendered":"http:\/\/bisbalpenedes.com\/web\/?p=11899"},"modified":"2020-02-11T08:56:08","modified_gmt":"2020-02-11T07:56:08","slug":"la-regidoria-de-joventut-inicia-un-proces-participatiu-perque-els-joves-diguin-la-seva-de-cara-a-la-confeccio-del-pla-local-de-joventut","status":"publish","type":"post","link":"https:\/\/bisbalpenedes.com\/web\/2020\/02\/11\/la-regidoria-de-joventut-inicia-un-proces-participatiu-perque-els-joves-diguin-la-seva-de-cara-a-la-confeccio-del-pla-local-de-joventut\/","title":{"rendered":"La Regidoria de Joventut inicia un proc\u00e9s participatiu perqu\u00e8 els joves diguin la seva de cara a la confecci\u00f3 del Pla Local de Joventut"},"content":{"rendered":"<p style=\"text-align: justify;\"><a href=\"http:\/\/bisbalpenedes.com\/web\/wp-content\/uploads\/2020\/02\/Foto-16-9-19-18-18-41.jpg\"><img loading=\"lazy\" class=\"aligncenter size-large wp-image-11900\" src=\"http:\/\/bisbalpenedes.com\/web\/wp-content\/uploads\/2020\/02\/Foto-16-9-19-18-18-41-1024x768.jpg\" alt=\"la cova jove\" width=\"630\" height=\"473\" srcset=\"https:\/\/bisbalpenedes.com\/web\/wp-content\/uploads\/2020\/02\/Foto-16-9-19-18-18-41-1024x768.jpg 1024w, https:\/\/bisbalpenedes.com\/web\/wp-content\/uploads\/2020\/02\/Foto-16-9-19-18-18-41-600x450.jpg 600w, https:\/\/bisbalpenedes.com\/web\/wp-content\/uploads\/2020\/02\/Foto-16-9-19-18-18-41-300x225.jpg 300w, https:\/\/bisbalpenedes.com\/web\/wp-content\/uploads\/2020\/02\/Foto-16-9-19-18-18-41-768x576.jpg 768w\" sizes=\"(max-width: 630px) 100vw, 630px\" \/><\/a><\/p>\n<p style=\"text-align: justify;\"><span style=\"color: #000000;\">La Regidoria de Joventut de l\u2019Ajuntament de la Bisbal del Pened\u00e8s tira endavant un proc\u00e9s participatiu amb l\u2019objectiu de con\u00e8ixer les idees, propostes i inquietuds dels joves de cara a la confecci\u00f3 del Pla Local de Joventut 2020-2024. S\u2019hi podr\u00e0 participar:<\/span><\/p>\n<p style=\"padding-left: 30px; text-align: justify;\"><span style=\"color: #000000;\"><strong>-Del 17 al 21 de febrer<\/strong> deixant les vostres idees, inquietuds o propostes a la b\u00fastia que hi haur\u00e0 a <strong>l\u2019Institut Coster de la Torre<\/strong><\/span><\/p>\n<p style=\"padding-left: 30px; text-align: justify;\"><span style=\"color: #000000;\"><strong>-Del 24 al 28 de febrer<\/strong> a la b\u00fastia que hi haur\u00e0 a<strong> la Cova Jove <\/strong>(Centre Municipal de Cultura &#8211; CMC)<\/span><\/p>\n<p style=\"text-align: justify;\"><span style=\"color: #000000;\">El Pla Local de Joventut \u00e9s un document que reuneix les pol\u00edtiques i actuacions previstes des de l\u2019\u00e0rea de Joventut per als pr\u00f2xims anys, en aquest cas, del 2020 al 2024. El regidor de Joventut, F\u00e9lix Villaz\u00e1n, ha explicat que \u201cla participaci\u00f3 del jovent en el Pla Local de Joventut \u00e9s clau perqu\u00e8 les propostes i pol\u00edtiques que tirem endavant des de la regidoria siguin efectives. Si els joves hi participen, podrem con\u00e8ixer de primera m\u00e0 quines s\u00f3n les seves inquietuds i necessitats\u201d. Villaz\u00e1n ha afegit que \u201chem de tenir present que els joves d\u2019avui s\u00f3n els adults de dem\u00e0 i, per tant, tota aquesta feina ens ha de permetre poder enfocar les nostres iniciatives cap al seu gaudi i les seves necessitats per\u00f2 tamb\u00e9 cap al seu creixement i futur\u201d.<\/span><\/p>\n<p style=\"text-align: justify;\"><span style=\"color: #000000;\">Durant aquesta primera fase de confecci\u00f3 del Pla Local de Joventut s\u2019estudiar\u00e0 la situaci\u00f3 actual del municipi en mat\u00e8ria de joventut i s\u2019avaluaran les propostes dels joves. D\u2019aquesta manera es podran con\u00e8ixer les mancances i les potencialitats del municipi \u2013 des del punt de vista de l\u2019\u00e0rea de joventut- i les necessitats i inquietuds que t\u00e9 el jovent en l\u2019actualitat.<\/span><\/p>\n<hr \/>\n<p style=\"text-align: justify;\"><span style=\"color: #000000;\"><strong>CATELLANO |<\/strong> La Concejal\u00eda de Juventud del Ayuntamiento de la Bisbal del Pened\u00e8s lleva a cabo un proceso participativo con el objetivo de conocer las ideas, propuestas e inquietudes de los j\u00f3venes de cara a la confecci\u00f3n del Plan Local de Juventud 2020-2024. Se podr\u00e1 participar:<\/span><\/p>\n<p style=\"padding-left: 30px; text-align: justify;\"><span style=\"color: #000000;\"><strong>-Del 17 al 21 de febrero<\/strong> dejando vuestras ideas, inquietudes o propuestas en el buz\u00f3n que habr\u00e1 en el <strong>Instituto Coster de la Torre<\/strong><\/span><\/p>\n<p style=\"padding-left: 30px; text-align: justify;\"><span style=\"color: #000000;\"><strong>-Del 24 al 28 de febrero<\/strong> en el buz\u00f3n que habr\u00e1 en <strong>la Cova Jove <\/strong>(Centre Municipal de Cultura \u2013 CMC)<\/span><\/p>\n<p style=\"text-align: justify;\"><span style=\"color: #000000;\">El Plan Local de Juventud es un documento que re\u00fane las pol\u00edticas y actuaciones previstas desde el \u00e1rea de Juventud para los pr\u00f3ximos a\u00f1os, en este caso del 2020 al 2024. El concejal de Juventud, F\u00e9lix Villaz\u00e1n, ha explicado que \u201cla participaci\u00f3n de la juventud en el Plan Local de Juventud es clave porqu\u00e9 las propuestas y pol\u00edticas que planteemos desde la concejal\u00eda sean efectivas. Si los j\u00f3venes participan, podremos conocer de primera mano cu\u00e1les son sus inquietudes y necesidades\u201d. Villaz\u00e1n ha a\u00f1adido que \u201cdebemos tener presente que los j\u00f3venes de hoy son los adultos de ma\u00f1ana y, por lo tanto, todo este trabajo nos tiene que permitir poder enfocar nuestras iniciativas hacia su disfrute y sus necesidades pero tambi\u00e9n hacia su crecimiento y futuro\u201d.<\/span><\/p>\n<p style=\"text-align: justify;\"><span style=\"color: #000000;\">Durante esta primera fase de confecci\u00f3n del Plan Local de Juventud se estudiar\u00e1 la situaci\u00f3n actual del municipio en materia de juventud y se evaluar\u00e1n las propuestas de los j\u00f3venes. De esta manera se podr\u00e1n conocer las carencias y las potencialidades del municipio \u2013desde el punto de vista del \u00e1rea de juventud- y las necesidades e inquietudes que tiene la juventud en la actualidad.<\/span><\/p>\n<p style=\"text-align: justify;\">\n<p style=\"text-align: justify;\">\n<p style=\"text-align: justify;\">\n<p style=\"text-align: justify;\">\n<p style=\"text-align: justify;\"><span style=\"color: #000000;\">\u00a0<\/span><\/p>\n","protected":false},"excerpt":{"rendered":"<p>La Regidoria de Joventut de l\u2019Ajuntament de la Bisbal del Pened\u00e8s tira endavant un proc\u00e9s participatiu amb l\u2019objectiu de con\u00e8ixer les idees, propostes i inquietuds dels joves de cara a &hellip; <a href=\"https:\/\/bisbalpenedes.com\/web\/2020\/02\/11\/la-regidoria-de-joventut-inicia-un-proces-participatiu-perque-els-joves-diguin-la-seva-de-cara-a-la-confeccio-del-pla-local-de-joventut\/\" class=\"more-link\">Read More<\/a><\/p>\n","protected":false},"author":4,"featured_media":11900,"comment_status":"closed","ping_status":"closed","sticky":false,"template":"","format":"standard","meta":[],"categories":[1486],"tags":[1475,210,1509,1070],"_links":{"self":[{"href":"https:\/\/bisbalpenedes.com\/web\/wp-json\/wp\/v2\/posts\/11899"}],"collection":[{"href":"https:\/\/bisbalpenedes.com\/web\/wp-json\/wp\/v2\/posts"}],"about":[{"href":"https:\/\/bisbalpenedes.com\/web\/wp-json\/wp\/v2\/types\/post"}],"author":[{"embeddable":true,"href":"https:\/\/bisbalpenedes.com\/web\/wp-json\/wp\/v2\/users\/4"}],"replies":[{"embeddable":true,"href":"https:\/\/bisbalpenedes.com\/web\/wp-json\/wp\/v2\/comments?post=11899"}],"version-history":[{"count":1,"href":"https:\/\/bisbalpenedes.com\/web\/wp-json\/wp\/v2\/posts\/11899\/revisions"}],"predecessor-version":[{"id":11901,"href":"https:\/\/bisbalpenedes.com\/web\/wp-json\/wp\/v2\/posts\/11899\/revisions\/11901"}],"wp:featuredmedia":[{"embeddable":true,"href":"https:\/\/bisbalpenedes.com\/web\/wp-json\/wp\/v2\/media\/11900"}],"wp:attachment":[{"href":"https:\/\/bisbalpenedes.com\/web\/wp-json\/wp\/v2\/media?parent=11899"}],"wp:term":[{"taxonomy":"category","embeddable":true,"href":"https:\/\/bisbalpenedes.com\/web\/wp-json\/wp\/v2\/categories?post=11899"},{"taxonomy":"post_tag","embeddable":true,"href":"https:\/\/bisbalpenedes.com\/web\/wp-json\/wp\/v2\/tags?post=11899"}],"curies":[{"name":"wp","href":"https:\/\/api.w.org\/{rel}","templated":true}]}}