{"id":11893,"date":"2020-02-10T08:05:35","date_gmt":"2020-02-10T07:05:35","guid":{"rendered":"http:\/\/bisbalpenedes.com\/web\/?p=11893"},"modified":"2020-02-10T08:05:35","modified_gmt":"2020-02-10T07:05:35","slug":"del-17-al-23-de-febrer-es-produiran-canvis-en-la-frequencia-que-semeten-determinats-canals-de-televisio","status":"publish","type":"post","link":"https:\/\/bisbalpenedes.com\/web\/2020\/02\/10\/del-17-al-23-de-febrer-es-produiran-canvis-en-la-frequencia-que-semeten-determinats-canals-de-televisio\/","title":{"rendered":"Del 17 al 23 de febrer es produiran canvis en la freq\u00fc\u00e8ncia que s&#8217;emeten determinats canals de televisi\u00f3"},"content":{"rendered":"<figure id=\"attachment_11894\" aria-describedby=\"caption-attachment-11894\" style=\"width: 300px\" class=\"wp-caption aligncenter\"><a href=\"http:\/\/bisbalpenedes.com\/web\/wp-content\/uploads\/2020\/02\/Antena-television-vivienda-unifamiliar-1-televisiondigitalpuntoes.jpg\"><img loading=\"lazy\" class=\"size-medium wp-image-11894\" src=\"http:\/\/bisbalpenedes.com\/web\/wp-content\/uploads\/2020\/02\/Antena-television-vivienda-unifamiliar-1-televisiondigitalpuntoes-300x225.jpg\" alt=\"Antena de televisi\u00f3n vivienda unifamiliar 1\" width=\"300\" height=\"225\" srcset=\"https:\/\/bisbalpenedes.com\/web\/wp-content\/uploads\/2020\/02\/Antena-television-vivienda-unifamiliar-1-televisiondigitalpuntoes-300x225.jpg 300w, https:\/\/bisbalpenedes.com\/web\/wp-content\/uploads\/2020\/02\/Antena-television-vivienda-unifamiliar-1-televisiondigitalpuntoes-600x450.jpg 600w, https:\/\/bisbalpenedes.com\/web\/wp-content\/uploads\/2020\/02\/Antena-television-vivienda-unifamiliar-1-televisiondigitalpuntoes-768x576.jpg 768w, https:\/\/bisbalpenedes.com\/web\/wp-content\/uploads\/2020\/02\/Antena-television-vivienda-unifamiliar-1-televisiondigitalpuntoes-1024x768.jpg 1024w\" sizes=\"(max-width: 300px) 100vw, 300px\" \/><\/a><figcaption id=\"caption-attachment-11894\" class=\"wp-caption-text\">Font de la imatge: <a href=\"http:\/\/www.televisiondigital.gob.es\" target=\"_blank\">www.televisiondigital. gob.es<\/a><\/figcaption><\/figure>\n<p style=\"text-align: justify;\"><span style=\"color: #000000;\">Us informem que, durant la setmana del 17 al 23 de febrer, es produiran canvis en la freq\u00fc\u00e8ncia per la qual s\u2019emetien, fins ara, determinats canals de televisi\u00f3 i es faran necess\u00e0ries accions de resintonitzaci\u00f3.<\/span><\/p>\n<p style=\"padding-left: 30px; text-align: justify;\"><span style=\"color: #000000;\">1.-En habitatges unifamiliars, haureu de resintonitzar els televisors per poder veure els canals en la nova freq\u00fc\u00e8ncia.<\/span><\/p>\n<p style=\"padding-left: 30px; text-align: justify;\"><span style=\"color: #000000;\">2.-En les comunitats de ve\u00efns ser\u00e0 necess\u00e0ria la intervenci\u00f3 d\u2019un antenista, per la qual cosa el Ministeri d\u2019Assumptes Econ\u00f2mics i Transformaci\u00f3 Digital ha obert una l\u00ednia<\/span> d\u2019<a href=\"https:\/\/www.televisiondigital.gob.es\/2DD-5G\/Paginas\/ayudas-segundo-dividendo-digital.aspx\">ajuts<\/a>.<\/p>\n<p style=\"text-align: justify;\"><span style=\"color: #000000;\">A l\u2019enlla<\/span>\u00e7 <a href=\"https:\/\/www.televisiondigital.gob.es\/2DD-5G\/Paginas\/buscador-frecuencias.aspx\">https:\/\/www.televisiondigital.gob.es\/2DD-5G\/Paginas\/buscador-frecuencias.aspx<\/a> <span style=\"color: #000000;\">podeu cercar per poblaci\u00f3 i barri per saber quins canvis de canal s\u2019hauran de fer.<\/span><\/p>\n<p style=\"text-align: justify;\"><span style=\"color: #000000;\">Segons han explicat des del Ministeri, \u201cla reubicaci\u00f3 de les freq\u00fc\u00e8ncies de la televisi\u00f3 digital \u00e9s una ordre europea que t\u00e9 per objectiu harmonitzar la banda de freq\u00fc\u00e8ncies 700 MHz actualment emprada per la televisi\u00f3 perqu\u00e8 pugui ser utilitzada, a partir del 30 de juny de 2020, per noves xarxes de telefonia m\u00f2bil d\u2019alta velocitat 5G a tota Europa. Aquestes noves xarxes permetran utilitzar internet des de dispositius m\u00f2bils a gran velocitat, ampliar la cobertura geogr\u00e0fica de la tecnologia 5G -en especial en zones rurals- i millorar la cobertura a l\u2019interior dels edificis\u201d.<\/span><\/p>\n<p style=\"text-align: justify;\"><span style=\"color: #000000;\">El Ministeri posa a disposici\u00f3 de la ciutadania un web per consultar tots els dubtes<\/span> <a href=\"http:\/\/www.televisiondigital.es\">http:\/\/www.televisiondigital.es<\/a> <span style=\"color: #000000;\">i tamb\u00e9 dos tel\u00e8fons: 901 20 10 04 o 910 889 879.<\/span><\/p>\n<hr \/>\n<p style=\"text-align: justify;\"><span style=\"color: #000000;\"><strong>CASTELLANO |<\/strong> Os informamos que, durante la semana del 17 al 23 de febrero, se producir\u00e1n cambios en la frecuencia por la cual se emit\u00edan, hasta ahora, determinados canales de televisi\u00f3n y se har\u00e1n necesarias acciones de resintonizaci\u00f3n.<\/span><\/p>\n<p style=\"padding-left: 30px; text-align: justify;\"><span style=\"color: #000000;\">1.-En viviendas unifamiliares, deber\u00e9is resintonizar los televisores para poder ver los canales en la nueva frecuencia.<\/span><\/p>\n<p style=\"padding-left: 30px; text-align: justify;\"><span style=\"color: #000000;\">2.-En las comunidades de vecinos ser\u00e1 necesaria la intervenci\u00f3n de un antenista, por la cual cosa el Ministerio de Asuntos Econ\u00f3micos y Transformaci\u00f3n Digital ha abierto una l\u00ednea de<\/span> <a href=\"https:\/\/www.televisiondigital.gob.es\/2DD-5G\/Paginas\/ayudas-segundo-dividendo-digital.aspx\">ayudas<\/a>.<\/p>\n<p style=\"text-align: justify;\"><span style=\"color: #000000;\">En el enlace<\/span> <a href=\"https:\/\/www.televisiondigital.gob.es\/2DD-5G\/Paginas\/buscador-frecuencias.aspx\">https:\/\/www.televisiondigital.gob.es\/2DD-5G\/Paginas\/buscador-frecuencias.aspx<\/a> <span style=\"color: #000000;\">pod\u00e9is buscar por poblaci\u00f3n y barrio para saber que cambios de canal habr\u00e1 que hacer.<\/span><\/p>\n<p style=\"text-align: justify;\"><span style=\"color: #000000;\">Seg\u00fan han explicado desde el Ministerio, \u201cla reubicaci\u00f3n de las frecuencias de televisi\u00f3n digital es un mandato europeo que tiene por objetivo armonizar la banda de frecuencias de 700 MHz actualmente utilizada por la televisi\u00f3n para que pueda ser utilizada, a partir del 30 de junio de 2020, por las nuevas redes de telefon\u00eda m\u00f3vil de alta velocidad 5G en toda Europa. Estas nuevas redes permitir\u00e1n utilizar internet desde dispositivos m\u00f3viles a muy alta velocidad, ampliar la cobertura geogr\u00e1fica de la tecnolog\u00eda 5G en especial en zonas rurales, y mejorar la cobertura en el interior de los edificios\u201d.<\/span><\/p>\n<p style=\"text-align: justify;\"><span style=\"color: #000000;\">El Ministerio pone a disposici\u00f3n de la ciudadan\u00eda una web para consultar todas las dudas<\/span> <a href=\"http:\/\/www.televisiondigital.es\">http:\/\/www.televisiondigital.es<\/a> <span style=\"color: #000000;\">y tambi\u00e9n dos tel\u00e9fonos: 901 20 10 04 o 910 889 879.<\/span><\/p>\n<p style=\"text-align: justify;\">\n<p style=\"text-align: justify;\">\n","protected":false},"excerpt":{"rendered":"<p>Us informem que, durant la setmana del 17 al 23 de febrer, es produiran canvis en la freq\u00fc\u00e8ncia per la qual s\u2019emetien, fins ara, determinats canals de televisi\u00f3 i es &hellip; <a href=\"https:\/\/bisbalpenedes.com\/web\/2020\/02\/10\/del-17-al-23-de-febrer-es-produiran-canvis-en-la-frequencia-que-semeten-determinats-canals-de-televisio\/\" class=\"more-link\">Read More<\/a><\/p>\n","protected":false},"author":4,"featured_media":11894,"comment_status":"closed","ping_status":"closed","sticky":false,"template":"","format":"standard","meta":[],"categories":[8],"tags":[293,3500,3501,1100,3502,3499],"_links":{"self":[{"href":"https:\/\/bisbalpenedes.com\/web\/wp-json\/wp\/v2\/posts\/11893"}],"collection":[{"href":"https:\/\/bisbalpenedes.com\/web\/wp-json\/wp\/v2\/posts"}],"about":[{"href":"https:\/\/bisbalpenedes.com\/web\/wp-json\/wp\/v2\/types\/post"}],"author":[{"embeddable":true,"href":"https:\/\/bisbalpenedes.com\/web\/wp-json\/wp\/v2\/users\/4"}],"replies":[{"embeddable":true,"href":"https:\/\/bisbalpenedes.com\/web\/wp-json\/wp\/v2\/comments?post=11893"}],"version-history":[{"count":1,"href":"https:\/\/bisbalpenedes.com\/web\/wp-json\/wp\/v2\/posts\/11893\/revisions"}],"predecessor-version":[{"id":11895,"href":"https:\/\/bisbalpenedes.com\/web\/wp-json\/wp\/v2\/posts\/11893\/revisions\/11895"}],"wp:featuredmedia":[{"embeddable":true,"href":"https:\/\/bisbalpenedes.com\/web\/wp-json\/wp\/v2\/media\/11894"}],"wp:attachment":[{"href":"https:\/\/bisbalpenedes.com\/web\/wp-json\/wp\/v2\/media?parent=11893"}],"wp:term":[{"taxonomy":"category","embeddable":true,"href":"https:\/\/bisbalpenedes.com\/web\/wp-json\/wp\/v2\/categories?post=11893"},{"taxonomy":"post_tag","embeddable":true,"href":"https:\/\/bisbalpenedes.com\/web\/wp-json\/wp\/v2\/tags?post=11893"}],"curies":[{"name":"wp","href":"https:\/\/api.w.org\/{rel}","templated":true}]}}