{"id":11889,"date":"2020-02-10T07:56:25","date_gmt":"2020-02-10T06:56:25","guid":{"rendered":"http:\/\/bisbalpenedes.com\/web\/?p=11889"},"modified":"2020-02-10T07:59:26","modified_gmt":"2020-02-10T06:59:26","slug":"el-dissabte-29-de-febrer-a-les-18h-podreu-veure-la-pellicula-la-hija-de-un-ladron-al-cmc","status":"publish","type":"post","link":"https:\/\/bisbalpenedes.com\/web\/2020\/02\/10\/el-dissabte-29-de-febrer-a-les-18h-podreu-veure-la-pellicula-la-hija-de-un-ladron-al-cmc\/","title":{"rendered":"Cicle Gaud\u00ed: el dissabte 29 de febrer a les 18h podreu veure la pel\u00b7l\u00edcula &#8216;La hija de un ladr\u00f3n&#8217; al CMC"},"content":{"rendered":"<p style=\"text-align: justify;\"><span style=\"color: #000000;\">El dissabte 29 de febrer, a les 18h, es projectar\u00e0 la pel\u00b7l\u00edcula \u201cLa\u00a0hija de un ladr\u00f3n\u201d a l\u2019Auditori Salb\u00e0 del CMC en el marc del Cicle Gaud\u00ed<\/span><\/p>\n<p style=\"text-align: justify;\"><a href=\"http:\/\/bisbalpenedes.com\/web\/wp-content\/uploads\/2020\/02\/VISUSAL_A3_HIJA_LADRON_LA_BISBAL_PENEDES.jpg\"><img loading=\"lazy\" class=\"aligncenter size-medium wp-image-11890\" src=\"http:\/\/bisbalpenedes.com\/web\/wp-content\/uploads\/2020\/02\/VISUSAL_A3_HIJA_LADRON_LA_BISBAL_PENEDES-212x300.jpg\" alt=\"VISUSAL_A3_HIJA_LADRON_LA_BISBAL_PENEDES\" width=\"212\" height=\"300\" srcset=\"https:\/\/bisbalpenedes.com\/web\/wp-content\/uploads\/2020\/02\/VISUSAL_A3_HIJA_LADRON_LA_BISBAL_PENEDES-212x300.jpg 212w, https:\/\/bisbalpenedes.com\/web\/wp-content\/uploads\/2020\/02\/VISUSAL_A3_HIJA_LADRON_LA_BISBAL_PENEDES-600x848.jpg 600w, https:\/\/bisbalpenedes.com\/web\/wp-content\/uploads\/2020\/02\/VISUSAL_A3_HIJA_LADRON_LA_BISBAL_PENEDES-768x1085.jpg 768w, https:\/\/bisbalpenedes.com\/web\/wp-content\/uploads\/2020\/02\/VISUSAL_A3_HIJA_LADRON_LA_BISBAL_PENEDES-725x1024.jpg 725w, https:\/\/bisbalpenedes.com\/web\/wp-content\/uploads\/2020\/02\/VISUSAL_A3_HIJA_LADRON_LA_BISBAL_PENEDES.jpg 1124w\" sizes=\"(max-width: 212px) 100vw, 212px\" \/><\/a><\/p>\n<div class=\"wpb_text_column wpb_content_element \" style=\"text-align: justify;\">\n<div class=\"wpb_wrapper\">\n<h4><span style=\"color: #000000;\">FITXA\u00a0T\u00c8CNICA<\/span><\/h4>\n<\/div>\n<\/div>\n<div class=\"wpb_text_column wpb_content_element \" style=\"text-align: justify;\">\n<div class=\"wpb_wrapper\">\n<p><span style=\"color: #000000;\">Direcci\u00f3:\u00a0<strong>Bel\u00e9n Funes<\/strong><\/span><\/p>\n<p><span style=\"color: #000000;\">Gui\u00f3:\u00a0<strong>Bel\u00e9n Funes i Mar\u00e7al Cebrian (GAC)<\/strong><\/span><\/p>\n<p><span style=\"color: #000000;\">M\u00fasica: <b>Bernat Aragon\u00e8s (AMMAC)<\/b><\/span><\/p>\n<p><span style=\"color: #000000;\">Estrena: <strong>Novembre de\u00a02019<\/strong><\/span><\/p>\n<p><span style=\"color: #000000;\">Durada:\u00a0<strong>90\u00a0min.<\/strong><\/span><\/p>\n<p><span style=\"color: #000000;\">G\u00e8nere:\u00a0<strong>Drama<\/strong><\/span><\/p>\n<p><span style=\"color: #000000;\">Versi\u00f3:\u00a0<strong>Original en catal\u00e0 i castell\u00e0<\/strong><\/span><\/p>\n<p><span style=\"color: #000000;\">Int\u00e8rprets:\u00a0<strong>Greta Fern\u00e1ndez, Eduard Fern\u00e1ndez, Adela Silvestre, \u00c0lex Monner<\/strong><\/span><\/p>\n<\/div>\n<div class=\"wpb_text_column wpb_content_element \"><\/div>\n<\/div>\n<p style=\"text-align: justify;\"><span style=\"color: #000000;\"><strong>SINOPSI<\/strong><\/span><\/p>\n<p><span style=\"color: #000000;\">La Sara ha estat sola tota la vida. T\u00e9 22 anys i un nad\u00f3, i el seu desig \u00e9s formar una fam\u00edlia normal al costat del seu germ\u00e0 petit i el pare del seu fill. El seu pare, el Manuel, despr\u00e9s d\u2019anys d\u2019abs\u00e8ncia, surt de la pres\u00f3 i decideix reapar\u00e8ixer a les seves vides.<\/span><\/p>\n<p><span style=\"color: #000000;\"><strong>La Sara sap que ell \u00e9s el principal obstacle en els seus plans i pren una decisi\u00f3 dif\u00edcil: allunyar-lo d\u2019ella i del seu germ\u00e0.<\/strong><\/span><\/p>\n<p style=\"text-align: justify;\"><span style=\"color: #000000;\">El preu general de l\u2019entrada \u00e9s de 4,5\u20ac i s\u2019ofereix un preu redu\u00eft de 3\u20ac presentant el carnet de la Biblioteca Municipal de La Bisbal.<\/span><\/p>\n<p style=\"text-align: justify;\"><span style=\"color: #000000;\">Quant a la recaptaci\u00f3, aquesta es destinar\u00e0 a l\u2019entitat del poble que s\u2019encarregui de gestionar la taquilla en cadascuna de les projeccions, en aquest cas\u00a0l&#8217;Associaci\u00f3 de dones La Roca Foradada.<\/span><\/p>\n<p style=\"text-align: center;\"><iframe loading=\"lazy\" src=\"https:\/\/www.youtube.com\/embed\/KV-PeY5aW6g\" width=\"560\" height=\"315\" frameborder=\"0\" allowfullscreen=\"allowfullscreen\"><\/iframe><\/p>\n<hr \/>\n<p style=\"text-align: justify;\"><span style=\"color: #000000;\"><strong>CASTELLANO |<\/strong>\u00a0El s\u00e1bado 29 de febrero, a las 18h, se proyectar\u00e1 la pel\u00edcula &#8220;La hija de un ladr\u00f3n&#8221; en el Auditori Salb\u00e0 del CMC en el marco del Cicle Gaud\u00ed.<\/span><\/p>\n<p style=\"text-align: justify;\"><a href=\"http:\/\/bisbalpenedes.com\/web\/wp-content\/uploads\/2020\/02\/VISUSAL_A3_HIJA_LADRON_LA_BISBAL_PENEDES.jpg\"><img loading=\"lazy\" class=\"aligncenter size-medium wp-image-11890\" src=\"http:\/\/bisbalpenedes.com\/web\/wp-content\/uploads\/2020\/02\/VISUSAL_A3_HIJA_LADRON_LA_BISBAL_PENEDES-212x300.jpg\" alt=\"VISUSAL_A3_HIJA_LADRON_LA_BISBAL_PENEDES\" width=\"212\" height=\"300\" srcset=\"https:\/\/bisbalpenedes.com\/web\/wp-content\/uploads\/2020\/02\/VISUSAL_A3_HIJA_LADRON_LA_BISBAL_PENEDES-212x300.jpg 212w, https:\/\/bisbalpenedes.com\/web\/wp-content\/uploads\/2020\/02\/VISUSAL_A3_HIJA_LADRON_LA_BISBAL_PENEDES-600x848.jpg 600w, https:\/\/bisbalpenedes.com\/web\/wp-content\/uploads\/2020\/02\/VISUSAL_A3_HIJA_LADRON_LA_BISBAL_PENEDES-768x1085.jpg 768w, https:\/\/bisbalpenedes.com\/web\/wp-content\/uploads\/2020\/02\/VISUSAL_A3_HIJA_LADRON_LA_BISBAL_PENEDES-725x1024.jpg 725w, https:\/\/bisbalpenedes.com\/web\/wp-content\/uploads\/2020\/02\/VISUSAL_A3_HIJA_LADRON_LA_BISBAL_PENEDES.jpg 1124w\" sizes=\"(max-width: 212px) 100vw, 212px\" \/><\/a><\/p>\n<div class=\"wpb_text_column wpb_content_element \" style=\"text-align: justify;\">\n<div class=\"wpb_wrapper\">\n<h4><span style=\"color: #000000;\">FICHA\u00a0T\u00c9CNICA<\/span><\/h4>\n<\/div>\n<\/div>\n<div class=\"wpb_text_column wpb_content_element \" style=\"text-align: justify;\">\n<div class=\"wpb_wrapper\">\n<p><span style=\"color: #000000;\">Direcci\u00f3n:\u00a0<strong>Bel\u00e9n Funes<\/strong><\/span><\/p>\n<p><span style=\"color: #000000;\">Gui\u00f3:\u00a0<strong>Bel\u00e9n Funes y Mar\u00e7al Cebrian (GAC)<\/strong><\/span><\/p>\n<p><span style=\"color: #000000;\">M\u00fasica:\u00a0<b>Bernat Aragon\u00e8s (AMMAC)<\/b><\/span><\/p>\n<p><span style=\"color: #000000;\">Estreno:\u00a0<strong>Noviembre de\u00a02019<\/strong><\/span><\/p>\n<p><span style=\"color: #000000;\">Duraci\u00f3n:\u00a0<strong>90\u00a0min.<\/strong><\/span><\/p>\n<p><span style=\"color: #000000;\">G\u00e9nero:\u00a0<strong>Drama<\/strong><\/span><\/p>\n<p><span style=\"color: #000000;\">Versi\u00f3n:\u00a0<strong>Original en catal\u00e1n y castellano<\/strong><\/span><\/p>\n<p><span style=\"color: #000000;\">Int\u00e9rpretes:\u00a0<strong>Greta Fern\u00e1ndez, Eduard Fern\u00e1ndez, Adela Silvestre, \u00c0lex Monner<\/strong><\/span><\/p>\n<\/div>\n<div class=\"wpb_text_column wpb_content_element \" style=\"text-align: justify;\"><span style=\"color: #000000;\">\u00a0<\/span><\/div>\n<\/div>\n<p style=\"text-align: justify;\"><span style=\"color: #000000;\"><strong>SINOPSIS<\/strong><\/span><\/p>\n<p style=\"text-align: justify;\"><span style=\"color: #000000;\">Sara ha estado sola toda la vida. Tiene 22 a\u00f1os y un beb\u00e9, y su deseo es formar una familia normal al lado de su hermano peque\u00f1o y del padre de su hijo. Su padre, Manuel, despu\u00e9s de a\u00f1os de ausencia, sale de la c\u00e1rcel y decide reaparecer en sus vidas.<\/span><\/p>\n<p style=\"text-align: justify;\"><strong><span style=\"color: #000000;\">Sara sabe que es el principal obst\u00e1culo en sus planes y toma una decisi\u00f3n dif\u00edcil: alejarlo de ella y de su hermano.<\/span><\/strong><\/p>\n<p style=\"text-align: justify;\"><span style=\"color: #000000;\">El precio general de la entrada es de 4,5\u20ac y se ofrece un precio reducido de 3\u20ac presentando el carn\u00e9 de la Biblioteca Municipal de la Bisbal.<\/span><\/p>\n<p style=\"text-align: justify;\"><span style=\"color: #000000;\">En cuanto a la recaudaci\u00f3n, esta se destinar\u00e1 a la entidad del municipio que se encargue de gestionar la taquilla en cada una de las proyecciones, en este caso la Associaci\u00f3 de dones La Roca Foradada.<\/span><\/p>\n<p style=\"text-align: center;\"><iframe loading=\"lazy\" src=\"https:\/\/www.youtube.com\/embed\/KV-PeY5aW6g\" width=\"560\" height=\"315\" frameborder=\"0\" allowfullscreen=\"allowfullscreen\"><\/iframe><\/p>\n","protected":false},"excerpt":{"rendered":"<p>El dissabte 29 de febrer, a les 18h, es projectar\u00e0 la pel\u00b7l\u00edcula \u201cLa\u00a0hija de un ladr\u00f3n\u201d a l\u2019Auditori Salb\u00e0 del CMC en el marc del Cicle Gaud\u00ed FITXA\u00a0T\u00c8CNICA Direcci\u00f3:\u00a0Bel\u00e9n Funes &hellip; <a href=\"https:\/\/bisbalpenedes.com\/web\/2020\/02\/10\/el-dissabte-29-de-febrer-a-les-18h-podreu-veure-la-pellicula-la-hija-de-un-ladron-al-cmc\/\" class=\"more-link\">Read More<\/a><\/p>\n","protected":false},"author":4,"featured_media":11890,"comment_status":"closed","ping_status":"closed","sticky":false,"template":"","format":"standard","meta":[],"categories":[13],"tags":[308,813,307,225,3498,3497],"_links":{"self":[{"href":"https:\/\/bisbalpenedes.com\/web\/wp-json\/wp\/v2\/posts\/11889"}],"collection":[{"href":"https:\/\/bisbalpenedes.com\/web\/wp-json\/wp\/v2\/posts"}],"about":[{"href":"https:\/\/bisbalpenedes.com\/web\/wp-json\/wp\/v2\/types\/post"}],"author":[{"embeddable":true,"href":"https:\/\/bisbalpenedes.com\/web\/wp-json\/wp\/v2\/users\/4"}],"replies":[{"embeddable":true,"href":"https:\/\/bisbalpenedes.com\/web\/wp-json\/wp\/v2\/comments?post=11889"}],"version-history":[{"count":2,"href":"https:\/\/bisbalpenedes.com\/web\/wp-json\/wp\/v2\/posts\/11889\/revisions"}],"predecessor-version":[{"id":11892,"href":"https:\/\/bisbalpenedes.com\/web\/wp-json\/wp\/v2\/posts\/11889\/revisions\/11892"}],"wp:featuredmedia":[{"embeddable":true,"href":"https:\/\/bisbalpenedes.com\/web\/wp-json\/wp\/v2\/media\/11890"}],"wp:attachment":[{"href":"https:\/\/bisbalpenedes.com\/web\/wp-json\/wp\/v2\/media?parent=11889"}],"wp:term":[{"taxonomy":"category","embeddable":true,"href":"https:\/\/bisbalpenedes.com\/web\/wp-json\/wp\/v2\/categories?post=11889"},{"taxonomy":"post_tag","embeddable":true,"href":"https:\/\/bisbalpenedes.com\/web\/wp-json\/wp\/v2\/tags?post=11889"}],"curies":[{"name":"wp","href":"https:\/\/api.w.org\/{rel}","templated":true}]}}