{"id":11870,"date":"2020-02-06T13:45:39","date_gmt":"2020-02-06T12:45:39","guid":{"rendered":"http:\/\/bisbalpenedes.com\/web\/?p=11870"},"modified":"2020-02-06T13:47:21","modified_gmt":"2020-02-06T12:47:21","slug":"des-del-rebost-solidari-de-la-bisbal-del-penedes-donem-les-gracies-als-alumnes-de-4t-deso-de-linstitut-coster-de-la-torre","status":"publish","type":"post","link":"https:\/\/bisbalpenedes.com\/web\/2020\/02\/06\/des-del-rebost-solidari-de-la-bisbal-del-penedes-donem-les-gracies-als-alumnes-de-4t-deso-de-linstitut-coster-de-la-torre\/","title":{"rendered":"Des del Rebost Solidari donem les gr\u00e0cies als alumnes de 4t d\u2019ESO de l\u2019Institut Coster de la Torre que han recollit aliments i productes d&#8217;higiene personal en el marc de les activitats de Servei Comunitari"},"content":{"rendered":"<p style=\"text-align: justify;\"><span style=\"color: #000000;\">Des del Rebost Solidari de la Bisbal del Pened\u00e8s donem les gr\u00e0cies als alumnes de 4t d\u2019ESO de l\u2019Institut Coster de la Torre que han recollit aliments i productes d\u2019higiene personal per a les fam\u00edlies bisbalenques que estan contemplades per Serveis Socials i que s\u00f3n usu\u00e0ries del Rebost Solidari. Tamb\u00e9 agra\u00efm la generositat dels ve\u00efns i les ve\u00efnes que han fet les seves donacions i la iniciativa de les botigues bisbalenques que s\u2019han prestat a participar en el projecte.<\/span><\/p>\n<p style=\"text-align: justify;\"><span style=\"color: #000000;\">Aquesta acci\u00f3 forma part de l\u2019activitat de Servei Comunitari de l\u2019institut, una iniciativa del Departament d\u2019Ensenyament de la Generalitat de Catalunya a la que l\u2019Institut Coster de la Torre s\u2019adhereix fa alguns anys i que compta amb la col\u00b7laboraci\u00f3 de l\u2019Ajuntament de la Bisbal del Pened\u00e8s.<\/span><\/p>\n<p style=\"text-align: justify;\"><span style=\"color: #000000;\">Val a dir que, m\u00e9s enll\u00e0 d\u2019aquesta activitat, els joves de 4t d\u2019ESO han estat ensenyant a fer servir les noves tecnologies\u00a0 -sobretot el tel\u00e8fon m\u00f2bil- a la gent gran del municipi que \u00e9s usu\u00e0ria del Rac\u00f3 de la Gent Gran.<\/span><\/p>\n<figure id=\"attachment_11872\" aria-describedby=\"caption-attachment-11872\" style=\"width: 630px\" class=\"wp-caption aligncenter\"><a href=\"http:\/\/bisbalpenedes.com\/web\/wp-content\/uploads\/2020\/02\/REBOST-2.jpg\"><img loading=\"lazy\" class=\"size-large wp-image-11872\" src=\"http:\/\/bisbalpenedes.com\/web\/wp-content\/uploads\/2020\/02\/REBOST-2-1024x768.jpg\" alt=\"Part dels productes recollits per l'alumnat\" width=\"630\" height=\"473\" srcset=\"https:\/\/bisbalpenedes.com\/web\/wp-content\/uploads\/2020\/02\/REBOST-2-1024x768.jpg 1024w, https:\/\/bisbalpenedes.com\/web\/wp-content\/uploads\/2020\/02\/REBOST-2-600x450.jpg 600w, https:\/\/bisbalpenedes.com\/web\/wp-content\/uploads\/2020\/02\/REBOST-2-300x225.jpg 300w, https:\/\/bisbalpenedes.com\/web\/wp-content\/uploads\/2020\/02\/REBOST-2-768x576.jpg 768w, https:\/\/bisbalpenedes.com\/web\/wp-content\/uploads\/2020\/02\/REBOST-2.jpg 1600w\" sizes=\"(max-width: 630px) 100vw, 630px\" \/><\/a><figcaption id=\"caption-attachment-11872\" class=\"wp-caption-text\">Part dels productes recollits per l&#8217;alumnat<\/figcaption><\/figure>\n<hr \/>\n<p style=\"text-align: justify;\"><span style=\"color: #000000;\"><strong>CASTELLANO |<\/strong> Desde el Rebost Solidari de la Bisbal del Pened\u00e8s damos las gracias a los alumnos de 4\u00ba de ESO del Institut Coster de la Torre que han recogido alimentos y productos de higiene personal para las familias de la Bisbal que est\u00e1n contempladas por Servicios Sociales y que son usuarias del Rebost Solidari. Tambi\u00e9n agradecemos la generosidad de los vecinos y las vecinas que han hecho sus donaciones y la iniciativa de las tiendas de la Bisbal que se han prestado a participar en el proyecto.<\/span><\/p>\n<p style=\"text-align: justify;\"><span style=\"color: #000000;\">Esta acci\u00f3n forma parte de la actividad de Servicio Comunitario del instituto, una iniciativa del Departamento de Educaci\u00f3n de la Generalitat de Catalunya a la que el Instituto Coster de la Torre se adhiere desde hace algunos a\u00f1os y que cuenta con la colaboraci\u00f3n del Ayuntamiento de la Bisbal del Pened\u00e8s.<\/span><\/p>\n<p style=\"text-align: justify;\"><span style=\"color: #000000;\">Cabe decir que, m\u00e1s all\u00e1 de esta actividad, los j\u00f3venes de 4\u00ba de ESO han estado ense\u00f1ando a utilizar las nuevas tecnolog\u00edas \u2013 sobretodo el tel\u00e9fono m\u00f3vil- a la gente mayor del municipio que es usuaria del Rac\u00f3 de la Gent Gran.<\/span><\/p>\n<figure id=\"attachment_11872\" aria-describedby=\"caption-attachment-11872\" style=\"width: 630px\" class=\"wp-caption aligncenter\"><a href=\"http:\/\/bisbalpenedes.com\/web\/wp-content\/uploads\/2020\/02\/REBOST-2.jpg\"><img loading=\"lazy\" class=\"size-large wp-image-11872\" src=\"http:\/\/bisbalpenedes.com\/web\/wp-content\/uploads\/2020\/02\/REBOST-2-1024x768.jpg\" alt=\"Parte de los productos recogidos por el alumnado\" width=\"630\" height=\"473\" srcset=\"https:\/\/bisbalpenedes.com\/web\/wp-content\/uploads\/2020\/02\/REBOST-2-1024x768.jpg 1024w, https:\/\/bisbalpenedes.com\/web\/wp-content\/uploads\/2020\/02\/REBOST-2-600x450.jpg 600w, https:\/\/bisbalpenedes.com\/web\/wp-content\/uploads\/2020\/02\/REBOST-2-300x225.jpg 300w, https:\/\/bisbalpenedes.com\/web\/wp-content\/uploads\/2020\/02\/REBOST-2-768x576.jpg 768w, https:\/\/bisbalpenedes.com\/web\/wp-content\/uploads\/2020\/02\/REBOST-2.jpg 1600w\" sizes=\"(max-width: 630px) 100vw, 630px\" \/><\/a><figcaption id=\"caption-attachment-11872\" class=\"wp-caption-text\">Parte de los productos recogidos por el alumnado<\/figcaption><\/figure>\n","protected":false},"excerpt":{"rendered":"<p>Des del Rebost Solidari de la Bisbal del Pened\u00e8s donem les gr\u00e0cies als alumnes de 4t d\u2019ESO de l\u2019Institut Coster de la Torre que han recollit aliments i productes d\u2019higiene &hellip; <a href=\"https:\/\/bisbalpenedes.com\/web\/2020\/02\/06\/des-del-rebost-solidari-de-la-bisbal-del-penedes-donem-les-gracies-als-alumnes-de-4t-deso-de-linstitut-coster-de-la-torre\/\" class=\"more-link\">Read More<\/a><\/p>\n","protected":false},"author":4,"featured_media":11871,"comment_status":"closed","ping_status":"closed","sticky":false,"template":"","format":"standard","meta":[],"categories":[975],"tags":[315,305,2644,268],"_links":{"self":[{"href":"https:\/\/bisbalpenedes.com\/web\/wp-json\/wp\/v2\/posts\/11870"}],"collection":[{"href":"https:\/\/bisbalpenedes.com\/web\/wp-json\/wp\/v2\/posts"}],"about":[{"href":"https:\/\/bisbalpenedes.com\/web\/wp-json\/wp\/v2\/types\/post"}],"author":[{"embeddable":true,"href":"https:\/\/bisbalpenedes.com\/web\/wp-json\/wp\/v2\/users\/4"}],"replies":[{"embeddable":true,"href":"https:\/\/bisbalpenedes.com\/web\/wp-json\/wp\/v2\/comments?post=11870"}],"version-history":[{"count":4,"href":"https:\/\/bisbalpenedes.com\/web\/wp-json\/wp\/v2\/posts\/11870\/revisions"}],"predecessor-version":[{"id":11876,"href":"https:\/\/bisbalpenedes.com\/web\/wp-json\/wp\/v2\/posts\/11870\/revisions\/11876"}],"wp:featuredmedia":[{"embeddable":true,"href":"https:\/\/bisbalpenedes.com\/web\/wp-json\/wp\/v2\/media\/11871"}],"wp:attachment":[{"href":"https:\/\/bisbalpenedes.com\/web\/wp-json\/wp\/v2\/media?parent=11870"}],"wp:term":[{"taxonomy":"category","embeddable":true,"href":"https:\/\/bisbalpenedes.com\/web\/wp-json\/wp\/v2\/categories?post=11870"},{"taxonomy":"post_tag","embeddable":true,"href":"https:\/\/bisbalpenedes.com\/web\/wp-json\/wp\/v2\/tags?post=11870"}],"curies":[{"name":"wp","href":"https:\/\/api.w.org\/{rel}","templated":true}]}}