{"id":11856,"date":"2020-02-04T13:51:25","date_gmt":"2020-02-04T12:51:25","guid":{"rendered":"http:\/\/bisbalpenedes.com\/web\/?p=11856"},"modified":"2020-02-04T13:51:25","modified_gmt":"2020-02-04T12:51:25","slug":"el-dilluns-17-de-febrer-tindra-lloc-la-xerrada-i-despres-de-leso-que-a-linstitut-coster-de-la-torre","status":"publish","type":"post","link":"https:\/\/bisbalpenedes.com\/web\/2020\/02\/04\/el-dilluns-17-de-febrer-tindra-lloc-la-xerrada-i-despres-de-leso-que-a-linstitut-coster-de-la-torre\/","title":{"rendered":"El dilluns 17 de febrer tindr\u00e0 lloc la xerrada \u2018I despr\u00e9s de l\u2019ESO qu\u00e8? a l\u2019Institut Coster de la Torre"},"content":{"rendered":"<p style=\"text-align: justify;\"><a href=\"http:\/\/bisbalpenedes.com\/web\/wp-content\/uploads\/2020\/02\/Cartell-posteso20.jpg\"><img loading=\"lazy\" class=\"aligncenter size-large wp-image-11858\" src=\"http:\/\/bisbalpenedes.com\/web\/wp-content\/uploads\/2020\/02\/Cartell-posteso20-724x1024.jpg\" alt=\"Cartell posteso20\" width=\"630\" height=\"891\" srcset=\"https:\/\/bisbalpenedes.com\/web\/wp-content\/uploads\/2020\/02\/Cartell-posteso20-724x1024.jpg 724w, https:\/\/bisbalpenedes.com\/web\/wp-content\/uploads\/2020\/02\/Cartell-posteso20-600x849.jpg 600w, https:\/\/bisbalpenedes.com\/web\/wp-content\/uploads\/2020\/02\/Cartell-posteso20-212x300.jpg 212w, https:\/\/bisbalpenedes.com\/web\/wp-content\/uploads\/2020\/02\/Cartell-posteso20-768x1086.jpg 768w, https:\/\/bisbalpenedes.com\/web\/wp-content\/uploads\/2020\/02\/Cartell-posteso20.jpg 1587w\" sizes=\"(max-width: 630px) 100vw, 630px\" \/><\/a><\/p>\n<p style=\"text-align: justify;\"><span style=\"color: #000000;\">L\u2019Institut Coster de la Torre acollir\u00e0 el proper dilluns 17 de febrer, a les 18.00h, la xerrada \u201cI despr\u00e9s de l\u2019ESO qu\u00e8?\u201d, en el marc del cicle de xerrades d\u2019orientaci\u00f3 acad\u00e8mica i professional per a pares i alumnes de 3r i 4t d\u2019ESO de Jove Baix Pened\u00e8s. La finalitat de la trobada \u00e9s dotar els joves i les seves fam\u00edlies d\u2019eines i elements de reflexi\u00f3 en un moment important com \u00e9s el punt de partida de la carrera acad\u00e8mica o professional. El dia de la\u00a0xerrada s\u2019informar\u00e0 sobre els elements que cal tenir en compte per fer una bona elecci\u00f3 d\u2019estudis, d\u2019habilitats per con\u00e8ixer-se a un mateix, l\u2019oferta i les alternatives a la formaci\u00f3 posterior als estudis d\u2019ESO.<\/span><\/p>\n<hr \/>\n<p style=\"text-align: justify;\"><span style=\"color: #000000;\"><strong>CASTELLANO |<\/strong>\u00a0El Institut Coster de la Torre acoger\u00e1 el pr\u00f3ximo lunes 17 de febrero, a las 18.00h, la charla \u201c\u00bfY despu\u00e9s de la ESO qu\u00e9?\u201d, en el marco del ciclo de charlas de orientaci\u00f3n acad\u00e9mica y profesional para padres y alumnos de 3\u00ba y 4\u00ba de ESO de Jove Baix Pened\u00e8s. La finalidad del encuentro es dotar a los j\u00f3venes y a sus familias de herramientas y elementos de reflexi\u00f3n en un momento importante como es el punto de partida de la carrera acad\u00e9mica o profesional. El d\u00eda de la charla se informar\u00e1 sobre los elementos que hay que tener en cuenta para hacer una buena elecci\u00f3n de estudios, habilidades para conocerse a uno mismo, la oferta y las alternativas a la formaci\u00f3n posterior a los estudios de ESO.<\/span><\/p>\n<p style=\"text-align: justify;\"><a href=\"http:\/\/bisbalpenedes.com\/web\/wp-content\/uploads\/2020\/02\/postal-posteso20-h.jpg\"><img loading=\"lazy\" class=\"aligncenter size-large wp-image-11857\" src=\"http:\/\/bisbalpenedes.com\/web\/wp-content\/uploads\/2020\/02\/postal-posteso20-h-1024x724.jpg\" alt=\"postal posteso20 h\" width=\"630\" height=\"445\" srcset=\"https:\/\/bisbalpenedes.com\/web\/wp-content\/uploads\/2020\/02\/postal-posteso20-h-1024x724.jpg 1024w, https:\/\/bisbalpenedes.com\/web\/wp-content\/uploads\/2020\/02\/postal-posteso20-h-600x424.jpg 600w, https:\/\/bisbalpenedes.com\/web\/wp-content\/uploads\/2020\/02\/postal-posteso20-h-300x212.jpg 300w, https:\/\/bisbalpenedes.com\/web\/wp-content\/uploads\/2020\/02\/postal-posteso20-h-768x543.jpg 768w\" sizes=\"(max-width: 630px) 100vw, 630px\" \/><\/a><\/p>\n","protected":false},"excerpt":{"rendered":"<p>L\u2019Institut Coster de la Torre acollir\u00e0 el proper dilluns 17 de febrer, a les 18.00h, la xerrada \u201cI despr\u00e9s de l\u2019ESO qu\u00e8?\u201d, en el marc del cicle de xerrades d\u2019orientaci\u00f3 &hellip; <a href=\"https:\/\/bisbalpenedes.com\/web\/2020\/02\/04\/el-dilluns-17-de-febrer-tindra-lloc-la-xerrada-i-despres-de-leso-que-a-linstitut-coster-de-la-torre\/\" class=\"more-link\">Read More<\/a><\/p>\n","protected":false},"author":4,"featured_media":11858,"comment_status":"closed","ping_status":"closed","sticky":false,"template":"","format":"standard","meta":[],"categories":[2397,1486,8],"tags":[1837,3495,566,1475,210,505],"_links":{"self":[{"href":"https:\/\/bisbalpenedes.com\/web\/wp-json\/wp\/v2\/posts\/11856"}],"collection":[{"href":"https:\/\/bisbalpenedes.com\/web\/wp-json\/wp\/v2\/posts"}],"about":[{"href":"https:\/\/bisbalpenedes.com\/web\/wp-json\/wp\/v2\/types\/post"}],"author":[{"embeddable":true,"href":"https:\/\/bisbalpenedes.com\/web\/wp-json\/wp\/v2\/users\/4"}],"replies":[{"embeddable":true,"href":"https:\/\/bisbalpenedes.com\/web\/wp-json\/wp\/v2\/comments?post=11856"}],"version-history":[{"count":1,"href":"https:\/\/bisbalpenedes.com\/web\/wp-json\/wp\/v2\/posts\/11856\/revisions"}],"predecessor-version":[{"id":11859,"href":"https:\/\/bisbalpenedes.com\/web\/wp-json\/wp\/v2\/posts\/11856\/revisions\/11859"}],"wp:featuredmedia":[{"embeddable":true,"href":"https:\/\/bisbalpenedes.com\/web\/wp-json\/wp\/v2\/media\/11858"}],"wp:attachment":[{"href":"https:\/\/bisbalpenedes.com\/web\/wp-json\/wp\/v2\/media?parent=11856"}],"wp:term":[{"taxonomy":"category","embeddable":true,"href":"https:\/\/bisbalpenedes.com\/web\/wp-json\/wp\/v2\/categories?post=11856"},{"taxonomy":"post_tag","embeddable":true,"href":"https:\/\/bisbalpenedes.com\/web\/wp-json\/wp\/v2\/tags?post=11856"}],"curies":[{"name":"wp","href":"https:\/\/api.w.org\/{rel}","templated":true}]}}