{"id":11849,"date":"2020-02-04T13:17:08","date_gmt":"2020-02-04T12:17:08","guid":{"rendered":"http:\/\/bisbalpenedes.com\/web\/?p=11849"},"modified":"2020-02-04T13:38:36","modified_gmt":"2020-02-04T12:38:36","slug":"lajuntament-de-la-bisbal-del-penedes-ha-donat-la-benvinguda-als-nous-empadronats-aquest-dilluns-3-de-febrer","status":"publish","type":"post","link":"https:\/\/bisbalpenedes.com\/web\/2020\/02\/04\/lajuntament-de-la-bisbal-del-penedes-ha-donat-la-benvinguda-als-nous-empadronats-aquest-dilluns-3-de-febrer\/","title":{"rendered":"L&#8217;Ajuntament de la Bisbal del Pened\u00e8s ha donat la benvinguda als nous empadronats aquest dilluns 3 de febrer"},"content":{"rendered":"<p style=\"text-align: justify; line-height: 14.25pt; background: white;\"><a href=\"http:\/\/bisbalpenedes.com\/web\/wp-content\/uploads\/2020\/02\/nous-empadronats-200204.jpg\"><img loading=\"lazy\" class=\"aligncenter size-large wp-image-11850\" src=\"http:\/\/bisbalpenedes.com\/web\/wp-content\/uploads\/2020\/02\/nous-empadronats-200204-1024x768.jpg\" alt=\"nous empadronats 200204\" width=\"630\" height=\"473\" srcset=\"https:\/\/bisbalpenedes.com\/web\/wp-content\/uploads\/2020\/02\/nous-empadronats-200204-1024x768.jpg 1024w, https:\/\/bisbalpenedes.com\/web\/wp-content\/uploads\/2020\/02\/nous-empadronats-200204-600x450.jpg 600w, https:\/\/bisbalpenedes.com\/web\/wp-content\/uploads\/2020\/02\/nous-empadronats-200204-300x225.jpg 300w, https:\/\/bisbalpenedes.com\/web\/wp-content\/uploads\/2020\/02\/nous-empadronats-200204-768x576.jpg 768w\" sizes=\"(max-width: 630px) 100vw, 630px\" \/><\/a><\/p>\n<p style=\"text-align: justify; line-height: 14.25pt; background: white;\"><span lang=\"ES\" style=\"font-size: 11.0pt; font-family: 'Arial','sans-serif'; color: black;\">La Biblioteca p\u00fablica ha acollit, aquest dilluns 4 de febrer a la tarda, un acte de benvinguda adre\u00e7at a les persones que s\u2019han empadronat recentment al municipi, concretament entre els mesos d\u2019octubre i gener.<\/span><\/p>\n<p style=\"text-align: justify; line-height: 14.25pt; background: white;\"><span style=\"font-size: 10pt; font-family: Arial, sans-serif; color: #000000;\">Durant l\u2019acte, els regidors de l\u2019equip de govern s\u2019han presentat i han convidat els assistents a expressar els seus dubtes i preguntes sobre el municipi. Tot seguit, els\u00a0nous ve\u00efns han rebut una bossa que contenia informaci\u00f3 d\u2019utilitat relacionada amb la vila de la Bisbal, com ara els serveis p\u00fablics que s\u2019ofereixen al municipi, les festes que s\u2019hi celebren, el llistat d\u2019entitats de la vila, informaci\u00f3 sobre el servei de bus, les dates de les reunions informatives sobre el pressupost 2020, la revista municipal o el calendari de pagament d\u2019impostos i tributs. L\u2019acte ha finalitzat amb un petit refrigeri.<\/span><\/p>\n<p style=\"text-align: justify; line-height: 14.25pt; background: white;\"><span style=\"font-size: 10pt; font-family: Arial, sans-serif; color: #000000;\">Tot i que, anteriorment, l\u2019acte de benvinguda als nouvinguts es feia a l\u2019Auditori Salb\u00e0 del CMC, des de fa un temps s\u2019ha optat per fer-lo a la Biblioteca p\u00fablica amb l\u2019objectiu de donar a con\u00e8ixer aquest equipament entre les persones que acaben d\u2019arribar al municipi.<\/span><\/p>\n<hr \/>\n<p style=\"text-align: justify; line-height: 14.25pt; background: white;\"><span style=\"color: #000000;\"><strong><span style=\"font-size: 10pt; font-family: Arial, sans-serif;\">CASTELLANO |<\/span><\/strong><span style=\"font-size: 10pt; font-family: Arial, sans-serif;\">\u00a0La Biblioteca p\u00fablica ha acogido, este lunes 4 de febrero por la tarde, un acto de\u00a0bienvenida dirigido a las personas que se han empadronado recientemente en el municipio, concretamente entre los meses de octubre y enero.<\/span><\/span><\/p>\n<p style=\"text-align: justify; line-height: 14.25pt; background: white;\"><span style=\"font-size: 10pt; font-family: Arial, sans-serif; color: #000000;\">Durante el acto, los concejales del equipo de gobierno se han presentado y han invitado a los asistentes a expresar sus dudas y preguntas sobre el municipio. A continuaci\u00f3n, los\u00a0\u00a0nuevos vecinos han recibido una bolsa que conten\u00eda informaci\u00f3n de utilidad relacionada con la villa de la Bisbal, como por ejemplo los servicios p\u00fablicos que se ofrecen en el municipio, las fiestas que se celebran, el listado de entidades del pueblo, informaci\u00f3n sobre el servicio de bus, las fechas de las reuniones informativas sobre el presupuesto 2020, la revista municipal o el calendario de pago de impuestos y tributos. El acto ha finalizado con un peque\u00f1o refrigerio.<\/span><\/p>\n<p style=\"text-align: justify; line-height: 14.25pt; background: white;\"><span style=\"font-size: 10pt; font-family: Arial, sans-serif; color: #000000;\">Aunque, anteriormente, el acto de bienvenida a los reci\u00e9n llegados se hac\u00eda en el Auditorio Salb\u00e0 del CMC, desde hace un tiempo se ha optado por hacerlo en la Biblioteca p\u00fablica con el objetivo de dar a conocer este equipamiento entre las personas que acaban de llegar al municipio.<\/span><\/p>\n","protected":false},"excerpt":{"rendered":"<p>La Biblioteca p\u00fablica ha acollit, aquest dilluns 4 de febrer a la tarda, un acte de benvinguda adre\u00e7at a les persones que s\u2019han empadronat recentment al municipi, concretament entre els &hellip; <a href=\"https:\/\/bisbalpenedes.com\/web\/2020\/02\/04\/lajuntament-de-la-bisbal-del-penedes-ha-donat-la-benvinguda-als-nous-empadronats-aquest-dilluns-3-de-febrer\/\" class=\"more-link\">Read More<\/a><\/p>\n","protected":false},"author":4,"featured_media":11850,"comment_status":"closed","ping_status":"closed","sticky":false,"template":"","format":"standard","meta":[],"categories":[8],"tags":[180,2524,415],"_links":{"self":[{"href":"https:\/\/bisbalpenedes.com\/web\/wp-json\/wp\/v2\/posts\/11849"}],"collection":[{"href":"https:\/\/bisbalpenedes.com\/web\/wp-json\/wp\/v2\/posts"}],"about":[{"href":"https:\/\/bisbalpenedes.com\/web\/wp-json\/wp\/v2\/types\/post"}],"author":[{"embeddable":true,"href":"https:\/\/bisbalpenedes.com\/web\/wp-json\/wp\/v2\/users\/4"}],"replies":[{"embeddable":true,"href":"https:\/\/bisbalpenedes.com\/web\/wp-json\/wp\/v2\/comments?post=11849"}],"version-history":[{"count":5,"href":"https:\/\/bisbalpenedes.com\/web\/wp-json\/wp\/v2\/posts\/11849\/revisions"}],"predecessor-version":[{"id":11855,"href":"https:\/\/bisbalpenedes.com\/web\/wp-json\/wp\/v2\/posts\/11849\/revisions\/11855"}],"wp:featuredmedia":[{"embeddable":true,"href":"https:\/\/bisbalpenedes.com\/web\/wp-json\/wp\/v2\/media\/11850"}],"wp:attachment":[{"href":"https:\/\/bisbalpenedes.com\/web\/wp-json\/wp\/v2\/media?parent=11849"}],"wp:term":[{"taxonomy":"category","embeddable":true,"href":"https:\/\/bisbalpenedes.com\/web\/wp-json\/wp\/v2\/categories?post=11849"},{"taxonomy":"post_tag","embeddable":true,"href":"https:\/\/bisbalpenedes.com\/web\/wp-json\/wp\/v2\/tags?post=11849"}],"curies":[{"name":"wp","href":"https:\/\/api.w.org\/{rel}","templated":true}]}}