{"id":11834,"date":"2020-02-03T11:37:39","date_gmt":"2020-02-03T10:37:39","guid":{"rendered":"http:\/\/bisbalpenedes.com\/web\/?p=11834"},"modified":"2020-02-03T11:37:39","modified_gmt":"2020-02-03T10:37:39","slug":"humana-ha-recollit-9-968-kg-de-textil-usat-a-la-bisbal-del-penedes-durant-el-2019","status":"publish","type":"post","link":"https:\/\/bisbalpenedes.com\/web\/2020\/02\/03\/humana-ha-recollit-9-968-kg-de-textil-usat-a-la-bisbal-del-penedes-durant-el-2019\/","title":{"rendered":"Humana ha recollit 9.968 kg de t\u00e8xtil usat a la Bisbal del Pened\u00e8s durant el 2019"},"content":{"rendered":"<p style=\"text-align: justify;\"><a href=\"http:\/\/bisbalpenedes.com\/web\/wp-content\/uploads\/2020\/02\/Humana_classificacio.jpg\"><img loading=\"lazy\" class=\"aligncenter size-full wp-image-11835\" src=\"http:\/\/bisbalpenedes.com\/web\/wp-content\/uploads\/2020\/02\/Humana_classificacio.jpg\" alt=\"Humana_classificacio\" width=\"950\" height=\"633\" srcset=\"https:\/\/bisbalpenedes.com\/web\/wp-content\/uploads\/2020\/02\/Humana_classificacio.jpg 950w, https:\/\/bisbalpenedes.com\/web\/wp-content\/uploads\/2020\/02\/Humana_classificacio-600x400.jpg 600w, https:\/\/bisbalpenedes.com\/web\/wp-content\/uploads\/2020\/02\/Humana_classificacio-300x200.jpg 300w, https:\/\/bisbalpenedes.com\/web\/wp-content\/uploads\/2020\/02\/Humana_classificacio-768x512.jpg 768w\" sizes=\"(max-width: 950px) 100vw, 950px\" \/><\/a><\/p>\n<p style=\"text-align: justify;\"><span style=\"color: #000000;\">Humana Fundaci\u00f3n Pueblo para Pueblo ha recuperat 9.968 kg de t\u00e8xtil usat a la Bisbal del Pened\u00e8s durant el 2019 per donar-li una segona vida mitjan\u00e7ant la reutilitzaci\u00f3 o el reciclatge. Aquest registre representa un increment d\u2019un 13,18% respecte a l\u2019any anterior (2018), quan es van recollir 8.807 kg. Segons Humana, el t\u00e8xtil recollit equival a un estalvi de 31 tones de CO2 a l\u2019atmosfera.<\/span><\/p>\n<p style=\"text-align: justify;\"><span style=\"color: #000000;\">En l\u2019actualitat, la Bisbal del Pened\u00e8s disposa de quatre contenidors d\u2019Humana on els ve\u00efns poden dipositar roba, cal\u00e7ats, complements o t\u00e8xtil de la llar que no utilitzen. El servei de recollida selectiva del t\u00e8xtil \u00e9s gratu\u00eft i representa un estalvi en les despeses de recollida i eliminaci\u00f3 de residus s\u00f2lids urbans. Les peces dipositades als contenidors d\u2019Humana tenen dues destinacions: prop del 90% es tracta a la planta de preparaci\u00f3 per a la reutilitzaci\u00f3 de l\u2019Ametlla del Vall\u00e8s i, la resta, es ven a empreses de reutilitzaci\u00f3 i reciclatge. La destinaci\u00f3 de les peces tractades, segons Humana, \u00e9s:<\/span><\/p>\n<ul style=\"text-align: justify;\">\n<li><span style=\"color: #000000;\">El 52% es prepara per a la reutilitzaci\u00f3: el 13% es destina a les botigues de moda sostenible d\u2019Humana a Catalunya i el 39% s\u2019exporta, principalment a l\u2019\u00c0frica, on \u00e9s venut a preus de mercat per a generar-hi recursos per a la cooperaci\u00f3 al desenvolupament.<\/span><\/li>\n<li><span style=\"color: #000000;\">El 37% es troba en un estat que no en permet la reutilitzaci\u00f3 i es ven a empreses de reciclatge perqu\u00e8 elaborin altres productes (mantes, a\u00efllants o draps per a la ind\u00fastria de l\u2019automoci\u00f3).<\/span><\/li>\n<li><span style=\"color: #000000;\">El 2% s\u00f3n residus impropis (pl\u00e0stics, cartrons, altres) que es posen en mans dels gestors autoritzats corresponents.<\/span><\/li>\n<li><span style=\"color: #000000;\">El 9% s\u2019envia a un centre de tractament de residus per a la disposici\u00f3 final: s\u00f3n productes que no es poden reutilitzar, ni reciclar, ni valoritzar energ\u00e8ticament.<\/span><\/li>\n<\/ul>\n<p style=\"text-align: justify;\"><span style=\"color: #000000;\">Segons fonts de la fundaci\u00f3, \u201ces genera un lloc de feina indefinit per cada 36.000 kg de t\u00e8xtil recollits\u201d. Aix\u00ed, es treballa per crear \u201cllocs de treball inclusius, estables i de qualitat\u201d. D\u2019altra banda, els recursos obtinguts es destinen a projectes socials \u201camb m\u00e9s de tres d\u00e8cades d\u2019activitat, 2\u20195 milions de persones s\u2019han vist involucrades en els programes de desenvolupament als pa\u00efsos del sud de la m\u00e0 de contraparts o socis locals. Durant aquest per\u00edode, la fundaci\u00f3 ha destinat m\u00e9s de 31 milions d\u2019euros per a la formaci\u00f3 de professors de prim\u00e0ria, l\u2019impuls de l\u2019agricultura sostenible o la lluita contra la VIH\/SIDA, entre altres accions de cooperaci\u00f3\u201d.<\/span><\/p>\n<p style=\"text-align: justify;\"><span style=\"color: #000000;\">\u00c0gata Soler-Roig, responsable de la fundaci\u00f3 a Catalunya, explica que \u201cHumana contribueix a fer m\u00e9s sostenible el sector de la gesti\u00f3 de residus amb una visi\u00f3 d\u2019economia circular, ja que introdueix de nou la roba a la cadena de valor, genera recursos amb un impacte social positiu, crea ocupaci\u00f3 verda i sostenible, incideix en l\u2019\u00e0mbit local i promou la millora de les condicions de vida de les comunitats m\u00e9s desfavorides gr\u00e0cies a programes de cooperaci\u00f3 al desenvolupament\u201d. Soler-Roig ha recordat que \u201cel 2025 tots els municipis de la Uni\u00f3 Europea hauran d\u2019establir una recollida separada per al residu t\u00e8xtil\u201d.<\/span><\/p>\n<hr \/>\n<p style=\"text-align: justify;\"><span style=\"color: #000000;\"><strong>CASTELLANO |<\/strong> Humana Fundaci\u00f3n Pueblo para Pueblo ha recuperado 9.968 kg de textil usado en la Bisbal del Pened\u00e8s durante el 2019 para darle una segunda vida mediante la reutilizaci\u00f3n o el reciclaje. Este registro representa un incremento de un 13,18% respecto al a\u00f1o anterior (2018), cuando se recogieron 8.807 kg. Seg\u00fan Humana, el textil recogido equivale a un ahorro de 31 toneladas de CO2 en la atm\u00f3sfera.<\/span><\/p>\n<p style=\"text-align: justify;\"><span style=\"color: #000000;\">En la actualidad, la Bisbal del Pened\u00e8s dispone de cuatro contenedores de Humana donde los vecinos pueden depositar ropa, calzados, complementos o textil del hogar que no utilizan. El servicio de recogida selectiva del textil es gratuito y representa un ahorro en los gastos de recogida y eliminaci\u00f3n de residuos s\u00f3lidos urbanos. Las piezas depositadas en los contenedores de Humana tienen dos destinaciones: cerca del 90% se trata en la planta de preparaci\u00f3n para la reutilizaci\u00f3n de la Ametlla del Vall\u00e8s y, el resto, se vende a empresas de reutilizaci\u00f3n y reciclaje. La destinaci\u00f3n de las piezas tratadas, seg\u00fan Humana, es:<\/span><\/p>\n<ul style=\"text-align: justify;\">\n<li><span style=\"color: #000000;\">El 52% se prepara para la reutilizaci\u00f3n: el 13% se destina a las tiendas de moda sostenible de Humana en Catalunya y el 39% se exporta, principalmente a \u00c1frica, donde es vendido a precios de mercado para generar recursos para la cooperaci\u00f3n al desarrollo.<\/span><\/li>\n<li><span style=\"color: #000000;\">El 37% se encuentra en un estado que no permite la reutilizaci\u00f3n y se vende a empresas de reciclaje para que elaboren otros productos (mantas, aislantes o trapos para la industria de la automoci\u00f3n).<\/span><\/li>\n<li><span style=\"color: #000000;\">El 2% son residuos impropios (pl\u00e1sticos, cartones, otros), que se ponen en manos de los gestores autorizados correspondientes.<\/span><\/li>\n<li><span style=\"color: #000000;\">El 9% se env\u00eda a un centro de tratamiento de residuos para la disposici\u00f3n final: son productos que no se pueden reutilizar, ni reciclar, ni valorizar energ\u00e9ticamente.<\/span><\/li>\n<\/ul>\n<p style=\"text-align: justify;\"><span style=\"color: #000000;\">Seg\u00fan fuentes de la fundaci\u00f3n, \u201cse genera un puesto de trabajo indefinido por cada 36.000 kg de textil recogidos\u201d. As\u00ed, se trabaja para crear puestos de trabajo inclusivos, estables y de calidad\u201d. Por otro lado, los recursos obtenidos se destinan a proyectos sociales \u201ccon m\u00e1s de tres d\u00e9cadas de actividad, 2\u20195 millones de personas se han visto involucradas en los programas de desarrollo en los pa\u00edses del sur de la mano de contrapartes o socios locales. Durante este periodo, la fundaci\u00f3n ha destinado m\u00e1s de 31 millones de euros para la formaci\u00f3n de profesores de primaria, el impulso de la agricultura sostenible o la lucha contra el VIH\/SIDA, entre otras acciones de cooperaci\u00f3n\u201d.<\/span><\/p>\n<p style=\"text-align: justify;\"><span style=\"color: #000000;\">\u00c0gata Soler-Roig, responsable de la fundaci\u00f3n en Catalunya, explica que \u201cHumana contribuye a hacer m\u00e1s sostenible el sector de la gesti\u00f3n de residuos con una visi\u00f3n de econom\u00eda circular, ya que introduce de nuevo la ropa en la cadena de valor, genera recursos con un impacto social positivo, crea ocupaci\u00f3n verde y sostenible, incide en el \u00e1mbito local y promueve la mejora de las condiciones de vida de las comunidades m\u00e1s desfavorecidas gracias a programas de cooperaci\u00f3n al desarrollo\u201d. Soler-Roig ha recordado que \u201cen el 2025 todos los municipios de la Uni\u00f3n Europea deber\u00e1n establecer una recogida separada para el residuo textil\u201d.<\/span><\/p>\n<p>&nbsp;<\/p>\n","protected":false},"excerpt":{"rendered":"<p>Humana Fundaci\u00f3n Pueblo para Pueblo ha recuperat 9.968 kg de t\u00e8xtil usat a la Bisbal del Pened\u00e8s durant el 2019 per donar-li una segona vida mitjan\u00e7ant la reutilitzaci\u00f3 o el &hellip; <a href=\"https:\/\/bisbalpenedes.com\/web\/2020\/02\/03\/humana-ha-recollit-9-968-kg-de-textil-usat-a-la-bisbal-del-penedes-durant-el-2019\/\" class=\"more-link\">Read More<\/a><\/p>\n","protected":false},"author":4,"featured_media":11835,"comment_status":"closed","ping_status":"closed","sticky":false,"template":"","format":"standard","meta":[],"categories":[975],"tags":[3491,3492,255,627,257,1257],"_links":{"self":[{"href":"https:\/\/bisbalpenedes.com\/web\/wp-json\/wp\/v2\/posts\/11834"}],"collection":[{"href":"https:\/\/bisbalpenedes.com\/web\/wp-json\/wp\/v2\/posts"}],"about":[{"href":"https:\/\/bisbalpenedes.com\/web\/wp-json\/wp\/v2\/types\/post"}],"author":[{"embeddable":true,"href":"https:\/\/bisbalpenedes.com\/web\/wp-json\/wp\/v2\/users\/4"}],"replies":[{"embeddable":true,"href":"https:\/\/bisbalpenedes.com\/web\/wp-json\/wp\/v2\/comments?post=11834"}],"version-history":[{"count":1,"href":"https:\/\/bisbalpenedes.com\/web\/wp-json\/wp\/v2\/posts\/11834\/revisions"}],"predecessor-version":[{"id":11836,"href":"https:\/\/bisbalpenedes.com\/web\/wp-json\/wp\/v2\/posts\/11834\/revisions\/11836"}],"wp:featuredmedia":[{"embeddable":true,"href":"https:\/\/bisbalpenedes.com\/web\/wp-json\/wp\/v2\/media\/11835"}],"wp:attachment":[{"href":"https:\/\/bisbalpenedes.com\/web\/wp-json\/wp\/v2\/media?parent=11834"}],"wp:term":[{"taxonomy":"category","embeddable":true,"href":"https:\/\/bisbalpenedes.com\/web\/wp-json\/wp\/v2\/categories?post=11834"},{"taxonomy":"post_tag","embeddable":true,"href":"https:\/\/bisbalpenedes.com\/web\/wp-json\/wp\/v2\/tags?post=11834"}],"curies":[{"name":"wp","href":"https:\/\/api.w.org\/{rel}","templated":true}]}}