{"id":11831,"date":"2020-02-01T09:31:57","date_gmt":"2020-02-01T08:31:57","guid":{"rendered":"http:\/\/bisbalpenedes.com\/web\/?p=11831"},"modified":"2020-02-01T09:31:57","modified_gmt":"2020-02-01T08:31:57","slug":"la-junta-de-govern-local-ha-aprovat-un-contracte-menor-per-al-servei-dassessorament-legal","status":"publish","type":"post","link":"https:\/\/bisbalpenedes.com\/web\/2020\/02\/01\/la-junta-de-govern-local-ha-aprovat-un-contracte-menor-per-al-servei-dassessorament-legal\/","title":{"rendered":"La Junta de Govern local ha aprovat un contracte menor per al servei d\u2019assessorament legal"},"content":{"rendered":"<p style=\"text-align: justify;\"><span style=\"color: #000000;\">La Junta de Govern local va aprovar, el passat dilluns 27 de gener de 2020, un contracte menor per al servei d\u2019assessorament legal en la ronda de contactes amb els interessats de l\u2019expedient de revisi\u00f3 d\u2019ofici per declarar nul de ple dret l\u2019acord del Ple de 17 de setembre de 2013, pel qual s\u2019aprov\u00e0 l\u2019arrendament d\u2019una part del poliesportiu municipal a l\u2019entitat Club Segle XX, mitjan\u00e7ant procediment directe i preu bonificat, aix\u00ed com el contracte d\u2019arrendament subscrit el 30 d\u2019octubre de 2013.<\/span><\/p>\n<p style=\"text-align: justify;\"><span style=\"color: #000000;\">L\u2019alcaldessa Agn\u00e8s Ferr\u00e9 ha explicat que \u201cla voluntat de l\u2019equip de govern \u00e9s la d\u2019evitar o reduir els possibles danys i perjudicis que es puguin derivar de l\u2019extinci\u00f3 del contracte d\u2019arrendament de la finca que conforma el poliesportiu amb l\u2019entitat Club Segle XX, en el cas de declarar-se la nul\u00b7litat de ple dret de l\u2019acord del Ple de la Corporaci\u00f3 del 17 de setembre de 2013, d\u2019aprovaci\u00f3 de l\u2019arrendament. I tamb\u00e9 volem recuperar la disponibilitat dels espais, atesa la previsi\u00f3 d\u2019iniciar les obres de remodelaci\u00f3 d\u2019aquests\u201d.<\/span><\/p>\n<p style=\"text-align: justify;\"><span style=\"color: #000000;\">Per tot aix\u00f2, l\u2019Ajuntament de la Bisbal del Pened\u00e8s iniciar\u00e0 una ronda de contactes amb els interessats de l\u2019expedient de revisi\u00f3 d\u2019ofici amb la finalitat d\u2019explorar eventuals solucions legals que permetin la reubicaci\u00f3 dels afectats en empla\u00e7aments alternatius, evitar o reduir els danys i perjudicis que se\u2019ls pugui originar i recuperar la disponibilitat dels espais per part de l\u2019Ajuntament amb la menor litigiositat possible. At\u00e8s que l\u2019Ajuntament no disposa dels mitjans personals propis necessaris, s\u2019ha optat per contractar l\u2019assessorament legal extern per a la realitzaci\u00f3 de les actuacions seg\u00fcents:<\/span><\/p>\n<ul style=\"text-align: justify;\">\n<li><span style=\"color: #000000;\">Assessorament legal en la ronda de contactes que es realitzi entre l\u2019Ajuntament i els interessats, que inclour\u00e0:<\/span>\n<ul>\n<li><span style=\"color: #000000;\">Assist\u00e8ncia a les reunions amb els interessats, an\u00e0lisi de la viabilitat legal de les propostes d\u2019acord o de transacci\u00f3 que es formulin, assist\u00e8ncia legal en la valoraci\u00f3 de possibles danys i perjudicis.<\/span><\/li>\n<li><span style=\"color: #000000;\">En cas d\u2019arribar a acords, redacci\u00f3 de la documentaci\u00f3 administrativa adient per a implementar-los.<\/span><\/li>\n<\/ul>\n<\/li>\n<\/ul>\n<p style=\"text-align: justify;\"><span style=\"color: #000000;\">El contracte menor s\u2019ha aprovat amb Manubens y asociados, SLP. i ascendir\u00e0 a 8.500\u20ac (m\u00e9s IVA) com a m\u00e0xim. S\u2019especifica l\u2019import m\u00e0xim del contracte perqu\u00e8, atesa la naturalesa del servei d\u2019assessorament legal i la incertesa sobre del termini de negociaci\u00f3, no es pot saber amb antelaci\u00f3 quin ser\u00e0 l\u2019import final del contracte.<\/span><\/p>\n<hr \/>\n<p style=\"text-align: justify;\"><span style=\"color: #000000;\"><strong>CASTELLANO |<\/strong> La Junta de Gobierno local aprob\u00f3, el pasado lunes 27 de enero de 2020, un contrato menor para el servicio de asesoramiento legal en la ronda de contactos con los interesados del expediente de revisi\u00f3n de oficio para declarar nulo de pleno derecho el acuerdo del Pleno del 17 de septiembre del 2013, por el cual se aprob\u00f3 el arrendamiento de una parte del polideportivo municipal a la entidad Club Segle XX, mediante procedimiento directo y precio bonificado, as\u00ed como el contrato de arrendamiento suscrito el 30 de octubre del 2013.<\/span><\/p>\n<p style=\"text-align: justify;\"><span style=\"color: #000000;\">La alcaldesa Agn\u00e8s Ferr\u00e9 ha explicado que \u201cla voluntad del equipo de gobierno es la de evitar o reducir los posibles da\u00f1os y perjuicios que se puedan derivar de la extinci\u00f3n del contrato de arrendamiento de la finca que conforma el polideportivo con la entidad Club Segle XX, en el caso de declararse la nulidad de pleno derecho del acuerdo del Pleno de la Corporaci\u00f3n del 17 de septiembre del 2013, de aprobaci\u00f3n del arrendamiento. Y tambi\u00e9n queremos recuperar la disponibilidad de los espacios, teniendo en cuenta la previsi\u00f3n de iniciar las obras de remodelaci\u00f3n de los mismos\u201d.<\/span><\/p>\n<p style=\"text-align: justify;\"><span style=\"color: #000000;\">Por todo esto, el Ayuntamiento de la Bisbal del Pened\u00e8s iniciar\u00e1 una ronda de contactos con los interesados del expediente de revisi\u00f3n de oficio con la finalidad de explorar eventuales soluciones legales que permitan la reubicaci\u00f3n de los afectados en emplazamientos alternativos, evitar o reducir los da\u00f1os y perjuicios que se les pueda originar y recuperar la disponibilidad de los espacios por parte del Ayuntameinto con la menor litigiosidad posible. Como el Ayuntamiento no dispone de los medios personales propios necesarios, se ha optado por contratar asesoramiento legal externo para la realizaci\u00f3n de las actuaciones siguientes:<\/span><\/p>\n<ul style=\"text-align: justify;\">\n<li><span style=\"color: #000000;\">Asesoramiento legal en la ronda de contactos que se realice entre el Ayuntamiento y los interesados, que incluir\u00e1:<\/span>\n<ul>\n<li><span style=\"color: #000000;\">Asistencia a las reuniones con los interesados, an\u00e1lisis de la viabilidad legal de las propuestas de acuerdo o de transacci\u00f3n que se formulen, asistencia legal en la valoraci\u00f3n de posibles da\u00f1os y perjuicios.<\/span><\/li>\n<li><span style=\"color: #000000;\">En caso de llegar a acuerdos, redacci\u00f3n de la documentaci\u00f3n administrativa adecuada para implementarlos.<\/span><\/li>\n<\/ul>\n<\/li>\n<\/ul>\n<p style=\"text-align: justify;\"><span style=\"color: #000000;\">El contrato menor se ha aprobado con Manubens y asociados, SLP. y ascender\u00e1 a 8.500\u20ac (m\u00e1s IVA) como m\u00e1ximo. Se especifica el importe m\u00e1ximo del contrato porqu\u00e9, dada la naturaleza del servicio de asesoramiento legal y la incertidumbre sobre el plazo de negociaci\u00f3n, no se puede saber de forma anticipada cu\u00e1l ser\u00e1 el importe final del contrato.<\/span><\/p>\n<p>&nbsp;<\/p>\n","protected":false},"excerpt":{"rendered":"<p>La Junta de Govern local va aprovar, el passat dilluns 27 de gener de 2020, un contracte menor per al servei d\u2019assessorament legal en la ronda de contactes amb els &hellip; <a href=\"https:\/\/bisbalpenedes.com\/web\/2020\/02\/01\/la-junta-de-govern-local-ha-aprovat-un-contracte-menor-per-al-servei-dassessorament-legal\/\" class=\"more-link\">Read More<\/a><\/p>\n","protected":false},"author":4,"featured_media":7089,"comment_status":"closed","ping_status":"closed","sticky":false,"template":"","format":"standard","meta":[],"categories":[3085],"tags":[3490,974],"_links":{"self":[{"href":"https:\/\/bisbalpenedes.com\/web\/wp-json\/wp\/v2\/posts\/11831"}],"collection":[{"href":"https:\/\/bisbalpenedes.com\/web\/wp-json\/wp\/v2\/posts"}],"about":[{"href":"https:\/\/bisbalpenedes.com\/web\/wp-json\/wp\/v2\/types\/post"}],"author":[{"embeddable":true,"href":"https:\/\/bisbalpenedes.com\/web\/wp-json\/wp\/v2\/users\/4"}],"replies":[{"embeddable":true,"href":"https:\/\/bisbalpenedes.com\/web\/wp-json\/wp\/v2\/comments?post=11831"}],"version-history":[{"count":1,"href":"https:\/\/bisbalpenedes.com\/web\/wp-json\/wp\/v2\/posts\/11831\/revisions"}],"predecessor-version":[{"id":11832,"href":"https:\/\/bisbalpenedes.com\/web\/wp-json\/wp\/v2\/posts\/11831\/revisions\/11832"}],"wp:featuredmedia":[{"embeddable":true,"href":"https:\/\/bisbalpenedes.com\/web\/wp-json\/wp\/v2\/media\/7089"}],"wp:attachment":[{"href":"https:\/\/bisbalpenedes.com\/web\/wp-json\/wp\/v2\/media?parent=11831"}],"wp:term":[{"taxonomy":"category","embeddable":true,"href":"https:\/\/bisbalpenedes.com\/web\/wp-json\/wp\/v2\/categories?post=11831"},{"taxonomy":"post_tag","embeddable":true,"href":"https:\/\/bisbalpenedes.com\/web\/wp-json\/wp\/v2\/tags?post=11831"}],"curies":[{"name":"wp","href":"https:\/\/api.w.org\/{rel}","templated":true}]}}