{"id":11808,"date":"2020-01-29T16:43:55","date_gmt":"2020-01-29T15:43:55","guid":{"rendered":"http:\/\/bisbalpenedes.com\/web\/?p=11808"},"modified":"2020-01-29T16:45:33","modified_gmt":"2020-01-29T15:45:33","slug":"programa-dactivitats-del-raco-de-la-gent-gran-per-a-lany-2020","status":"publish","type":"post","link":"https:\/\/bisbalpenedes.com\/web\/2020\/01\/29\/programa-dactivitats-del-raco-de-la-gent-gran-per-a-lany-2020\/","title":{"rendered":"Programa d&#8217;activitats del Rac\u00f3 de la Gent Gran per a l&#8217;any 2020"},"content":{"rendered":"<div class=\"\" data-block=\"true\" data-editor=\"fbeur\" data-offset-key=\"5f51-0-0\">\n<div class=\"_1mf _1mj\" style=\"text-align: justify;\" data-offset-key=\"5f51-0-0\"><span style=\"color: #000000;\">El Rac\u00f3 de la Gent Gran continua oferint activitats gratu\u00eftes durant les tardes. Enguany, a m\u00e9s, s&#8217;ha incorporat l&#8217;activitat d&#8217;inform\u00e0tica i iniciaci\u00f3 a les noves tecnologies els dilluns, una activitat que aquests dies estan duent a terme els alumnes de 4t d&#8217;ESO l&#8217;Institut Coster de la Torre en el marc de les activitats de servei a la comunitat que duen a terme en col\u00b7laboraci\u00f3 amb les regidories de la Gent Gran i Serveis Socials de l&#8217;Ajuntament de la Bisbal del Pened\u00e8s.<\/span><\/div>\n<div class=\"_1mf _1mj\" style=\"text-align: justify;\" data-offset-key=\"5f51-0-0\"><\/div>\n<\/div>\n<div class=\"\" style=\"text-align: justify;\" data-block=\"true\" data-editor=\"fbeur\" data-offset-key=\"f5uv0-0-0\"><\/div>\n<div class=\"\" style=\"text-align: justify;\" data-block=\"true\" data-editor=\"fbeur\" data-offset-key=\"54q8u-0-0\">\n<div class=\"_1mf _1mj\" data-offset-key=\"54q8u-0-0\">\n<hr \/>\n<\/div>\n<\/div>\n<div class=\"\" style=\"text-align: justify;\" data-block=\"true\" data-editor=\"fbeur\" data-offset-key=\"9dt22-0-0\"><\/div>\n<div class=\"\" data-block=\"true\" data-editor=\"fbeur\" data-offset-key=\"bs7bg-0-0\">\n<div class=\"_1mf _1mj\" style=\"text-align: justify;\" data-offset-key=\"bs7bg-0-0\"><\/div>\n<div class=\"_1mf _1mj\" style=\"text-align: justify;\" data-offset-key=\"bs7bg-0-0\"><span style=\"color: #000000;\"><strong>CASTELLANO |<\/strong> El Rac\u00f3 de la Gent Gran contin\u00faa ofreciendo actividades gratuitas durante las tardes. Este a\u00f1o, adem\u00e1s, se ha incorporado la actividad de inform\u00e1tica e iniciaci\u00f3n a las nuevas tecnolog\u00edas los lunes, una actividad que estos d\u00edas est\u00e1n llevando a cabo los alumnos de 4\u00ba de ESO del Instituto Coster de la Torre en el marco de las actividades de servicio a la comunidad que llevan a cabo en colaboraci\u00f3n con las concejal\u00edas de la Gente Mayor y Servicios Sociales del Ayuntamiento de la Bisbal del Pened\u00e8s.<\/span><\/div>\n<div class=\"_1mf _1mj\" style=\"text-align: justify;\" data-offset-key=\"bs7bg-0-0\"><\/div>\n<div class=\"_1mf _1mj\" style=\"text-align: justify;\" data-offset-key=\"bs7bg-0-0\"><a href=\"http:\/\/bisbalpenedes.com\/web\/wp-content\/uploads\/2020\/01\/POSTER_ACTIVITATS_RACO_2020def2.jpg\"><img loading=\"lazy\" class=\"aligncenter size-large wp-image-11809\" src=\"http:\/\/bisbalpenedes.com\/web\/wp-content\/uploads\/2020\/01\/POSTER_ACTIVITATS_RACO_2020def2-724x1024.jpg\" alt=\"POSTER_ACTIVITATS_RACO_2020def2\" width=\"630\" height=\"891\" srcset=\"https:\/\/bisbalpenedes.com\/web\/wp-content\/uploads\/2020\/01\/POSTER_ACTIVITATS_RACO_2020def2-724x1024.jpg 724w, https:\/\/bisbalpenedes.com\/web\/wp-content\/uploads\/2020\/01\/POSTER_ACTIVITATS_RACO_2020def2-600x849.jpg 600w, https:\/\/bisbalpenedes.com\/web\/wp-content\/uploads\/2020\/01\/POSTER_ACTIVITATS_RACO_2020def2-212x300.jpg 212w, https:\/\/bisbalpenedes.com\/web\/wp-content\/uploads\/2020\/01\/POSTER_ACTIVITATS_RACO_2020def2-768x1086.jpg 768w, https:\/\/bisbalpenedes.com\/web\/wp-content\/uploads\/2020\/01\/POSTER_ACTIVITATS_RACO_2020def2.jpg 842w\" sizes=\"(max-width: 630px) 100vw, 630px\" \/><\/a><\/div>\n<\/div>\n","protected":false},"excerpt":{"rendered":"<p>El Rac\u00f3 de la Gent Gran continua oferint activitats gratu\u00eftes durant les tardes. Enguany, a m\u00e9s, s&#8217;ha incorporat l&#8217;activitat d&#8217;inform\u00e0tica i iniciaci\u00f3 a les noves tecnologies els dilluns, una activitat &hellip; <a href=\"https:\/\/bisbalpenedes.com\/web\/2020\/01\/29\/programa-dactivitats-del-raco-de-la-gent-gran-per-a-lany-2020\/\" class=\"more-link\">Read More<\/a><\/p>\n","protected":false},"author":4,"featured_media":11809,"comment_status":"closed","ping_status":"closed","sticky":false,"template":"","format":"standard","meta":[],"categories":[3088],"tags":[230,304,118,1532,994,2115],"_links":{"self":[{"href":"https:\/\/bisbalpenedes.com\/web\/wp-json\/wp\/v2\/posts\/11808"}],"collection":[{"href":"https:\/\/bisbalpenedes.com\/web\/wp-json\/wp\/v2\/posts"}],"about":[{"href":"https:\/\/bisbalpenedes.com\/web\/wp-json\/wp\/v2\/types\/post"}],"author":[{"embeddable":true,"href":"https:\/\/bisbalpenedes.com\/web\/wp-json\/wp\/v2\/users\/4"}],"replies":[{"embeddable":true,"href":"https:\/\/bisbalpenedes.com\/web\/wp-json\/wp\/v2\/comments?post=11808"}],"version-history":[{"count":2,"href":"https:\/\/bisbalpenedes.com\/web\/wp-json\/wp\/v2\/posts\/11808\/revisions"}],"predecessor-version":[{"id":11811,"href":"https:\/\/bisbalpenedes.com\/web\/wp-json\/wp\/v2\/posts\/11808\/revisions\/11811"}],"wp:featuredmedia":[{"embeddable":true,"href":"https:\/\/bisbalpenedes.com\/web\/wp-json\/wp\/v2\/media\/11809"}],"wp:attachment":[{"href":"https:\/\/bisbalpenedes.com\/web\/wp-json\/wp\/v2\/media?parent=11808"}],"wp:term":[{"taxonomy":"category","embeddable":true,"href":"https:\/\/bisbalpenedes.com\/web\/wp-json\/wp\/v2\/categories?post=11808"},{"taxonomy":"post_tag","embeddable":true,"href":"https:\/\/bisbalpenedes.com\/web\/wp-json\/wp\/v2\/tags?post=11808"}],"curies":[{"name":"wp","href":"https:\/\/api.w.org\/{rel}","templated":true}]}}