{"id":11805,"date":"2020-01-28T13:55:31","date_gmt":"2020-01-28T12:55:31","guid":{"rendered":"http:\/\/bisbalpenedes.com\/web\/?p=11805"},"modified":"2020-01-28T13:55:45","modified_gmt":"2020-01-28T12:55:45","slug":"lajuntament-sadhereix-al-conveni-de-jove-baix-penedes-per-cinque-any-consecutiu","status":"publish","type":"post","link":"https:\/\/bisbalpenedes.com\/web\/2020\/01\/28\/lajuntament-sadhereix-al-conveni-de-jove-baix-penedes-per-cinque-any-consecutiu\/","title":{"rendered":"L\u2019Ajuntament s\u2019adhereix al conveni de Jove Baix Pened\u00e8s per cinqu\u00e8 any consecutiu"},"content":{"rendered":"<p><span style=\"color: #000000;\">La Junta de Govern celebrada el dilluns 27 de gener de 2020 ha aprovat, a petici\u00f3 de la Regidoria de Joventut, la pr\u00f2rroga del conveni interadministratiu de col\u00b7laboraci\u00f3 \u201cJove Baix Pened\u00e8s\u201d amb el Consell Comarcal del Baix Pened\u00e8s i la resta de municipis de la comarca (a excepci\u00f3 del Vendrell) per a l\u2019exercici 2020. L\u2019import del conveni per a l\u2019Ajuntament de la Bisbal del Pened\u00e8s ascendeix a 3.003\u20ac i inclou programes en mat\u00e8ria de joventut dels \u00e0mbits del treball, la formaci\u00f3, la salut, l\u2019educaci\u00f3, la participaci\u00f3 i la cultura.<\/span><\/p>\n<p><span style=\"color: #000000;\">L\u2019Ajuntament ha participat en els programes de Jove Baix Pened\u00e8s, de forma ininterrompuda, des de l\u2019any 2016, quan va tornar a accedir al projecte.<\/span><\/p>\n<hr \/>\n<p><span style=\"color: #000000;\"><strong>CASTELLANO |<\/strong> La Junta de Gobierno celebrada el lunes 27 de enero de 2020 ha aprobado, a petici\u00f3n de la Concejal\u00eda de Juventud, la pr\u00f3rroga del convenio interadministrativo de colaboraci\u00f3n \u201cJove Baix Pened\u00e8s\u201d con el Consell Comarcal del Baix Pened\u00e8s y el resto de municipios de la comarca (a excepci\u00f3n del Vendrell) para el ejercicio 2020. El importe del convenio para el Ayuntamiento de la Bisbal del Pened\u00e8s asciende a 3.000\u20ac e incluye programas en materia de juventud de los \u00e1mbitos del trabajo, la formaci\u00f3n, la salud, la educaci\u00f3n, la participaci\u00f3n y la cultura.<\/span><\/p>\n<p><span style=\"color: #000000;\">El Ayuntamiento ha participado en los programas de Jove Baix Pened\u00e8s, de forma ininterrumpida, desde el a\u00f1o 2016, cuando volvi\u00f3 a acceder al proyecto.<\/span><\/p>\n","protected":false},"excerpt":{"rendered":"<p>La Junta de Govern celebrada el dilluns 27 de gener de 2020 ha aprovat, a petici\u00f3 de la Regidoria de Joventut, la pr\u00f2rroga del conveni interadministratiu de col\u00b7laboraci\u00f3 \u201cJove Baix &hellip; <a href=\"https:\/\/bisbalpenedes.com\/web\/2020\/01\/28\/lajuntament-sadhereix-al-conveni-de-jove-baix-penedes-per-cinque-any-consecutiu\/\" class=\"more-link\">Read More<\/a><\/p>\n","protected":false},"author":4,"featured_media":8872,"comment_status":"closed","ping_status":"closed","sticky":false,"template":"","format":"standard","meta":[],"categories":[1486],"tags":[1056,1057,210],"_links":{"self":[{"href":"https:\/\/bisbalpenedes.com\/web\/wp-json\/wp\/v2\/posts\/11805"}],"collection":[{"href":"https:\/\/bisbalpenedes.com\/web\/wp-json\/wp\/v2\/posts"}],"about":[{"href":"https:\/\/bisbalpenedes.com\/web\/wp-json\/wp\/v2\/types\/post"}],"author":[{"embeddable":true,"href":"https:\/\/bisbalpenedes.com\/web\/wp-json\/wp\/v2\/users\/4"}],"replies":[{"embeddable":true,"href":"https:\/\/bisbalpenedes.com\/web\/wp-json\/wp\/v2\/comments?post=11805"}],"version-history":[{"count":2,"href":"https:\/\/bisbalpenedes.com\/web\/wp-json\/wp\/v2\/posts\/11805\/revisions"}],"predecessor-version":[{"id":11807,"href":"https:\/\/bisbalpenedes.com\/web\/wp-json\/wp\/v2\/posts\/11805\/revisions\/11807"}],"wp:featuredmedia":[{"embeddable":true,"href":"https:\/\/bisbalpenedes.com\/web\/wp-json\/wp\/v2\/media\/8872"}],"wp:attachment":[{"href":"https:\/\/bisbalpenedes.com\/web\/wp-json\/wp\/v2\/media?parent=11805"}],"wp:term":[{"taxonomy":"category","embeddable":true,"href":"https:\/\/bisbalpenedes.com\/web\/wp-json\/wp\/v2\/categories?post=11805"},{"taxonomy":"post_tag","embeddable":true,"href":"https:\/\/bisbalpenedes.com\/web\/wp-json\/wp\/v2\/tags?post=11805"}],"curies":[{"name":"wp","href":"https:\/\/api.w.org\/{rel}","templated":true}]}}