{"id":11793,"date":"2020-01-27T18:13:25","date_gmt":"2020-01-27T17:13:25","guid":{"rendered":"http:\/\/bisbalpenedes.com\/web\/?p=11793"},"modified":"2020-01-31T11:32:49","modified_gmt":"2020-01-31T10:32:49","slug":"lequip-de-govern-ha-programat-diverses-reunions-per-apropar-el-pressupost-municipal-2020-a-la-ciutadania","status":"publish","type":"post","link":"https:\/\/bisbalpenedes.com\/web\/2020\/01\/27\/lequip-de-govern-ha-programat-diverses-reunions-per-apropar-el-pressupost-municipal-2020-a-la-ciutadania\/","title":{"rendered":"L\u2019equip de govern ha programat diverses reunions per apropar el pressupost municipal 2020 a la ciutadania"},"content":{"rendered":"<p>L\u2019equip de govern ha programat diverses reunions per explicar el pressupost municipal per a l\u2019any 2020, ara que ja s\u2019ha aprovat de forma definitiva. En aquestes reunions s\u2019explicar\u00e0 l\u2019apartat d\u2019ingressos per partides i el de despeses per serveis. Tamb\u00e9 s\u2019explicar\u00e0 el detall de les inversions previstes per enguany i la previsi\u00f3 d\u2019inversions per a l\u2019actual mandat.<\/p>\n<p><span style=\"color: #000000;\">Les dates previstes per fer-les s\u00f3n les seg\u00fcents:<\/span><\/p>\n<ul>\n<li><span style=\"color: #000000;\"><b>PRIORAT DE LA BISBAL\u00a0<span style=\"color: #3366ff;\"><span style=\"text-decoration: underline;\">CANVI DE DATA:<\/span>\u00a0<\/span><\/b>Dilluns 3 de gener a les 17:30h (s&#8217;ha hagut de modificar per motius aliens a la voluntat de l&#8217;Ajuntament)<\/span><\/li>\n<li><span style=\"color: #000000;\"><b>LA MIRALBA:<\/b>\u00a0dimarts 11 de febrer, a les 19h, al local social<\/span><\/li>\n<li><span style=\"color: #000000;\"><b>L&#8217;ESPLAI<\/b>: dilluns 17 de febrer, a les 19h, al local social<\/span><\/li>\n<li><span style=\"color: #000000;\"><b>NUCLI:<\/b>\u00a0dimarts 18 de febrer, a les 19h, a l&#8217;auditori del CMC<\/span><\/li>\n<li><span style=\"color: #000000;\"><b>CAN GORDEI<\/b>: dimarts 25 de febrer, a les 19h, al local social<\/span><\/li>\n<\/ul>\n<p><span style=\"color: #000000;\">El contingut de totes les reunions ser\u00e0 similar. Aix\u00ed, els ve\u00efns del municipi tindran cinc dates per triar, independentment de quin sigui el seu barri.<\/span><\/p>\n<p><span style=\"color: #000000;\">Enlla\u00e7 al Pressupost 2020 del Portal de Transpar\u00e8ncia: <a style=\"color: #000000;\" href=\"https:\/\/bisbalpenedes.eadministracio.cat\/transparency\/14d4c5d9-2db8-40e3-977f-f47b249b0a9b\/\">https:\/\/bisbalpenedes.eadministracio.cat\/transparency\/14d4c5d9-2db8-40e3-977f-f47b249b0a9b\/<\/a><\/span><\/p>\n<p><span style=\"color: #000000;\">Tamb\u00e9 podeu consultar el resum del pressupost aprovat, aqu\u00ed: <a style=\"color: #000000;\" href=\"https:\/\/bisbalpenedes.com\/web\/wp-content\/uploads\/2019\/11\/PRESSUPOST-MUNICIPAL-2020_Ajuntament-de-la-Bisbal-del-Penedes.pdf\">https:\/\/bisbalpenedes.com\/web\/wp-content\/uploads\/2019\/11\/PRESSUPOST-MUNICIPAL-2020_Ajuntament-de-la-Bisbal-del-Penedes.pdf<\/a><\/span><\/p>\n<hr \/>\n<p><span style=\"color: #000000;\"><strong>CASTELLANO |<\/strong> El equipo de gobierno ha programado varias reuniones para explicar el presupuesto municipal para el a\u00f1o 2020, ahora que ya se ha aprobado de forma definitiva. En estas reuniones se explicar\u00e1 el apartado de ingresos por partidas y el de gastos por servicios. Tambi\u00e9n se explicar\u00e1 el detalle de las inversiones previstas para este a\u00f1o y la previsi\u00f3n de inversiones para el mandato actual.<\/span><\/p>\n<p><span style=\"color: #000000;\">Las fechas previstas para hacerlas son las siguientes:<\/span><\/p>\n<ul>\n<li><span style=\"color: #000000;\"><b>PRIORAT DE LA BISBAL<\/b>\u00a0<span style=\"text-decoration: underline; color: #3366ff;\"><b>CAMBIO DE FECHA:<\/b><\/span>\u00a0Lunes 3 de enero a las 17:30h (se ha tenido que modificar por motivos ajenos a la voluntad del Ayuntamiento)<\/span><\/li>\n<li><span style=\"color: #000000;\"><b>LA MIRALBA:<\/b>\u00a0martes 11 de febrero, a las 19h, en el local social<\/span><\/li>\n<li><span style=\"color: #000000;\"><b>L&#8217;ESPLAI:\u00a0<\/b>lunes 17 de febrero, a las 19h, en el local social<\/span><\/li>\n<li><span style=\"color: #000000;\"><b>N\u00daCLEO\u00a0<\/b>(CMC): martes 18 de febrero, a las 19h, en el auditorio del CMC<\/span><\/li>\n<li><span style=\"color: #000000;\"><b>CAN GORDEI:\u00a0<\/b>martes 25 de febrero, a las 19h, en el local social<\/span><\/li>\n<\/ul>\n<p><span style=\"color: #000000;\">El contenido de todas las reuniones ser\u00e1 similar. As\u00ed, los vecinos del municipio tendr\u00e1n cinco fechas para escoger, independientemente de cual sea su barrio.<\/span><\/p>\n<p><span style=\"color: #000000;\">Enlace al Presupuesto 2020 del Portal de Transparencia: <a style=\"color: #000000;\" href=\"https:\/\/bisbalpenedes.eadministracio.cat\/transparency\/14d4c5d9-2db8-40e3-977f-f47b249b0a9b\/\">https:\/\/bisbalpenedes.eadministracio.cat\/transparency\/14d4c5d9-2db8-40e3-977f-f47b249b0a9b\/<\/a><\/span><\/p>\n<p><span style=\"color: #000000;\">Tambi\u00e9n pod\u00e9is consultar el resumen del presupuesto aprobado, aqu\u00ed: <a style=\"color: #000000;\" href=\"https:\/\/bisbalpenedes.com\/web\/wp-content\/uploads\/2019\/11\/PRESSUPOST-MUNICIPAL-2020_Ajuntament-de-la-Bisbal-del-Penedes.pdf\">https:\/\/bisbalpenedes.com\/web\/wp-content\/uploads\/2019\/11\/PRESSUPOST-MUNICIPAL-2020_Ajuntament-de-la-Bisbal-del-Penedes.pdf<\/a><\/span><\/p>\n<p>&nbsp;<\/p>\n<p><a href=\"http:\/\/bisbalpenedes.com\/web\/wp-content\/uploads\/2020\/01\/cartell_pressupost_explicacio_2020canvi.jpg\"><img loading=\"lazy\" class=\"aligncenter size-large wp-image-11822\" src=\"http:\/\/bisbalpenedes.com\/web\/wp-content\/uploads\/2020\/01\/cartell_pressupost_explicacio_2020canvi-724x1024.jpg\" alt=\"cartell_pressupost_explicacio_2020canvi\" width=\"630\" height=\"891\" srcset=\"https:\/\/bisbalpenedes.com\/web\/wp-content\/uploads\/2020\/01\/cartell_pressupost_explicacio_2020canvi-724x1024.jpg 724w, https:\/\/bisbalpenedes.com\/web\/wp-content\/uploads\/2020\/01\/cartell_pressupost_explicacio_2020canvi-600x848.jpg 600w, https:\/\/bisbalpenedes.com\/web\/wp-content\/uploads\/2020\/01\/cartell_pressupost_explicacio_2020canvi-212x300.jpg 212w, https:\/\/bisbalpenedes.com\/web\/wp-content\/uploads\/2020\/01\/cartell_pressupost_explicacio_2020canvi-768x1086.jpg 768w, https:\/\/bisbalpenedes.com\/web\/wp-content\/uploads\/2020\/01\/cartell_pressupost_explicacio_2020canvi.jpg 1754w\" sizes=\"(max-width: 630px) 100vw, 630px\" \/><\/a><\/p>\n<p>&nbsp;<\/p>\n","protected":false},"excerpt":{"rendered":"<p>L\u2019equip de govern ha programat diverses reunions per explicar el pressupost municipal per a l\u2019any 2020, ara que ja s\u2019ha aprovat de forma definitiva. En aquestes reunions s\u2019explicar\u00e0 l\u2019apartat d\u2019ingressos &hellip; <a href=\"https:\/\/bisbalpenedes.com\/web\/2020\/01\/27\/lequip-de-govern-ha-programat-diverses-reunions-per-apropar-el-pressupost-municipal-2020-a-la-ciutadania\/\" class=\"more-link\">Read More<\/a><\/p>\n","protected":false},"author":4,"featured_media":11822,"comment_status":"closed","ping_status":"closed","sticky":false,"template":"","format":"standard","meta":[],"categories":[2152],"tags":[198,276,246,790,515,3486,520,2375],"_links":{"self":[{"href":"https:\/\/bisbalpenedes.com\/web\/wp-json\/wp\/v2\/posts\/11793"}],"collection":[{"href":"https:\/\/bisbalpenedes.com\/web\/wp-json\/wp\/v2\/posts"}],"about":[{"href":"https:\/\/bisbalpenedes.com\/web\/wp-json\/wp\/v2\/types\/post"}],"author":[{"embeddable":true,"href":"https:\/\/bisbalpenedes.com\/web\/wp-json\/wp\/v2\/users\/4"}],"replies":[{"embeddable":true,"href":"https:\/\/bisbalpenedes.com\/web\/wp-json\/wp\/v2\/comments?post=11793"}],"version-history":[{"count":4,"href":"https:\/\/bisbalpenedes.com\/web\/wp-json\/wp\/v2\/posts\/11793\/revisions"}],"predecessor-version":[{"id":11824,"href":"https:\/\/bisbalpenedes.com\/web\/wp-json\/wp\/v2\/posts\/11793\/revisions\/11824"}],"wp:featuredmedia":[{"embeddable":true,"href":"https:\/\/bisbalpenedes.com\/web\/wp-json\/wp\/v2\/media\/11822"}],"wp:attachment":[{"href":"https:\/\/bisbalpenedes.com\/web\/wp-json\/wp\/v2\/media?parent=11793"}],"wp:term":[{"taxonomy":"category","embeddable":true,"href":"https:\/\/bisbalpenedes.com\/web\/wp-json\/wp\/v2\/categories?post=11793"},{"taxonomy":"post_tag","embeddable":true,"href":"https:\/\/bisbalpenedes.com\/web\/wp-json\/wp\/v2\/tags?post=11793"}],"curies":[{"name":"wp","href":"https:\/\/api.w.org\/{rel}","templated":true}]}}