{"id":11783,"date":"2020-01-27T18:31:36","date_gmt":"2020-01-27T17:31:36","guid":{"rendered":"http:\/\/bisbalpenedes.com\/web\/?p=11783"},"modified":"2020-01-27T18:53:54","modified_gmt":"2020-01-27T17:53:54","slug":"els-alumnes-de-4t-deso-de-linstitut-coster-de-la-torre-collaboren-amb-les-regidories-de-la-gent-gran-i-serveis-socials-fent-activitats-de-servei-a-la-comunitat","status":"publish","type":"post","link":"https:\/\/bisbalpenedes.com\/web\/2020\/01\/27\/els-alumnes-de-4t-deso-de-linstitut-coster-de-la-torre-collaboren-amb-les-regidories-de-la-gent-gran-i-serveis-socials-fent-activitats-de-servei-a-la-comunitat\/","title":{"rendered":"Els alumnes de 4t d\u2019ESO de l\u2019Institut Coster de la Torre col\u00b7laboren amb les regidories de la Gent Gran i Serveis Socials fent activitats de servei a la comunitat"},"content":{"rendered":"<p style=\"text-align: justify;\"><span style=\"color: #000000;\"><a href=\"http:\/\/bisbalpenedes.com\/web\/wp-content\/uploads\/2020\/01\/SERVEI-GENT-GRAN-INSTA-INSTITUT-3.jpg\"><img loading=\"lazy\" class=\"aligncenter size-large wp-image-11797\" src=\"http:\/\/bisbalpenedes.com\/web\/wp-content\/uploads\/2020\/01\/SERVEI-GENT-GRAN-INSTA-INSTITUT-3-1024x512.jpg\" alt=\"SERVEI GENT GRAN INSTA INSTITUT 3\" width=\"630\" height=\"315\" srcset=\"https:\/\/bisbalpenedes.com\/web\/wp-content\/uploads\/2020\/01\/SERVEI-GENT-GRAN-INSTA-INSTITUT-3-1024x512.jpg 1024w, https:\/\/bisbalpenedes.com\/web\/wp-content\/uploads\/2020\/01\/SERVEI-GENT-GRAN-INSTA-INSTITUT-3-600x300.jpg 600w, https:\/\/bisbalpenedes.com\/web\/wp-content\/uploads\/2020\/01\/SERVEI-GENT-GRAN-INSTA-INSTITUT-3-300x150.jpg 300w, https:\/\/bisbalpenedes.com\/web\/wp-content\/uploads\/2020\/01\/SERVEI-GENT-GRAN-INSTA-INSTITUT-3-768x384.jpg 768w, https:\/\/bisbalpenedes.com\/web\/wp-content\/uploads\/2020\/01\/SERVEI-GENT-GRAN-INSTA-INSTITUT-3.jpg 1600w\" sizes=\"(max-width: 630px) 100vw, 630px\" \/><\/a><\/span><\/p>\n<p style=\"text-align: justify;\"><span style=\"color: #000000;\">Els alumnes de 4t d\u2019ESO de l\u2019Institut Coster de la Torre destinaran 10 hores a activitats de servei a la comunitat, fora del seu horari lectiu, del 27 de gener al 7 de febrer.<\/span><\/p>\n<p style=\"text-align: justify;\"><span style=\"color: #000000;\">Per dur a terme aquestes activitats, els alumnes col\u00b7laboraran amb les Regidories de la Gent Gran i Serveis Socials. D\u2019una banda, mostraran als usuaris i les usu\u00e0ries del Rac\u00f3 de la Gent Gran com fer servir les noves tecnologies i, de l\u2019altra, faran una recollida d\u2019aliments i productes d\u2019higiene personal per al Rebost Solidari durant aquesta setmana i la vinent. Els comer\u00e7os on trobareu el punt de recollida s\u00f3n: Cal Perebusquet, Supermercat Jaume-Suma Autoservei, Aliprox, Fruiteria Agro-Verd i Fruites i Verdures Montserrat.<\/span><\/p>\n<p style=\"text-align: justify;\"><span style=\"color: #000000;\">El Servei Comunitari s\u2019impulsa des del Departament d\u2019Ensenyament de la Generalitat de Catalunya i persegueix l\u2019objectiu que l\u2019alumnat experimenti i protagonitzi accions de comprom\u00eds c\u00edvic, relacionant-se directament amb la ciutadania i posant en joc els seus coneixements i capacitats al servei de la comunitat.<\/span><\/p>\n<hr \/>\n<p style=\"text-align: justify;\"><span style=\"color: #000000;\"><strong>CASTELLANO |<\/strong> Los alumnos de 4\u00ba de ESO del Instituto Coster de la Torre destinar\u00e1n 10 horas de actividades de servicio a la comunidad, fuera de su horario lectivo, del 27 de enero al 7 de febrero.<\/span><\/p>\n<p style=\"text-align: justify;\"><span style=\"color: #000000;\">Para llevar a cabo estas actividades, los alumnos colaborar\u00e1n con las Concejal\u00edas de la Gente Mayor y Servicios Sociales. Por un lado, mostrar\u00e1n a los usuarios y las usuarias del Rac\u00f3 de la Gent Gran como utilizar las nuevas tecnolog\u00edas y, por otro lado, har\u00e1n una recogida de alimentos y productos de higiene personal para el Rebost Solidari durante esta semana y la que viene. Los comercios donde encontrar\u00e9is el punto de recogida s\u00f3n:\u00a0Cal Perebusquet, Supermercat Jaume-Suma Autoservei, Aliprox, Fruiteria Agro-Verd i Fruites y Verdures Montserrat.<\/span><\/p>\n<p style=\"text-align: justify;\"><span style=\"color: #000000;\">El Servicio Comunitario se impulsa desde el Departamento de Educaci\u00f3n de la Generalitat de Catalunya y persigue el objetivo de que el alumnado experimente y protagonice acciones de compromiso c\u00edvico, relacion\u00e1ndose directamente con la ciudadan\u00eda y poniendo en juego sus conocimientos y capacidades al servicio de la comunidad.<\/span><\/p>\n","protected":false},"excerpt":{"rendered":"<p>Els alumnes de 4t d\u2019ESO de l\u2019Institut Coster de la Torre destinaran 10 hores a activitats de servei a la comunitat, fora del seu horari lectiu, del 27 de gener &hellip; <a href=\"https:\/\/bisbalpenedes.com\/web\/2020\/01\/27\/els-alumnes-de-4t-deso-de-linstitut-coster-de-la-torre-collaboren-amb-les-regidories-de-la-gent-gran-i-serveis-socials-fent-activitats-de-servei-a-la-comunitat\/\" class=\"more-link\">Read More<\/a><\/p>\n","protected":false},"author":4,"featured_media":0,"comment_status":"closed","ping_status":"closed","sticky":false,"template":"","format":"standard","meta":[],"categories":[464,17],"tags":[305,566,1475,3485,2644,3484,268],"_links":{"self":[{"href":"https:\/\/bisbalpenedes.com\/web\/wp-json\/wp\/v2\/posts\/11783"}],"collection":[{"href":"https:\/\/bisbalpenedes.com\/web\/wp-json\/wp\/v2\/posts"}],"about":[{"href":"https:\/\/bisbalpenedes.com\/web\/wp-json\/wp\/v2\/types\/post"}],"author":[{"embeddable":true,"href":"https:\/\/bisbalpenedes.com\/web\/wp-json\/wp\/v2\/users\/4"}],"replies":[{"embeddable":true,"href":"https:\/\/bisbalpenedes.com\/web\/wp-json\/wp\/v2\/comments?post=11783"}],"version-history":[{"count":2,"href":"https:\/\/bisbalpenedes.com\/web\/wp-json\/wp\/v2\/posts\/11783\/revisions"}],"predecessor-version":[{"id":11798,"href":"https:\/\/bisbalpenedes.com\/web\/wp-json\/wp\/v2\/posts\/11783\/revisions\/11798"}],"wp:attachment":[{"href":"https:\/\/bisbalpenedes.com\/web\/wp-json\/wp\/v2\/media?parent=11783"}],"wp:term":[{"taxonomy":"category","embeddable":true,"href":"https:\/\/bisbalpenedes.com\/web\/wp-json\/wp\/v2\/categories?post=11783"},{"taxonomy":"post_tag","embeddable":true,"href":"https:\/\/bisbalpenedes.com\/web\/wp-json\/wp\/v2\/tags?post=11783"}],"curies":[{"name":"wp","href":"https:\/\/api.w.org\/{rel}","templated":true}]}}