{"id":11772,"date":"2020-01-23T13:39:17","date_gmt":"2020-01-23T12:39:17","guid":{"rendered":"http:\/\/bisbalpenedes.com\/web\/?p=11772"},"modified":"2020-01-30T15:54:18","modified_gmt":"2020-01-30T14:54:18","slug":"les-audicions-del-1r-quadrimestre-de-lescola-municipal-de-musica-tindran-lloc-del-28-al-30-de-gener","status":"publish","type":"post","link":"https:\/\/bisbalpenedes.com\/web\/2020\/01\/23\/les-audicions-del-1r-quadrimestre-de-lescola-municipal-de-musica-tindran-lloc-del-28-al-30-de-gener\/","title":{"rendered":"Les audicions del 1r quadrimestre de l\u2019Escola Municipal de M\u00fasica tindran lloc del 28 al 30 de gener"},"content":{"rendered":"<p style=\"text-align: center;\"><a href=\"http:\/\/bisbalpenedes.com\/web\/wp-content\/uploads\/2020\/01\/Photo-19-12-2018-19-26-02.jpg\"><img loading=\"lazy\" class=\"alignnone size-medium wp-image-11773\" src=\"http:\/\/bisbalpenedes.com\/web\/wp-content\/uploads\/2020\/01\/Photo-19-12-2018-19-26-02-300x225.jpg\" alt=\"audicions escola musica nadal 2018\" width=\"300\" height=\"225\" srcset=\"https:\/\/bisbalpenedes.com\/web\/wp-content\/uploads\/2020\/01\/Photo-19-12-2018-19-26-02-300x225.jpg 300w, https:\/\/bisbalpenedes.com\/web\/wp-content\/uploads\/2020\/01\/Photo-19-12-2018-19-26-02-600x450.jpg 600w, https:\/\/bisbalpenedes.com\/web\/wp-content\/uploads\/2020\/01\/Photo-19-12-2018-19-26-02-768x576.jpg 768w, https:\/\/bisbalpenedes.com\/web\/wp-content\/uploads\/2020\/01\/Photo-19-12-2018-19-26-02-1024x768.jpg 1024w\" sizes=\"(max-width: 300px) 100vw, 300px\" \/><\/a><\/p>\n<p style=\"text-align: justify;\"><span style=\"color: #000000;\">Els alumnes de l\u2019Escola Municipal de M\u00fasica de la Bisbal del Pened\u00e8s faran les seves audicions del 28 al 30 de gener.<\/span><\/p>\n<p style=\"text-align: justify;\"><span style=\"color: #000000;\">L\u2019Escola de M\u00fasica Contrapunt \u00e9s qui gestiona, des d\u2019aquest curs, l\u2019Escola Municipal de M\u00fasica. Aquesta escola presta servei a diverses escoles de m\u00fasica a la comarca i ha programat les audicions de tots els alumnes de cada disciplina en els seg\u00fcents dies, hores i llocs (nom\u00e9s s\u2019han incl\u00f2s els horaris que afecten els alumnes bisbalencs):<\/span><\/p>\n<p style=\"padding-left: 30px; text-align: justify;\"><span style=\"color: #000000;\">-Dimarts 28 de gener, a les 18:00h, audicions de baix i guitarra al Centre C\u00edvic de Cal Cego de Cunit.<\/span><\/p>\n<p style=\"padding-left: 30px; text-align: justify;\"><span style=\"color: #000000;\">-Dimecres 29 de gener, a les 17:00h, audici\u00f3 de bateries i conjunts\/combos a l\u2019auditori del CMC de la Bisbal del Pened\u00e8s.<\/span><\/p>\n<p style=\"padding-left: 30px; text-align: justify;\"><span style=\"color: #000000;\">-Dijous 30 de gener, a les 17:30h, audicions de piano i vent a l\u2019auditori del CMC de la Bisbal del Pened\u00e8s.<\/span><\/p>\n<p style=\"text-align: justify;\"><span style=\"color: #000000;\">Per a qualsevol dubte o consulta, podeu contactar amb l\u2019Escola de m\u00fasica mitjan\u00e7ant el correu electr\u00f2nic <a style=\"color: #000000;\" href=\"mailto:info@escolacontrapunt.cat\">info@escolacontrapunt.cat<\/a> o trucant al tel\u00e8fon 608987287.<\/span><\/p>\n<p style=\"text-align: justify;\">\n<hr \/>\n<p style=\"text-align: justify;\"><span style=\"color: #000000;\"><strong>CASTELLANO |<\/strong> Los alumnos de la Escuela Municipal de M\u00fasica de la Bisbal del Pened\u00e8s har\u00e1n sus audiciones del 28 al 30 de enero.<\/span><\/p>\n<p style=\"text-align: justify;\"><span style=\"color: #000000;\">La Escuela de M\u00fasica Contrapunt es quien gestiona, desde este curso, la Escuela Municipal de M\u00fasica. Esta escuela presta servicio en varias escuelas de m\u00fasica de la comarca y ha programado las audiciones de todos los alumnos de cada disciplina en los siguientes d\u00edas, horas y lugares (solo se han incluido los horarios que afectan a los alumnos bisbalenses):<\/span><\/p>\n<p style=\"padding-left: 30px; text-align: justify;\"><span style=\"color: #000000;\">-Mares 28 de enero, a las 18:00h, audiciones de bajo y guitarra en el Centre C\u00edvic de Cal Cego de Cunit.<\/span><\/p>\n<p style=\"padding-left: 30px; text-align: justify;\"><span style=\"color: #000000;\">-Mi\u00e9rcoles 29 de enero, a las 17:00h, audici\u00f3n de bater\u00edas y conjuntos\/combos\u00a0en el\u00a0 auditorio del CMC de la Bisbal del Pened\u00e8s.<\/span><\/p>\n<p style=\"padding-left: 30px; text-align: justify;\"><span style=\"color: #000000;\">-Jueves 30 de enero, a las 17.30h, audiciones de piano y viento en el auditorio del CMC de la Bisbal del Pened\u00e8s.<\/span><\/p>\n<p style=\"text-align: justify;\"><span style=\"color: #000000;\">Para cualquier duda o consulta, pod\u00e9is contactar con la Escuela de m\u00fasica mediante el correo electr\u00f3nico <a style=\"color: #000000;\" href=\"mailto:info@escolacontrapunt.cat\">info@escolacontrapunt.cat<\/a> o llamando al tel\u00e9fono 608987287.<\/span><\/p>\n<p style=\"text-align: justify;\">\n<p>&nbsp;<\/p>\n","protected":false},"excerpt":{"rendered":"<p>Els alumnes de l\u2019Escola Municipal de M\u00fasica de la Bisbal del Pened\u00e8s faran les seves audicions del 28 al 30 de gener. L\u2019Escola de M\u00fasica Contrapunt \u00e9s qui gestiona, des &hellip; <a href=\"https:\/\/bisbalpenedes.com\/web\/2020\/01\/23\/les-audicions-del-1r-quadrimestre-de-lescola-municipal-de-musica-tindran-lloc-del-28-al-30-de-gener\/\" class=\"more-link\">Read More<\/a><\/p>\n","protected":false},"author":4,"featured_media":11773,"comment_status":"closed","ping_status":"closed","sticky":false,"template":"","format":"standard","meta":[],"categories":[2397],"tags":[1926,781,72],"_links":{"self":[{"href":"https:\/\/bisbalpenedes.com\/web\/wp-json\/wp\/v2\/posts\/11772"}],"collection":[{"href":"https:\/\/bisbalpenedes.com\/web\/wp-json\/wp\/v2\/posts"}],"about":[{"href":"https:\/\/bisbalpenedes.com\/web\/wp-json\/wp\/v2\/types\/post"}],"author":[{"embeddable":true,"href":"https:\/\/bisbalpenedes.com\/web\/wp-json\/wp\/v2\/users\/4"}],"replies":[{"embeddable":true,"href":"https:\/\/bisbalpenedes.com\/web\/wp-json\/wp\/v2\/comments?post=11772"}],"version-history":[{"count":4,"href":"https:\/\/bisbalpenedes.com\/web\/wp-json\/wp\/v2\/posts\/11772\/revisions"}],"predecessor-version":[{"id":11821,"href":"https:\/\/bisbalpenedes.com\/web\/wp-json\/wp\/v2\/posts\/11772\/revisions\/11821"}],"wp:featuredmedia":[{"embeddable":true,"href":"https:\/\/bisbalpenedes.com\/web\/wp-json\/wp\/v2\/media\/11773"}],"wp:attachment":[{"href":"https:\/\/bisbalpenedes.com\/web\/wp-json\/wp\/v2\/media?parent=11772"}],"wp:term":[{"taxonomy":"category","embeddable":true,"href":"https:\/\/bisbalpenedes.com\/web\/wp-json\/wp\/v2\/categories?post=11772"},{"taxonomy":"post_tag","embeddable":true,"href":"https:\/\/bisbalpenedes.com\/web\/wp-json\/wp\/v2\/tags?post=11772"}],"curies":[{"name":"wp","href":"https:\/\/api.w.org\/{rel}","templated":true}]}}