{"id":11770,"date":"2020-01-22T19:24:44","date_gmt":"2020-01-22T18:24:44","guid":{"rendered":"http:\/\/bisbalpenedes.com\/web\/?p=11770"},"modified":"2020-01-22T19:26:21","modified_gmt":"2020-01-22T18:26:21","slug":"el-dissabte-25-de-gener-a-les-18h-tindra-lloc-el-contacontes-mensual-de-la-biblioteca-publica","status":"publish","type":"post","link":"https:\/\/bisbalpenedes.com\/web\/2020\/01\/22\/el-dissabte-25-de-gener-a-les-18h-tindra-lloc-el-contacontes-mensual-de-la-biblioteca-publica\/","title":{"rendered":"El dissabte 25 de gener a les 18h tindr\u00e0 lloc el contacontes mensual de la Biblioteca p\u00fablica"},"content":{"rendered":"<p><span style=\"color: #000000;\">Aquest dissabte 25 de gener, a les 18h, tindr\u00e0 lloc el contacontes mensual de la Biblioteca p\u00fablica de la Bisbal del Pened\u00e8s (ubicada a l\u2019edifici del Centre Municipal de Cultura, a la pla\u00e7a Major).<\/span><\/p>\n<p><span style=\"color: #000000;\">En acabar hi haur\u00e0 berenar sense gluten.<\/span><\/p>\n<hr \/>\n<p><span style=\"color: #000000;\">Este s\u00e1bado 25 de enero, a las 18h, tendr\u00e1 lugar el cuentacuentos mensual de la Biblioteca p\u00fablica de la Bisbal del Pened\u00e8s (ubicada en el edificio del Centre Municipal de Cultura, en la plaza Mayor).<\/span><\/p>\n<p><span style=\"color: #000000;\">Al finalizar habr\u00e1 merienda sin gluten.<\/span><\/p>\n<p><a href=\"http:\/\/bisbalpenedes.com\/web\/wp-content\/uploads\/2018\/02\/Contacontes-gener-2020.png\"><img loading=\"lazy\" class=\"alignnone size-medium wp-image-11767\" src=\"http:\/\/bisbalpenedes.com\/web\/wp-content\/uploads\/2018\/02\/Contacontes-gener-2020-188x300.png\" alt=\"Contacontes gener 2020\" width=\"188\" height=\"300\" srcset=\"https:\/\/bisbalpenedes.com\/web\/wp-content\/uploads\/2018\/02\/Contacontes-gener-2020-188x300.png 188w, https:\/\/bisbalpenedes.com\/web\/wp-content\/uploads\/2018\/02\/Contacontes-gener-2020-600x958.png 600w, https:\/\/bisbalpenedes.com\/web\/wp-content\/uploads\/2018\/02\/Contacontes-gener-2020.png 601w\" sizes=\"(max-width: 188px) 100vw, 188px\" \/><\/a><\/p>\n","protected":false},"excerpt":{"rendered":"<p>Aquest dissabte 25 de gener, a les 18h, tindr\u00e0 lloc el contacontes mensual de la Biblioteca p\u00fablica de la Bisbal del Pened\u00e8s (ubicada a l\u2019edifici del Centre Municipal de Cultura, &hellip; <a href=\"https:\/\/bisbalpenedes.com\/web\/2020\/01\/22\/el-dissabte-25-de-gener-a-les-18h-tindra-lloc-el-contacontes-mensual-de-la-biblioteca-publica\/\" class=\"more-link\">Read More<\/a><\/p>\n","protected":false},"author":4,"featured_media":11767,"comment_status":"closed","ping_status":"closed","sticky":false,"template":"","format":"standard","meta":[],"categories":[2478,13],"tags":[180,421,225,217,148],"_links":{"self":[{"href":"https:\/\/bisbalpenedes.com\/web\/wp-json\/wp\/v2\/posts\/11770"}],"collection":[{"href":"https:\/\/bisbalpenedes.com\/web\/wp-json\/wp\/v2\/posts"}],"about":[{"href":"https:\/\/bisbalpenedes.com\/web\/wp-json\/wp\/v2\/types\/post"}],"author":[{"embeddable":true,"href":"https:\/\/bisbalpenedes.com\/web\/wp-json\/wp\/v2\/users\/4"}],"replies":[{"embeddable":true,"href":"https:\/\/bisbalpenedes.com\/web\/wp-json\/wp\/v2\/comments?post=11770"}],"version-history":[{"count":1,"href":"https:\/\/bisbalpenedes.com\/web\/wp-json\/wp\/v2\/posts\/11770\/revisions"}],"predecessor-version":[{"id":11771,"href":"https:\/\/bisbalpenedes.com\/web\/wp-json\/wp\/v2\/posts\/11770\/revisions\/11771"}],"wp:featuredmedia":[{"embeddable":true,"href":"https:\/\/bisbalpenedes.com\/web\/wp-json\/wp\/v2\/media\/11767"}],"wp:attachment":[{"href":"https:\/\/bisbalpenedes.com\/web\/wp-json\/wp\/v2\/media?parent=11770"}],"wp:term":[{"taxonomy":"category","embeddable":true,"href":"https:\/\/bisbalpenedes.com\/web\/wp-json\/wp\/v2\/categories?post=11770"},{"taxonomy":"post_tag","embeddable":true,"href":"https:\/\/bisbalpenedes.com\/web\/wp-json\/wp\/v2\/tags?post=11770"}],"curies":[{"name":"wp","href":"https:\/\/api.w.org\/{rel}","templated":true}]}}