{"id":1176,"date":"2015-04-20T18:29:08","date_gmt":"2015-04-20T12:29:08","guid":{"rendered":"http:\/\/bisbalpenedes.com\/web\/?p=1176"},"modified":"2015-04-20T18:29:57","modified_gmt":"2015-04-20T12:29:57","slug":"diada-de-sant-jordi-2015","status":"publish","type":"post","link":"https:\/\/bisbalpenedes.com\/web\/2015\/04\/20\/diada-de-sant-jordi-2015\/","title":{"rendered":"Diada de sant Jordi 2015"},"content":{"rendered":"<p>23 d&#8217;abril a les 11 hores, a la Riba, a la pla\u00e7a Lluis Companys, vine a ballar, farem una grabaci\u00f3 d\u2019un video de Zumba per un Flashmob Despr\u00e9s, baixarem tots junts amb el Drac de Sant Jordi, cap a la Pla\u00e7a de l\u2019Esgl\u00e9sia i acabarem el video del ball a la pla\u00e7a de l\u2019Era de Batre, davant del Centre de Dia Rosa d\u2019Abril<br \/>\nNens i nenes celebrem ballant el Sant Jordi!!!!,<br \/>\nvestits de pr\u00ednceps i princeses, dracs o qualsevol classe de disfressa<\/p>\n<p>A les 17:30 a la pla\u00e7a Major davant del CMC  Actuaci\u00f3 del Mag Sebasti\u00e0<\/p>\n<p>A les 18:30 Al Centre Municipal de Cultura  Presentaci\u00f3 del llibre de Sant Jordi<br \/>\n\u201cLa Bisbal, pas a pas.  Arxiu fotogr\u00e0fic de l\u2019Ajuntament de la Bisbal. Anys 1940 a 1959\u201d <\/p>\n<p>I a continuaci\u00f3, xocolatada per acabar de festejar el Sant Jordi<\/p>\n","protected":false},"excerpt":{"rendered":"<p>23 d&#8217;abril a les 11 hores, a la Riba, a la pla\u00e7a Lluis Companys, vine a ballar, farem una grabaci\u00f3 d\u2019un video de Zumba per un Flashmob Despr\u00e9s, baixarem tots &hellip; <a href=\"https:\/\/bisbalpenedes.com\/web\/2015\/04\/20\/diada-de-sant-jordi-2015\/\" class=\"more-link\">Read More<\/a><\/p>\n","protected":false},"author":1,"featured_media":506,"comment_status":"closed","ping_status":"open","sticky":false,"template":"","format":"standard","meta":[],"categories":[13],"tags":[64],"_links":{"self":[{"href":"https:\/\/bisbalpenedes.com\/web\/wp-json\/wp\/v2\/posts\/1176"}],"collection":[{"href":"https:\/\/bisbalpenedes.com\/web\/wp-json\/wp\/v2\/posts"}],"about":[{"href":"https:\/\/bisbalpenedes.com\/web\/wp-json\/wp\/v2\/types\/post"}],"author":[{"embeddable":true,"href":"https:\/\/bisbalpenedes.com\/web\/wp-json\/wp\/v2\/users\/1"}],"replies":[{"embeddable":true,"href":"https:\/\/bisbalpenedes.com\/web\/wp-json\/wp\/v2\/comments?post=1176"}],"version-history":[{"count":2,"href":"https:\/\/bisbalpenedes.com\/web\/wp-json\/wp\/v2\/posts\/1176\/revisions"}],"predecessor-version":[{"id":1178,"href":"https:\/\/bisbalpenedes.com\/web\/wp-json\/wp\/v2\/posts\/1176\/revisions\/1178"}],"wp:featuredmedia":[{"embeddable":true,"href":"https:\/\/bisbalpenedes.com\/web\/wp-json\/wp\/v2\/media\/506"}],"wp:attachment":[{"href":"https:\/\/bisbalpenedes.com\/web\/wp-json\/wp\/v2\/media?parent=1176"}],"wp:term":[{"taxonomy":"category","embeddable":true,"href":"https:\/\/bisbalpenedes.com\/web\/wp-json\/wp\/v2\/categories?post=1176"},{"taxonomy":"post_tag","embeddable":true,"href":"https:\/\/bisbalpenedes.com\/web\/wp-json\/wp\/v2\/tags?post=1176"}],"curies":[{"name":"wp","href":"https:\/\/api.w.org\/{rel}","templated":true}]}}