{"id":11759,"date":"2020-01-22T18:49:05","date_gmt":"2020-01-22T17:49:05","guid":{"rendered":"http:\/\/bisbalpenedes.com\/web\/?p=11759"},"modified":"2020-01-22T18:58:18","modified_gmt":"2020-01-22T17:58:18","slug":"la-revista-el-marge-sacomiada-amb-una-darrera-edicio-dedicada-al-plastic","status":"publish","type":"post","link":"https:\/\/bisbalpenedes.com\/web\/2020\/01\/22\/la-revista-el-marge-sacomiada-amb-una-darrera-edicio-dedicada-al-plastic\/","title":{"rendered":"La revista El Marge s&#8217;acomiada amb una darrera edici\u00f3 dedicada al pl\u00e0stic"},"content":{"rendered":"<div class=\"\" data-block=\"true\" data-editor=\"1ria1\" data-offset-key=\"2eibg-0-0\">\n<div class=\"_1mf _1mj\" data-offset-key=\"2eibg-0-0\"><span style=\"color: #000000;\"><span data-offset-key=\"2eibg-0-0\"><span data-text=\"true\">Ja ha sortit al carrer una nova edici\u00f3 de la revista <\/span><\/span><span class=\"_247o\" spellcheck=\"false\" data-offset-key=\"2eibg-1-0\"><span data-offset-key=\"2eibg-1-0\"><span data-text=\"true\">El Marge<\/span><\/span><\/span><span data-offset-key=\"2eibg-2-0\"><span data-text=\"true\">, editada des de la secci\u00f3 mediambiental de l&#8217;ADF Clot de Bou i, segons llegim a l&#8217;editorial, ser\u00e0 la darrera. <\/span><\/span><\/span><\/div>\n<\/div>\n<div class=\"\" data-block=\"true\" data-editor=\"1ria1\" data-offset-key=\"2g4d3-0-0\">\n<div class=\"_1mf _1mj\" data-offset-key=\"2g4d3-0-0\"><span style=\"color: #000000;\" data-offset-key=\"2g4d3-0-0\"><span data-text=\"true\">La podeu adquirir a l&#8217;Estanc Ca l&#8217;Enric, al carrer Major, n\u00fam. 27. <\/span><\/span><\/div>\n<div class=\"_1mf _1mj\" data-offset-key=\"2g4d3-0-0\"><span style=\"color: #000000;\" data-offset-key=\"2g4d3-0-0\"><span data-text=\"true\">A la part inferior d&#8217;aquesta p\u00e0gina us copiem el fragment de l&#8217;editorial en qu\u00e8 l&#8217;equip redactor s&#8217;acomiada.<\/span><\/span><\/div>\n<div class=\"_1mf _1mj\" data-offset-key=\"2g4d3-0-0\"><span style=\"color: #000000;\">Des de l&#8217;Ajuntament de la Bisbal del Pened\u00e8s\u00a0volem aprofitar aquesta publicaci\u00f3 per agrair\u00a0la tasca de tots i totes\u00a0les que heu fet possible aquesta publicaci\u00f3 al llarg d&#8217;aquests 18 anys.<\/span><\/div>\n<\/div>\n<div class=\"\" data-block=\"true\" data-editor=\"1ria1\" data-offset-key=\"fbpdn-0-0\">\n<div class=\"_1mf _1mj\" data-offset-key=\"fbpdn-0-0\"><span style=\"color: #000000;\" data-offset-key=\"fbpdn-0-0\">\u00a0<\/span><\/div>\n<\/div>\n<div class=\"\" data-block=\"true\" data-editor=\"1ria1\" data-offset-key=\"3m11v-0-0\">\n<div class=\"_1mf _1mj\" data-offset-key=\"3m11v-0-0\">\n<hr \/>\n<p><span style=\"color: #000000;\" data-offset-key=\"3m11v-0-0\"><span data-text=\"true\"><br \/>\n<\/span><\/span><\/p>\n<\/div>\n<\/div>\n<div class=\"\" data-block=\"true\" data-editor=\"1ria1\" data-offset-key=\"bldn6-0-0\">\n<div class=\"_1mf _1mj\" data-offset-key=\"bldn6-0-0\"><span style=\"color: #000000;\"><span data-offset-key=\"bldn6-0-0\">\u00a0<\/span><strong>CASTELLANO |<\/strong> Ya ha salido a la calle una nueva edici\u00f3n de la revista El Marge, editada desde la secci\u00f3n medioambiental de la ADF Clot de Bou y, seg\u00fan leemos en el editorial, ser\u00e1 la \u00faltima.<\/span><\/div>\n<\/div>\n<div class=\"\" data-block=\"true\" data-editor=\"1ria1\" data-offset-key=\"es3mg-0-0\">\n<div class=\"_1mf _1mj\" data-offset-key=\"es3mg-0-0\"><span style=\"color: #000000;\" data-offset-key=\"es3mg-0-0\"><span data-text=\"true\">La pod\u00e9is adquirir en el Estanco Ca l&#8217;Enric, en la calle Mayor, n\u00fam. 27.<\/span><\/span><\/div>\n<div class=\"_1mf _1mj\" data-offset-key=\"es3mg-0-0\"><span style=\"color: #000000;\">En la parte inferior de esta p\u00e1gina os copiamos el fragmento de la editorial en la que el equipo redactor se despide.<\/span><\/div>\n<div class=\"_1mf _1mj\" data-offset-key=\"es3mg-0-0\"><span style=\"color: #000000;\">Desde el Ayuntamiento de la Bisbal del Pened\u00e8s queremos aprovechar esta publicaci\u00f3n para agradecer el trabajo de todos y todas las que hab\u00e9is hecho posible esta publicaci\u00f3n a lo largo de estos 18 a\u00f1os.<\/span><\/div>\n<\/div>\n<div class=\"\" data-block=\"true\" data-editor=\"1ria1\" data-offset-key=\"86q4-0-0\">\n<div class=\"_1mf _1mj\" data-offset-key=\"86q4-0-0\"><span style=\"color: #000000;\" data-offset-key=\"86q4-0-0\">\u00a0<\/span><\/div>\n<\/div>\n<div class=\"\" data-block=\"true\" data-editor=\"1ria1\" data-offset-key=\"2p3ah-0-0\">\n<div class=\"_1mf _1mj\" data-offset-key=\"2p3ah-0-0\"><span style=\"color: #000000;\"><a style=\"color: #000000;\" href=\"http:\/\/bisbalpenedes.com\/web\/wp-content\/uploads\/2020\/01\/REVISTA-EL-MARGE-GENER-2020.jpg\"><img loading=\"lazy\" class=\"alignnone size-large wp-image-11760\" src=\"http:\/\/bisbalpenedes.com\/web\/wp-content\/uploads\/2020\/01\/REVISTA-EL-MARGE-GENER-2020-752x1024.jpg\" alt=\"REVISTA EL MARGE GENER 2020\" width=\"630\" height=\"858\" srcset=\"https:\/\/bisbalpenedes.com\/web\/wp-content\/uploads\/2020\/01\/REVISTA-EL-MARGE-GENER-2020-752x1024.jpg 752w, https:\/\/bisbalpenedes.com\/web\/wp-content\/uploads\/2020\/01\/REVISTA-EL-MARGE-GENER-2020-600x817.jpg 600w, https:\/\/bisbalpenedes.com\/web\/wp-content\/uploads\/2020\/01\/REVISTA-EL-MARGE-GENER-2020-220x300.jpg 220w, https:\/\/bisbalpenedes.com\/web\/wp-content\/uploads\/2020\/01\/REVISTA-EL-MARGE-GENER-2020-768x1046.jpg 768w, https:\/\/bisbalpenedes.com\/web\/wp-content\/uploads\/2020\/01\/REVISTA-EL-MARGE-GENER-2020.jpg 828w\" sizes=\"(max-width: 630px) 100vw, 630px\" \/><\/a><\/span><\/div>\n<\/div>\n<div class=\"_1mf _1mj\" data-offset-key=\"2p3ah-0-0\"><span style=\"color: #000000;\">\u00a0<\/span><\/div>\n<div class=\"_1mf _1mj\" data-offset-key=\"2p3ah-0-0\"><span style=\"color: #000000;\">Fragment de l&#8217;editorial de la darrera revista El Marge, corresponent al 2n semestre de 2019 i al n\u00famero 59:<\/span><\/div>\n<div class=\"_1mf _1mj\" data-offset-key=\"2p3ah-0-0\"><span style=\"color: #000000;\">\u00a0<\/span><\/div>\n<div class=\"_1mf _1mj\" style=\"padding-left: 30px;\" data-offset-key=\"2p3ah-0-0\"><span style=\"color: #000000;\"><em>&#8220;Us deixem! L&#8217;actual equip redactor de El Marge ha decidit que aquest n\u00famero que teniu a les mans ser\u00e0 el darrer que veur\u00e0 la llum. Tot a la vida transcorre en etapes i ara tanquem una etapa que vam comen\u00e7ar l&#8217;any 2001. 18 anys! D\u00e9u-n&#8217;hi-do! Aquest \u00faltim n\u00famero porta el 59. Vam comen\u00e7ar amb una periodicitat trimestral, fent coincidir aproximadament la sortida de cada exemplar amb cada estaci\u00f3 de l&#8217;any. Quatre n\u00fameros l&#8217;any. M\u00e9s endavant, sense poder mantenir el ritme de feina, es va reduir a dos per any.<\/em><\/span><\/div>\n<div class=\"_1mf _1mj\" style=\"padding-left: 30px;\" data-offset-key=\"2p3ah-0-0\"><span style=\"color: #000000;\"><em>No cal dir que, per a l&#8217;equip redactor, ha estat un repte i una feinada treure, no gaire puntualment en ocasions, cada n\u00famero. Estigueu segurs que la decisi\u00f3 presa no ha estat f\u00e0cil. I que no \u00e9s gens agradable haver de donar per acabada aquesta etapa. per\u00f2 com ha dit un redactor. &#8216;N\u00e9ixer, cr\u00e9ixer, reproduir-se i morir. Espero que en la tercera fase h\u00e0gim semblat alguna llavor&#8217;.<\/em><\/span><\/div>\n<div class=\"_1mf _1mj\" style=\"padding-left: 30px;\" data-offset-key=\"2p3ah-0-0\"><span style=\"color: #000000;\"><em>Arriba l&#8217;hora de recordar totes les persones que han fet possible aquest projecte. Redactors\/res i col\u00b7laboradors\/res que ens hem de felicitar i regraciar. A la p\u00e0gina 31 hi ha una llarga llista d&#8217;aquestes persones. Esperem no haver-nos deixat ning\u00fa. Tothom, amb la seva participaci\u00f3, m\u00e9s o menys ass\u00eddua, ha fet realitat que h\u00e0gim arribat a les 59 revistes. Especialment interessants les col\u00b7laboracions del Benjam\u00ed Catal\u00e0 i de l&#8217;Heribert Ventosa. Tamb\u00e9 un record molt especial als qui ja no s\u00f3n entre nosaltres: Josep Vall\u00e8s, Montserrat Ortiz, Vicen\u00e7 Sol\u00e9, Anton Mitjans, Manuel Marc\u00e9, Maties Massalles&#8230;<\/em><\/span><\/div>\n<div class=\"_1mf _1mj\" style=\"padding-left: 30px;\" data-offset-key=\"2p3ah-0-0\"><span style=\"color: #000000;\"><em>I per acabar, nom\u00e9s ens queda agrair als nostres subscriptors i lectors la bona acollida que heu dispensat a aquest butllet\u00ed.<\/em><\/span><\/div>\n<div class=\"_1mf _1mj\" style=\"padding-left: 30px;\" data-offset-key=\"2p3ah-0-0\"><span style=\"color: #000000;\"><em>Moltes gr\u00e0cies a tots i totes!&#8221;<\/em><\/span><\/div>\n<div class=\"_1mf _1mj\" data-offset-key=\"2p3ah-0-0\"><span style=\"color: #000000;\">\u00a0<\/span><\/div>\n","protected":false},"excerpt":{"rendered":"<p>Ja ha sortit al carrer una nova edici\u00f3 de la revista El Marge, editada des de la secci\u00f3 mediambiental de l&#8217;ADF Clot de Bou i, segons llegim a l&#8217;editorial, ser\u00e0 &hellip; <a href=\"https:\/\/bisbalpenedes.com\/web\/2020\/01\/22\/la-revista-el-marge-sacomiada-amb-una-darrera-edicio-dedicada-al-plastic\/\" class=\"more-link\">Read More<\/a><\/p>\n","protected":false},"author":4,"featured_media":11760,"comment_status":"closed","ping_status":"closed","sticky":false,"template":"","format":"standard","meta":[],"categories":[20,32],"tags":[3370,1776,351,1447],"_links":{"self":[{"href":"https:\/\/bisbalpenedes.com\/web\/wp-json\/wp\/v2\/posts\/11759"}],"collection":[{"href":"https:\/\/bisbalpenedes.com\/web\/wp-json\/wp\/v2\/posts"}],"about":[{"href":"https:\/\/bisbalpenedes.com\/web\/wp-json\/wp\/v2\/types\/post"}],"author":[{"embeddable":true,"href":"https:\/\/bisbalpenedes.com\/web\/wp-json\/wp\/v2\/users\/4"}],"replies":[{"embeddable":true,"href":"https:\/\/bisbalpenedes.com\/web\/wp-json\/wp\/v2\/comments?post=11759"}],"version-history":[{"count":6,"href":"https:\/\/bisbalpenedes.com\/web\/wp-json\/wp\/v2\/posts\/11759\/revisions"}],"predecessor-version":[{"id":11766,"href":"https:\/\/bisbalpenedes.com\/web\/wp-json\/wp\/v2\/posts\/11759\/revisions\/11766"}],"wp:featuredmedia":[{"embeddable":true,"href":"https:\/\/bisbalpenedes.com\/web\/wp-json\/wp\/v2\/media\/11760"}],"wp:attachment":[{"href":"https:\/\/bisbalpenedes.com\/web\/wp-json\/wp\/v2\/media?parent=11759"}],"wp:term":[{"taxonomy":"category","embeddable":true,"href":"https:\/\/bisbalpenedes.com\/web\/wp-json\/wp\/v2\/categories?post=11759"},{"taxonomy":"post_tag","embeddable":true,"href":"https:\/\/bisbalpenedes.com\/web\/wp-json\/wp\/v2\/tags?post=11759"}],"curies":[{"name":"wp","href":"https:\/\/api.w.org\/{rel}","templated":true}]}}