{"id":11724,"date":"2020-01-22T14:43:09","date_gmt":"2020-01-22T13:43:09","guid":{"rendered":"http:\/\/bisbalpenedes.com\/web\/?p=11724"},"modified":"2020-01-22T14:53:47","modified_gmt":"2020-01-22T13:53:47","slug":"lajuntament-de-la-bisbal-del-penedes-ha-estat-present-en-la-xii-gala-dels-premis-gaudi","status":"publish","type":"post","link":"https:\/\/bisbalpenedes.com\/web\/2020\/01\/22\/lajuntament-de-la-bisbal-del-penedes-ha-estat-present-en-la-xii-gala-dels-premis-gaudi\/","title":{"rendered":"L\u2019Ajuntament de la Bisbal del Pened\u00e8s ha estat present en la XII Gala dels Premis Gaud\u00ed"},"content":{"rendered":"<p style=\"text-align: center;\"><a href=\"http:\/\/bisbalpenedes.com\/web\/wp-content\/uploads\/2020\/01\/PREMIS-GAUDI-2020.jpg\"><img loading=\"lazy\" class=\"alignnone size-full wp-image-11725\" src=\"http:\/\/bisbalpenedes.com\/web\/wp-content\/uploads\/2020\/01\/PREMIS-GAUDI-2020.jpg\" alt=\"PREMIS GAUDI 2020\" width=\"500\" height=\"400\" srcset=\"https:\/\/bisbalpenedes.com\/web\/wp-content\/uploads\/2020\/01\/PREMIS-GAUDI-2020.jpg 500w, https:\/\/bisbalpenedes.com\/web\/wp-content\/uploads\/2020\/01\/PREMIS-GAUDI-2020-300x240.jpg 300w\" sizes=\"(max-width: 500px) 100vw, 500px\" \/><\/a><\/p>\n<p style=\"text-align: justify;\"><span style=\"color: #000000;\">La Regidoria de Cultura de l\u2019Ajuntament de la Bisbal del Pened\u00e8s ha estat present a la XII Gala dels Premis Gaud\u00ed, celebrada a Barcelona el diumenge 19 de gener de 2020.<\/span><\/p>\n<p style=\"text-align: justify;\"><span style=\"color: #000000;\">La Bisbal del Pened\u00e8s \u00e9s l\u2019\u00fanic municipi baixpenedesenc que forma part del Cicle Gaud\u00ed, el circuit estable de cinema en catal\u00e0 que cada darrer diumenge de mes apropa les creacions fetes per professionals de Catalunya al p\u00fablic de la vila i la seva rodalia. L\u2019ajuntament bisbalenc s\u2019hi va adherir el 2017 i, des d\u2019aleshores, ha projectat una pel\u00b7l\u00edcula cada mes (a excepci\u00f3 dels mesos de juliol i agost), oferint el benefici de les entrades a aquelles entitats que s\u2019ofereixen per gestionar la taquilla en cadascuna de les sessions.<\/span><\/p>\n<p style=\"text-align: justify;\"><span style=\"color: #000000;\">Durant el 2019, la Bisbal ha acollit la projecci\u00f3 d\u2019algunes pel\u00b7l\u00edcules premiades durant la XII Gala dels Premis Gaud\u00ed. \u00c9s el cas de \u201cEls dies que vindran\u201d (setembre de 2019), proclamada millor pel\u00b7l\u00edcula i guardonada amb els premis a millor muntatge i millor protagonista femenina, o \u201cSet raons per fugir\u201d, que ha rebut el premi especial del p\u00fablic a millor pel\u00b7l\u00edcula. L\u2019altra gran premiada de la nit ha estat \u201cLa hija de un ladr\u00f3n\u201d, guardonada amb els premis a la millor pel\u00b7l\u00edcula no catalana, la millor direcci\u00f3 i el millor gui\u00f3 (per Bel\u00e9n Funes i Mar\u00e7al Cebrian). Aquest llargmetratge es podr\u00e0 veure el proper dissabte 29 de febrer, a les 18h, a l\u2019Auditori Salb\u00e0 del Centre Municipal de Cultura (CMC).<\/span><\/p>\n<p style=\"text-align: center;\"><a href=\"http:\/\/bisbalpenedes.com\/web\/wp-content\/uploads\/2020\/01\/aaff-cartel-lahijadeunadron-logoscolor-1568705792.jpg\"><img loading=\"lazy\" class=\"alignnone size-medium wp-image-11735\" src=\"http:\/\/bisbalpenedes.com\/web\/wp-content\/uploads\/2020\/01\/aaff-cartel-lahijadeunadron-logoscolor-1568705792-210x300.jpg\" alt=\"LA HIJA DE UN LADRON CARTELL\" width=\"210\" height=\"300\" srcset=\"https:\/\/bisbalpenedes.com\/web\/wp-content\/uploads\/2020\/01\/aaff-cartel-lahijadeunadron-logoscolor-1568705792-210x300.jpg 210w, https:\/\/bisbalpenedes.com\/web\/wp-content\/uploads\/2020\/01\/aaff-cartel-lahijadeunadron-logoscolor-1568705792.jpg 480w\" sizes=\"(max-width: 210px) 100vw, 210px\" \/><\/a><\/p>\n<hr \/>\n<p style=\"text-align: justify;\"><span style=\"color: #000000;\"><strong>CASTELLANO |<\/strong> La Concejal\u00eda de Cultura del Ayuntamiento de la Bisbal del Pened\u00e8s ha estado presente en la XII Gala de los Premios Gaud\u00ed, celebrada en Barcelona el domingo 19 de enero de 2020.<\/span><\/p>\n<p style=\"text-align: justify;\"><span style=\"color: #000000;\">La Bisbal del Pened\u00e8s es el \u00fanico municipio del Baix Pened\u00e8s que forma parte del Cicle Gaud\u00ed, el circuito estable de cinen en catal\u00e1n que cada primer domingo de mes acerca las creaciones hechas por profesionales de Catalunya al p\u00fablico del municipio y sus alrededores. El Ayuntamiento bisbalense se adhiri\u00f3 al circuito en el 2017 y, desde entonces, ha proyectado una pel\u00edcula cada mes (a excepci\u00f3n de los meses de julio y agosto), ofreciendo el beneficio de las entradas a aquellas entidades que se ofrecen para gestionar la taquilla en cada una de las sesiones.<\/span><\/p>\n<p style=\"text-align: justify;\"><span style=\"color: #000000;\">Durante el 2019, la Bisbal ha acogido la proyecci\u00f3n de algunas pel\u00edculas premiadas durante la XII Gala de los Premios Gaud\u00ed. Es el caso de \u201cEls dies que vindran\u201d (septiembre del 2019), proclamada mejor pel\u00edcula y galardonada con los premios a mejor montaje y mejor protagonista femenina, o \u201cSet raons per fugir\u201d, que ha recibido el premio especial del p\u00fablico a mejor pel\u00edcula. La otra gran premiada de la noche ha sido \u201cLa hija del ladr\u00f3n\u201d, galardonada con los premios a la mejor pel\u00edcula no catalana, la mejor direcci\u00f3n y el mejor gui\u00f3n (para Bel\u00e9n Funes y Mar\u00e7al Cebri\u00e1n). Este largometraje se podr\u00e1 ver el pr\u00f3ximo s\u00e1bado 29 de febrero, a las 18h, en el Auditorio Salb\u00e0 del Centre Municipal de Cultura (CMC).<\/span><\/p>\n<p style=\"text-align: center;\"><a href=\"http:\/\/bisbalpenedes.com\/web\/wp-content\/uploads\/2020\/01\/aaff-cartel-lahijadeunadron-logoscolor-1568705792.jpg\"><img loading=\"lazy\" class=\"alignnone size-medium wp-image-11735\" src=\"http:\/\/bisbalpenedes.com\/web\/wp-content\/uploads\/2020\/01\/aaff-cartel-lahijadeunadron-logoscolor-1568705792-210x300.jpg\" alt=\"LA HIJA DE UN LADRON CARTELL\" width=\"210\" height=\"300\" srcset=\"https:\/\/bisbalpenedes.com\/web\/wp-content\/uploads\/2020\/01\/aaff-cartel-lahijadeunadron-logoscolor-1568705792-210x300.jpg 210w, https:\/\/bisbalpenedes.com\/web\/wp-content\/uploads\/2020\/01\/aaff-cartel-lahijadeunadron-logoscolor-1568705792.jpg 480w\" sizes=\"(max-width: 210px) 100vw, 210px\" \/><\/a><\/p>\n<p>&nbsp;<\/p>\n","protected":false},"excerpt":{"rendered":"<p>La Regidoria de Cultura de l\u2019Ajuntament de la Bisbal del Pened\u00e8s ha estat present a la XII Gala dels Premis Gaud\u00ed, celebrada a Barcelona el diumenge 19 de gener de &hellip; <a href=\"https:\/\/bisbalpenedes.com\/web\/2020\/01\/22\/lajuntament-de-la-bisbal-del-penedes-ha-estat-present-en-la-xii-gala-dels-premis-gaudi\/\" class=\"more-link\">Read More<\/a><\/p>\n","protected":false},"author":4,"featured_media":11725,"comment_status":"closed","ping_status":"closed","sticky":false,"template":"","format":"standard","meta":[],"categories":[13],"tags":[3481,308,3480],"_links":{"self":[{"href":"https:\/\/bisbalpenedes.com\/web\/wp-json\/wp\/v2\/posts\/11724"}],"collection":[{"href":"https:\/\/bisbalpenedes.com\/web\/wp-json\/wp\/v2\/posts"}],"about":[{"href":"https:\/\/bisbalpenedes.com\/web\/wp-json\/wp\/v2\/types\/post"}],"author":[{"embeddable":true,"href":"https:\/\/bisbalpenedes.com\/web\/wp-json\/wp\/v2\/users\/4"}],"replies":[{"embeddable":true,"href":"https:\/\/bisbalpenedes.com\/web\/wp-json\/wp\/v2\/comments?post=11724"}],"version-history":[{"count":3,"href":"https:\/\/bisbalpenedes.com\/web\/wp-json\/wp\/v2\/posts\/11724\/revisions"}],"predecessor-version":[{"id":11738,"href":"https:\/\/bisbalpenedes.com\/web\/wp-json\/wp\/v2\/posts\/11724\/revisions\/11738"}],"wp:featuredmedia":[{"embeddable":true,"href":"https:\/\/bisbalpenedes.com\/web\/wp-json\/wp\/v2\/media\/11725"}],"wp:attachment":[{"href":"https:\/\/bisbalpenedes.com\/web\/wp-json\/wp\/v2\/media?parent=11724"}],"wp:term":[{"taxonomy":"category","embeddable":true,"href":"https:\/\/bisbalpenedes.com\/web\/wp-json\/wp\/v2\/categories?post=11724"},{"taxonomy":"post_tag","embeddable":true,"href":"https:\/\/bisbalpenedes.com\/web\/wp-json\/wp\/v2\/tags?post=11724"}],"curies":[{"name":"wp","href":"https:\/\/api.w.org\/{rel}","templated":true}]}}