{"id":11715,"date":"2020-01-22T14:28:17","date_gmt":"2020-01-22T13:28:17","guid":{"rendered":"http:\/\/bisbalpenedes.com\/web\/?p=11715"},"modified":"2020-01-30T15:48:58","modified_gmt":"2020-01-30T14:48:58","slug":"el-8-de-febrer-comenca-el-xxiii-cicle-de-conferencies-de-tematica-castellera","status":"publish","type":"post","link":"https:\/\/bisbalpenedes.com\/web\/2020\/01\/22\/el-8-de-febrer-comenca-el-xxiii-cicle-de-conferencies-de-tematica-castellera\/","title":{"rendered":"El 8 de febrer comen\u00e7a el XXIII\u00e8 Cicle de confer\u00e8ncies de tem\u00e0tica castellera de la Societat"},"content":{"rendered":"<p style=\"text-align: justify;\"><span style=\"color: #000000;\">La Societat Cultural i Recreativa Bisbalenca ha organitzat un nou cicle de confer\u00e8ncies de tem\u00e0tica castellera. Les\u00a0activitats previstes s\u00f3n les seg\u00fcents:<\/span><\/p>\n<ul>\n<li style=\"text-align: justify;\"><span style=\"color: #000000;\">Dissabte 8 de febrer, a les 19h, conversa entre l&#8217;analista casteller Jordi Andreu i el gestor cultural Jordi Bertran, autor del llibre &#8220;Breu hist\u00f2ria dels castells i la muixeranga als Pa\u00efsos Catalans&#8221;.<\/span><\/li>\n<li style=\"text-align: justify;\"><span style=\"color: #000000;\">Dissabte 15 de febrer, a les 19h, confer\u00e8ncia &#8220;50 anys de pres\u00e8ncia castellera a Sitges: Castellers de Sitges (1971-1988) i Jove de Sitges (des de 1993)&#8221;, a c\u00e0rrec de Santi Terrazas, director de la Revista Castells.<\/span><\/li>\n<li style=\"text-align: justify;\"><span style=\"color: #000000;\">Dissabte 14 de mar\u00e7, a les 19h, taula rodona sobre el Concurs de Castells amb la participaci\u00f3 de Xavier Gonz\u00e0lez, director t\u00e8cnic, i un representant de la colla Vella dels Xiquets de Valls, la Colla Joves Xiquets de Valls, els Castellers de Vilafranca i la Colla Jove Xiquets de Tarragona. Moderar\u00e0 la taula el cronista casteller Pep Ribes.<\/span><\/li>\n<\/ul>\n<hr \/>\n<p style=\"text-align: justify;\"><span style=\"color: #000000;\"><strong>CASTELLANO |<\/strong> La Societat Cultural i Recreativa Bisbalenca ha organizado un nuevo ciclo de conferencias de tem\u00e1tica castellera. Las\u00a0actividades previstas son las siguientes:<\/span><\/p>\n<ul>\n<li style=\"text-align: justify;\"><span style=\"color: #000000;\">S\u00e1bado 8 de febrero, a las 19h, conversaci\u00f3n entre el analista casteller Jordi Andreu y el gestor cultural Jordi Bertran, autor del libro &#8220;Breu hist\u00f2ria dels castellers i la muixeranga als Pa\u00efsos Catalans&#8221;.<\/span><\/li>\n<li style=\"text-align: justify;\"><span style=\"color: #000000;\">S\u00e1bado 15 de febrero, a las 19h, conferencia &#8220;50 a\u00f1os de presencia castellera en Sitges: Castellers de Sitges (1971-1988) y Jove de Sitges (desde 1993)&#8221;, a cargo de Santi Terrazas, director de la Revista Castells.<\/span><\/li>\n<li style=\"text-align: justify;\"><span style=\"color: #000000;\">S\u00e1bado 14 de marzo, a las 19h, mesa redonda sobre el Concurs de Catells con la participaci\u00f3n de Xavier Gonz\u00e1lez, director t\u00e9cnico, y un representante de la colla Vella dels Xiquets de Valls, la Colla Joves Xiquets de Valls, los Castellers de Vilafranca y la Colla Jove Xiquets de Tarragona. Moderar\u00e1 la mesa el\u00a0cronista casteller Pep Ribes.<\/span><\/li>\n<\/ul>\n<p><a href=\"http:\/\/bisbalpenedes.com\/web\/wp-content\/uploads\/2020\/01\/Cartell-ConferEncies-Castelleres-2020.png\"><img loading=\"lazy\" class=\"aligncenter size-large wp-image-11818\" src=\"http:\/\/bisbalpenedes.com\/web\/wp-content\/uploads\/2020\/01\/Cartell-ConferEncies-Castelleres-2020-724x1024.png\" alt=\"Cartell ConferEncies Castelleres 2020\" width=\"630\" height=\"891\" srcset=\"https:\/\/bisbalpenedes.com\/web\/wp-content\/uploads\/2020\/01\/Cartell-ConferEncies-Castelleres-2020-724x1024.png 724w, https:\/\/bisbalpenedes.com\/web\/wp-content\/uploads\/2020\/01\/Cartell-ConferEncies-Castelleres-2020-600x849.png 600w, https:\/\/bisbalpenedes.com\/web\/wp-content\/uploads\/2020\/01\/Cartell-ConferEncies-Castelleres-2020-212x300.png 212w, https:\/\/bisbalpenedes.com\/web\/wp-content\/uploads\/2020\/01\/Cartell-ConferEncies-Castelleres-2020-768x1086.png 768w, https:\/\/bisbalpenedes.com\/web\/wp-content\/uploads\/2020\/01\/Cartell-ConferEncies-Castelleres-2020.png 1587w\" sizes=\"(max-width: 630px) 100vw, 630px\" \/><\/a><\/p>\n","protected":false},"excerpt":{"rendered":"<p>La Societat Cultural i Recreativa Bisbalenca ha organitzat un nou cicle de confer\u00e8ncies de tem\u00e0tica castellera. Les\u00a0activitats previstes s\u00f3n les seg\u00fcents: Dissabte 8 de febrer, a les 19h, conversa entre &hellip; <a href=\"https:\/\/bisbalpenedes.com\/web\/2020\/01\/22\/el-8-de-febrer-comenca-el-xxiii-cicle-de-conferencies-de-tematica-castellera\/\" class=\"more-link\">Read More<\/a><\/p>\n","protected":false},"author":4,"featured_media":11718,"comment_status":"closed","ping_status":"closed","sticky":false,"template":"","format":"standard","meta":[],"categories":[20],"tags":[1216,377,3472,379,667,3479,1217,2792,3470,3471,3473,3477,3475,3474,3476,3478],"_links":{"self":[{"href":"https:\/\/bisbalpenedes.com\/web\/wp-json\/wp\/v2\/posts\/11715"}],"collection":[{"href":"https:\/\/bisbalpenedes.com\/web\/wp-json\/wp\/v2\/posts"}],"about":[{"href":"https:\/\/bisbalpenedes.com\/web\/wp-json\/wp\/v2\/types\/post"}],"author":[{"embeddable":true,"href":"https:\/\/bisbalpenedes.com\/web\/wp-json\/wp\/v2\/users\/4"}],"replies":[{"embeddable":true,"href":"https:\/\/bisbalpenedes.com\/web\/wp-json\/wp\/v2\/comments?post=11715"}],"version-history":[{"count":5,"href":"https:\/\/bisbalpenedes.com\/web\/wp-json\/wp\/v2\/posts\/11715\/revisions"}],"predecessor-version":[{"id":11820,"href":"https:\/\/bisbalpenedes.com\/web\/wp-json\/wp\/v2\/posts\/11715\/revisions\/11820"}],"wp:featuredmedia":[{"embeddable":true,"href":"https:\/\/bisbalpenedes.com\/web\/wp-json\/wp\/v2\/media\/11718"}],"wp:attachment":[{"href":"https:\/\/bisbalpenedes.com\/web\/wp-json\/wp\/v2\/media?parent=11715"}],"wp:term":[{"taxonomy":"category","embeddable":true,"href":"https:\/\/bisbalpenedes.com\/web\/wp-json\/wp\/v2\/categories?post=11715"},{"taxonomy":"post_tag","embeddable":true,"href":"https:\/\/bisbalpenedes.com\/web\/wp-json\/wp\/v2\/tags?post=11715"}],"curies":[{"name":"wp","href":"https:\/\/api.w.org\/{rel}","templated":true}]}}