{"id":11704,"date":"2020-01-21T22:57:35","date_gmt":"2020-01-21T21:57:35","guid":{"rendered":"http:\/\/bisbalpenedes.com\/web\/?p=11704"},"modified":"2020-01-22T15:02:15","modified_gmt":"2020-01-22T14:02:15","slug":"del-24-al-26-de-gener-gaudeix-de-la-festa-major-dhivern-2020","status":"publish","type":"post","link":"https:\/\/bisbalpenedes.com\/web\/2020\/01\/21\/del-24-al-26-de-gener-gaudeix-de-la-festa-major-dhivern-2020\/","title":{"rendered":"Del 24 al 26 de gener gaudiu de la Festa Major d&#8217;Hivern 2020"},"content":{"rendered":"<p><span style=\"color: #000000;\">El proper cap de setmana tindr\u00e0 lloc la Festa Major d\u2019Hivern de la Bisbal del Pened\u00e8s. Els actes comen\u00e7aran el divendres 24 de gener a la tarda i s\u2019allargaran fins al diumenge 26 de gener a la tarda. <\/span><\/p>\n<p><span style=\"color: #000000;\">Organitza: Societat Cultural i Recreativa Bisbalenca<\/span><\/p>\n<p><span style=\"color: #000000;\">Hi col\u00b7labora l&#8217;Ajuntament de la Bisbal del Pened\u00e8s<\/span><\/p>\n<p><span style=\"color: #000000;\">(Altres col\u00b7laboradors al peu del cartell)<\/span><\/p>\n<hr \/>\n<p><span style=\"color: #000000;\"><b>CASTELLANO |<\/b> El pr\u00f3ximo fin de semana tendr\u00e1 lugar la Fiesta Mayor de Invierno de la Bisbal del Pened\u00e8s. Los actos empezar\u00e1n el viernes 24 de enero por la tarde y se alargar\u00e1n hasta el domingo 26 de enero por la tarde.<\/span><\/p>\n<p><span style=\"color: #000000;\">Organiza: Societat Cultural i Recreativa Bisbalenca<\/span><\/p>\n<p><span style=\"color: #000000;\">Colabora el Ayuntamiento de la Bisbal del Pened\u00e8s<\/span><\/p>\n<p><span style=\"color: #000000;\">(Otros colaboradores en el pie del cartel)<\/span><\/p>\n<p><a href=\"http:\/\/bisbalpenedes.com\/web\/wp-content\/uploads\/2018\/02\/FESTA-MAJOR-HIVERN-2020D.jpg\"><img loading=\"lazy\" class=\"aligncenter size-large wp-image-11702\" src=\"http:\/\/bisbalpenedes.com\/web\/wp-content\/uploads\/2018\/02\/FESTA-MAJOR-HIVERN-2020D-458x1024.jpg\" alt=\"FESTA-MAJOR-HIVERN-2020D\" width=\"458\" height=\"1024\" srcset=\"https:\/\/bisbalpenedes.com\/web\/wp-content\/uploads\/2018\/02\/FESTA-MAJOR-HIVERN-2020D-458x1024.jpg 458w, https:\/\/bisbalpenedes.com\/web\/wp-content\/uploads\/2018\/02\/FESTA-MAJOR-HIVERN-2020D-600x1343.jpg 600w, https:\/\/bisbalpenedes.com\/web\/wp-content\/uploads\/2018\/02\/FESTA-MAJOR-HIVERN-2020D-134x300.jpg 134w, https:\/\/bisbalpenedes.com\/web\/wp-content\/uploads\/2018\/02\/FESTA-MAJOR-HIVERN-2020D-768x1719.jpg 768w, https:\/\/bisbalpenedes.com\/web\/wp-content\/uploads\/2018\/02\/FESTA-MAJOR-HIVERN-2020D-scaled.jpg 1144w\" sizes=\"(max-width: 458px) 100vw, 458px\" \/><\/a><\/p>\n","protected":false},"excerpt":{"rendered":"<p>El proper cap de setmana tindr\u00e0 lloc la Festa Major d\u2019Hivern de la Bisbal del Pened\u00e8s. Els actes comen\u00e7aran el divendres 24 de gener a la tarda i s\u2019allargaran fins &hellip; <a href=\"https:\/\/bisbalpenedes.com\/web\/2020\/01\/21\/del-24-al-26-de-gener-gaudeix-de-la-festa-major-dhivern-2020\/\" class=\"more-link\">Read More<\/a><\/p>\n","protected":false},"author":4,"featured_media":11702,"comment_status":"closed","ping_status":"closed","sticky":false,"template":"","format":"standard","meta":[],"categories":[13,20,1042],"tags":[2840,1207,1587,351,1203,3172,3364,2777],"_links":{"self":[{"href":"https:\/\/bisbalpenedes.com\/web\/wp-json\/wp\/v2\/posts\/11704"}],"collection":[{"href":"https:\/\/bisbalpenedes.com\/web\/wp-json\/wp\/v2\/posts"}],"about":[{"href":"https:\/\/bisbalpenedes.com\/web\/wp-json\/wp\/v2\/types\/post"}],"author":[{"embeddable":true,"href":"https:\/\/bisbalpenedes.com\/web\/wp-json\/wp\/v2\/users\/4"}],"replies":[{"embeddable":true,"href":"https:\/\/bisbalpenedes.com\/web\/wp-json\/wp\/v2\/comments?post=11704"}],"version-history":[{"count":4,"href":"https:\/\/bisbalpenedes.com\/web\/wp-json\/wp\/v2\/posts\/11704\/revisions"}],"predecessor-version":[{"id":11751,"href":"https:\/\/bisbalpenedes.com\/web\/wp-json\/wp\/v2\/posts\/11704\/revisions\/11751"}],"wp:featuredmedia":[{"embeddable":true,"href":"https:\/\/bisbalpenedes.com\/web\/wp-json\/wp\/v2\/media\/11702"}],"wp:attachment":[{"href":"https:\/\/bisbalpenedes.com\/web\/wp-json\/wp\/v2\/media?parent=11704"}],"wp:term":[{"taxonomy":"category","embeddable":true,"href":"https:\/\/bisbalpenedes.com\/web\/wp-json\/wp\/v2\/categories?post=11704"},{"taxonomy":"post_tag","embeddable":true,"href":"https:\/\/bisbalpenedes.com\/web\/wp-json\/wp\/v2\/tags?post=11704"}],"curies":[{"name":"wp","href":"https:\/\/api.w.org\/{rel}","templated":true}]}}