{"id":11650,"date":"2020-01-15T18:59:45","date_gmt":"2020-01-15T17:59:45","guid":{"rendered":"http:\/\/bisbalpenedes.com\/web\/?p=11650"},"modified":"2020-01-15T19:00:59","modified_gmt":"2020-01-15T18:00:59","slug":"lajuntament-sadhereix-als-programes-docupacio-del-baix-penedes","status":"publish","type":"post","link":"https:\/\/bisbalpenedes.com\/web\/2020\/01\/15\/lajuntament-sadhereix-als-programes-docupacio-del-baix-penedes\/","title":{"rendered":"L\u2019Ajuntament s\u2019adhereix als programes d\u2019ocupaci\u00f3 del Baix Pened\u00e8s"},"content":{"rendered":"<p style=\"text-align: justify;\"><span style=\"color: #000000;\">La Junta de govern d\u2019aquest dilluns 13 de gener ha aprovat el conveni interadministratiu de col\u00b7laboraci\u00f3 amb el Consell Comarcal del Baix Pened\u00e8s i la resta d\u2019ajuntaments de la comarca per a l\u2019execuci\u00f3 de programes d\u2019ocupaci\u00f3 que formen part de l\u2019<em>Acord estrat\u00e8gic per al desenvolupament i ocupaci\u00f3 del Baix Pened\u00e8s 2020.<\/em><\/span><\/p>\n<p style=\"text-align: justify;\"><span style=\"color: #000000;\">El conveni suposa un cost de 23.608,45\u20ac per a l\u2019Ajuntament de la Bisbal del Pened\u00e8s i es desglossa de la seg\u00fcent manera:<\/span><\/p>\n<p style=\"text-align: justify; padding-left: 30px;\"><span style=\"color: #000000;\">9.483,11\u20ac &#8211; Aportaci\u00f3 de l\u2019Ajuntament als projectes<\/span><\/p>\n<p style=\"text-align: justify; padding-left: 30px;\"><span style=\"color: #000000;\">14.125,34\u20ac &#8211; Avan\u00e7ament de l\u2019Ajuntament a retornar a trav\u00e9s de la subvenci\u00f3 del SOC de la Generalitat de Catalunya.<\/span><\/p>\n<p style=\"text-align: justify;\"><span style=\"color: #000000;\">Aquest conveni inclou diversos projectes. L\u2019aportaci\u00f3 de l\u2019Ajuntament de la Bisbal del Pened\u00e8s, en cadascun d\u2019ells, \u00e9s la seg\u00fcent:<\/span><\/p>\n<ul style=\"text-align: justify;\">\n<li><span style=\"color: #000000;\">Programes Innovadors i Experimentals de la \u201cXarxa d\u2019Ocupaci\u00f3 del Baix Pened\u00e8s\u201d: 1.937,37\u20ac<\/span><\/li>\n<li><span style=\"color: #000000;\">Projecte Desenvolupament Local (AODL):419,65\u20ac<\/span><\/li>\n<li><span style=\"color: #000000;\">Projecte Desenvolupament Local (Pla d\u2019acci\u00f3): 425\u20ac<\/span><\/li>\n<li><span style=\"color: #000000;\">Projecte Treball i Formaci\u00f3 (TREFO): 15.418,02\u20ac<\/span><\/li>\n<li><span style=\"color: #000000;\">Projecte Enfeina\u2019t: 5.408,41\u20ac<\/span><\/li>\n<\/ul>\n<p style=\"text-align: justify;\"><span style=\"color: #000000;\">El Consell Comarcal \u00e9s qui s\u2019encarrega de demanar la subvenci\u00f3 del SOC per als programes anteriorment detallats.<\/span><\/p>\n<p style=\"text-align: justify;\"><span style=\"color: #000000;\">El Consell d\u2019Alcaldes del Baix Pened\u00e8s va aprovar per unanimitat, el passat 18 de setembre de 2019, <em>l\u2019Acord estrat\u00e8gic per al desenvolupament i l\u2019ocupaci\u00f3 del Baix Pened\u00e8s 2020<\/em>, el qual instava a sol\u00b7licitar diferents subvencions al Servei P\u00fablic d\u2019Ocupaci\u00f3 de Catalunya (SOC), amb l\u2019objectiu de millorar el desenvolupament econ\u00f2mic i l\u2019ocupaci\u00f3 al Baix Pened\u00e8s.<\/span><\/p>\n<hr \/>\n<p style=\"text-align: justify;\"><span style=\"color: #000000;\"><strong>CASTELLANO |<\/strong> La Junta de gobierno de este lunes 13 de enero ha aprobado el convenio interadministrativo de colaboraci\u00f3n con el Consell Comarcal del Baix Pened\u00e8s y el resto de ayuntamientos de la comarca para la ejecuci\u00f3n de programas de ocupaci\u00f3n que forman parte del <em>Acuerdo estrat\u00e9gico para el desarrollo y ocupaci\u00f3n del Baix Pened\u00e8s 2020.<\/em><\/span><\/p>\n<p style=\"text-align: justify;\"><span style=\"color: #000000;\">El convenio supone un\u00a0coste\u00a0de 23.608,45\u20ac para el Ayuntamiento de la Bisbal del Pened\u00e8s y se desglosa de la siguiente manera:<\/span><\/p>\n<p style=\"text-align: justify; padding-left: 30px;\"><span style=\"color: #000000;\">9.483,11\u20ac &#8211; Aportaci\u00f3n del Ayuntamiento a los proyectos<\/span><\/p>\n<p style=\"text-align: justify; padding-left: 30px;\"><span style=\"color: #000000;\">14.125,34\u20ac &#8211; Adelanto del Ayuntamiento a devolver a trav\u00e9s de la subvenci\u00f3n del SOC de la Generalitat de Catalunya.<\/span><\/p>\n<p style=\"text-align: justify;\"><span style=\"color: #000000;\">Este convenio incluye varios proyectos. La aportaci\u00f3n del Ayuntamiento de la Bisbal del Pened\u00e8s, en cada uno de ellos, es la siguiente:<\/span><\/p>\n<ul style=\"text-align: justify;\">\n<li><span style=\"color: #000000;\">Programas Innovadores y Experimentales de la \u201cRede de Ocupaci\u00f3n del Baix Pened\u00e8s\u201d: 1.937,37\u20ac<\/span><\/li>\n<li><span style=\"color: #000000;\">Proyecto Desarrollo Local (AODL): 419,65\u20ac<\/span><\/li>\n<li><span style=\"color: #000000;\">Proyecto Desarrollo Local (Plan de Acci\u00f3n): 425\u20ac<\/span><\/li>\n<li><span style=\"color: #000000;\">Proyecto Treball i Formaci\u00f3 (TREFO): 15.418,02\u20ac<\/span><\/li>\n<li><span style=\"color: #000000;\">Proyecto Enfeina\u2019t: 5.408,41\u20ac<\/span><\/li>\n<\/ul>\n<p style=\"text-align: justify;\"><span style=\"color: #000000;\">El Consell Comarcal es quien se encarga de pedir la subvenci\u00f3n del SOC para los programas anteriormente detallados.<\/span><\/p>\n<p style=\"text-align: justify;\"><span style=\"color: #000000;\">El Consejo\u00a0de Alcaldes del Baix Pened\u00e8s aprob\u00f3 por unanimidad, el pasado 18 de septiembre de 2019, el Acuerdo estrat\u00e9gico para el desarrollo y la ocupaci\u00f3n del Baix Pened\u00e8s 2020, que instaba a solicitar distintas subvenciones al Servei P\u00fablic d\u2019Ocupaci\u00f3 de Catalunya (SOC), con el objetivo de mejorar el desarrollo econ\u00f3mico y la ocupaci\u00f3n en el Baix Pened\u00e8s.<\/span><\/p>\n<p>&nbsp;<\/p>\n<p>&nbsp;<\/p>\n","protected":false},"excerpt":{"rendered":"<p>La Junta de govern d\u2019aquest dilluns 13 de gener ha aprovat el conveni interadministratiu de col\u00b7laboraci\u00f3 amb el Consell Comarcal del Baix Pened\u00e8s i la resta d\u2019ajuntaments de la comarca &hellip; <a href=\"https:\/\/bisbalpenedes.com\/web\/2020\/01\/15\/lajuntament-sadhereix-als-programes-docupacio-del-baix-penedes\/\" class=\"more-link\">Read More<\/a><\/p>\n","protected":false},"author":4,"featured_media":3590,"comment_status":"closed","ping_status":"closed","sticky":false,"template":"","format":"standard","meta":[],"categories":[9],"tags":[3468,1056,3408,1689,10,213,3469],"_links":{"self":[{"href":"https:\/\/bisbalpenedes.com\/web\/wp-json\/wp\/v2\/posts\/11650"}],"collection":[{"href":"https:\/\/bisbalpenedes.com\/web\/wp-json\/wp\/v2\/posts"}],"about":[{"href":"https:\/\/bisbalpenedes.com\/web\/wp-json\/wp\/v2\/types\/post"}],"author":[{"embeddable":true,"href":"https:\/\/bisbalpenedes.com\/web\/wp-json\/wp\/v2\/users\/4"}],"replies":[{"embeddable":true,"href":"https:\/\/bisbalpenedes.com\/web\/wp-json\/wp\/v2\/comments?post=11650"}],"version-history":[{"count":3,"href":"https:\/\/bisbalpenedes.com\/web\/wp-json\/wp\/v2\/posts\/11650\/revisions"}],"predecessor-version":[{"id":11653,"href":"https:\/\/bisbalpenedes.com\/web\/wp-json\/wp\/v2\/posts\/11650\/revisions\/11653"}],"wp:featuredmedia":[{"embeddable":true,"href":"https:\/\/bisbalpenedes.com\/web\/wp-json\/wp\/v2\/media\/3590"}],"wp:attachment":[{"href":"https:\/\/bisbalpenedes.com\/web\/wp-json\/wp\/v2\/media?parent=11650"}],"wp:term":[{"taxonomy":"category","embeddable":true,"href":"https:\/\/bisbalpenedes.com\/web\/wp-json\/wp\/v2\/categories?post=11650"},{"taxonomy":"post_tag","embeddable":true,"href":"https:\/\/bisbalpenedes.com\/web\/wp-json\/wp\/v2\/tags?post=11650"}],"curies":[{"name":"wp","href":"https:\/\/api.w.org\/{rel}","templated":true}]}}