{"id":11639,"date":"2020-01-11T19:30:25","date_gmt":"2020-01-11T18:30:25","guid":{"rendered":"http:\/\/bisbalpenedes.com\/web\/?p=11639"},"modified":"2020-01-11T19:32:02","modified_gmt":"2020-01-11T18:32:02","slug":"el-dijous-16-de-gener-a-les-19h-la-professora-yolanda-almagro-ens-oferira-la-xerrada-quan-la-salut-depen-de-dos-cervells","status":"publish","type":"post","link":"https:\/\/bisbalpenedes.com\/web\/2020\/01\/11\/el-dijous-16-de-gener-a-les-19h-la-professora-yolanda-almagro-ens-oferira-la-xerrada-quan-la-salut-depen-de-dos-cervells\/","title":{"rendered":"El dijous 16 de gener, a les 19h, la professora Yolanda Almagro ens oferir\u00e0 la xerrada &#8220;Quan la salut dep\u00e8n de dos cervells&#8221;"},"content":{"rendered":"<p><span style=\"color: #000000;\">\u00a0El proper dijous 16 de gener, a les 19h, el CMC acollir\u00e0 la xerrada &#8220;Quan la salut dep\u00e8n dels dos cervells&#8221; a c\u00e0rrec de la professora Yolanda Almagro. L&#8217;acc\u00e9s \u00e9s lliure i \u00e9s una activitat oberta a tothom.<\/span><\/p>\n<hr \/>\n<p><span style=\"color: #000000;\"><strong>CASTELLANO |<\/strong> El pr\u00f3ximo jueves 16 de enero, a las 19h, el CMC acoger\u00e1 la charla &#8220;Cuando la salud depende de los dos cerebros&#8221; a cargo de la profesora Yolanda Almagro. El acceso es libre y se trata de una actividad abierta a todo el mundo.<\/span><\/p>\n<p style=\"text-align: center;\"><a href=\"http:\/\/bisbalpenedes.com\/web\/wp-content\/uploads\/2020\/01\/xerrada_salut_2_cervells_2020.jpg\"><img loading=\"lazy\" class=\"alignnone size-large wp-image-11640\" src=\"http:\/\/bisbalpenedes.com\/web\/wp-content\/uploads\/2020\/01\/xerrada_salut_2_cervells_2020-724x1024.jpg\" alt=\"xerrada_salut_2_cervells_2020\" width=\"630\" height=\"891\" srcset=\"https:\/\/bisbalpenedes.com\/web\/wp-content\/uploads\/2020\/01\/xerrada_salut_2_cervells_2020-724x1024.jpg 724w, https:\/\/bisbalpenedes.com\/web\/wp-content\/uploads\/2020\/01\/xerrada_salut_2_cervells_2020-600x849.jpg 600w, https:\/\/bisbalpenedes.com\/web\/wp-content\/uploads\/2020\/01\/xerrada_salut_2_cervells_2020-212x300.jpg 212w, https:\/\/bisbalpenedes.com\/web\/wp-content\/uploads\/2020\/01\/xerrada_salut_2_cervells_2020-768x1086.jpg 768w, https:\/\/bisbalpenedes.com\/web\/wp-content\/uploads\/2020\/01\/xerrada_salut_2_cervells_2020.jpg 842w\" sizes=\"(max-width: 630px) 100vw, 630px\" \/><\/a><\/p>\n","protected":false},"excerpt":{"rendered":"<p>\u00a0El proper dijous 16 de gener, a les 19h, el CMC acollir\u00e0 la xerrada &#8220;Quan la salut dep\u00e8n dels dos cervells&#8221; a c\u00e0rrec de la professora Yolanda Almagro. L&#8217;acc\u00e9s \u00e9s &hellip; <a href=\"https:\/\/bisbalpenedes.com\/web\/2020\/01\/11\/el-dijous-16-de-gener-a-les-19h-la-professora-yolanda-almagro-ens-oferira-la-xerrada-quan-la-salut-depen-de-dos-cervells\/\" class=\"more-link\">Read More<\/a><\/p>\n","protected":false},"author":4,"featured_media":11640,"comment_status":"closed","ping_status":"closed","sticky":false,"template":"","format":"standard","meta":[],"categories":[464],"tags":[3465,45,3466],"_links":{"self":[{"href":"https:\/\/bisbalpenedes.com\/web\/wp-json\/wp\/v2\/posts\/11639"}],"collection":[{"href":"https:\/\/bisbalpenedes.com\/web\/wp-json\/wp\/v2\/posts"}],"about":[{"href":"https:\/\/bisbalpenedes.com\/web\/wp-json\/wp\/v2\/types\/post"}],"author":[{"embeddable":true,"href":"https:\/\/bisbalpenedes.com\/web\/wp-json\/wp\/v2\/users\/4"}],"replies":[{"embeddable":true,"href":"https:\/\/bisbalpenedes.com\/web\/wp-json\/wp\/v2\/comments?post=11639"}],"version-history":[{"count":2,"href":"https:\/\/bisbalpenedes.com\/web\/wp-json\/wp\/v2\/posts\/11639\/revisions"}],"predecessor-version":[{"id":11642,"href":"https:\/\/bisbalpenedes.com\/web\/wp-json\/wp\/v2\/posts\/11639\/revisions\/11642"}],"wp:featuredmedia":[{"embeddable":true,"href":"https:\/\/bisbalpenedes.com\/web\/wp-json\/wp\/v2\/media\/11640"}],"wp:attachment":[{"href":"https:\/\/bisbalpenedes.com\/web\/wp-json\/wp\/v2\/media?parent=11639"}],"wp:term":[{"taxonomy":"category","embeddable":true,"href":"https:\/\/bisbalpenedes.com\/web\/wp-json\/wp\/v2\/categories?post=11639"},{"taxonomy":"post_tag","embeddable":true,"href":"https:\/\/bisbalpenedes.com\/web\/wp-json\/wp\/v2\/tags?post=11639"}],"curies":[{"name":"wp","href":"https:\/\/api.w.org\/{rel}","templated":true}]}}