{"id":11625,"date":"2020-01-10T16:01:30","date_gmt":"2020-01-10T15:01:30","guid":{"rendered":"http:\/\/bisbalpenedes.com\/web\/?p=11625"},"modified":"2020-01-10T17:00:21","modified_gmt":"2020-01-10T16:00:21","slug":"els-agents-rurals-han-identificat-la-presencia-de-vespa-asiatica-a-lesplai-del-penedes","status":"publish","type":"post","link":"https:\/\/bisbalpenedes.com\/web\/2020\/01\/10\/els-agents-rurals-han-identificat-la-presencia-de-vespa-asiatica-a-lesplai-del-penedes\/","title":{"rendered":"Els Agents Rurals han identificat la pres\u00e8ncia de vespa asi\u00e0tica a l\u2019Esplai del Pened\u00e8s"},"content":{"rendered":"<p style=\"text-align: center;\"><a href=\"http:\/\/bisbalpenedes.com\/web\/wp-content\/uploads\/2020\/01\/identificar-vespa-velutina-1.jpg\"><img loading=\"lazy\" class=\"alignnone size-full wp-image-11632\" src=\"http:\/\/bisbalpenedes.com\/web\/wp-content\/uploads\/2020\/01\/identificar-vespa-velutina-1.jpg\" alt=\"identificar vespa velutina 1\" width=\"750\" height=\"420\" srcset=\"https:\/\/bisbalpenedes.com\/web\/wp-content\/uploads\/2020\/01\/identificar-vespa-velutina-1.jpg 750w, https:\/\/bisbalpenedes.com\/web\/wp-content\/uploads\/2020\/01\/identificar-vespa-velutina-1-600x336.jpg 600w, https:\/\/bisbalpenedes.com\/web\/wp-content\/uploads\/2020\/01\/identificar-vespa-velutina-1-300x168.jpg 300w\" sizes=\"(max-width: 750px) 100vw, 750px\" \/><\/a><\/p>\n<p style=\"text-align: center;\"><a href=\"http:\/\/bisbalpenedes.com\/web\/wp-content\/uploads\/2020\/01\/identificar-vespa-velutina-2-2.jpg\"><img loading=\"lazy\" class=\"alignnone size-full wp-image-11633\" src=\"http:\/\/bisbalpenedes.com\/web\/wp-content\/uploads\/2020\/01\/identificar-vespa-velutina-2-2.jpg\" alt=\"identificar vespa velutina 2\" width=\"750\" height=\"420\" srcset=\"https:\/\/bisbalpenedes.com\/web\/wp-content\/uploads\/2020\/01\/identificar-vespa-velutina-2-2.jpg 750w, https:\/\/bisbalpenedes.com\/web\/wp-content\/uploads\/2020\/01\/identificar-vespa-velutina-2-2-600x336.jpg 600w, https:\/\/bisbalpenedes.com\/web\/wp-content\/uploads\/2020\/01\/identificar-vespa-velutina-2-2-300x168.jpg 300w\" sizes=\"(max-width: 750px) 100vw, 750px\" \/><\/a><\/p>\n<p style=\"text-align: justify;\"><span style=\"color: #000000;\">Des de l\u2019\u00c0rea B\u00e0sica del Baix Pened\u00e8s de la Direcci\u00f3 General dels Agents Rurals ens han informat que s\u2019ha identificat la pres\u00e8ncia de vespa asi\u00e0tica (<em>vespa velutina<\/em>) a l\u2019Esplai del Pened\u00e8s, sent la primera vegada que se certifica la seva pres\u00e8ncia al terme municipal de la Bisbal del Pened\u00e8s. Segons ens han explicat, s\u2019ha vist en els xiprers d\u2019una parcel\u00b7la i, <strong>com a precauci\u00f3, recomanen que la ciutadania que hagi de fer treballs d\u2019esporga en tanques i jardins colpegi abans els arbustos, allunyant-se despr\u00e9s d\u2019aquests, a fi i efecte de descartar la possibilitat que hi hagi un niu i evitar aix\u00ed un possible atac. <\/strong>Tot i aix\u00f2, la seva pres\u00e8ncia \u201cno \u00e9s alarmant, de moment, ja que la tenim establerta tamb\u00e9 a Albinyana, El Vendrell, Sant Jaume i d\u2019altres pobles de la comarca\u201d.<\/span><\/p>\n<p style=\"text-align: justify;\"><span style=\"color: #000000;\">Segons la Direcci\u00f3 General de Pol\u00edtiques Ambientals i Medi Natural\u00b9, <strong><em>el comportament de la vespa asi\u00e0tica no \u00e9s agressiu amb les persones, excepte quan estem a pocs metres d\u2019un vesper.<\/em><\/strong><em> A m\u00e9s de 5 metres de dist\u00e0ncia del niu no acostuma a haver-hi perill i quan s\u2019estan alimentant o bevent aigua i d\u2019altres l\u00edquids no presenten cap comportament agressiu cap a les persones encara que aquestes estiguin a prop. De tota manera, en aquests casos s\u2019ha d\u2019evitar entrar en contacte amb aquests insectes i molt rarament hi pot haver un atac. Nom\u00e9s en cas de tocar directament una vespa, o intentar capturar-la, la picada pot ser molt probable. A difer\u00e8ncia d\u2019aix\u00f2 la cosa canvia si ens acostem a un niu de forma accidental o volguda i les obreres entren en alerta. Els casos en qu\u00e8 pot passar aix\u00f2 poden ser per realitzar activitats a prop del niu com s\u00f3n: tallar l\u2019herba, fer alguna activitat de tala o poda d\u2019arbres, esporgar la vegetaci\u00f3 d\u2019un marge i altres actuacions\u201d. Per aquest motiu, se\u2019ns recomana colpejar els arbustos i, tot seguit, allunyar-se d\u2019aquests abans de fer cap feina de poda o esporga, per descartar que hi pugui haver algun niu i evitar un possible atac. D\u2019altra banda \u201cs\u2019ha d\u2019estar especialment atent als porxos dels habitatges i principalment en els de segones resid\u00e8ncies que no estan habitades permanentment. Tamb\u00e9 es poden trobar en les casetes dels gossos, xemeneies, balcons, teulades i magatzems. Ocasionalment poden construir el niu en marges de pedra i a nivell del terra.<\/em><\/span><\/p>\n<p style=\"text-align: justify;\"><span style=\"color: #000000;\"><strong>La picada<\/strong> <strong>de la vespa velutina<\/strong> <strong><em>fa molt mal per la mida del gran fibl\u00f3, per\u00f2 no \u00e9s m\u00e9s perillosa que la de les vespes aut\u00f2ctones.<\/em><\/strong><em> La majoria de persones atacades per les vespes asi\u00e0tiques presenten s\u00edmptomes locals de dolor, vermellor i inflamaci\u00f3 de la zona de penetraci\u00f3 del ver\u00ed, que desapareix despr\u00e9s de diversos dies.<\/em><\/span><\/p>\n<p style=\"text-align: justify;\"><span style=\"color: #000000;\">En cas de picada, des de la Direcci\u00f3 General de Pol\u00edtiques Ambientals i Medi Ambient, es recomana:<\/span><\/p>\n<p style=\"padding-left: 30px; text-align: justify;\"><span style=\"color: #000000;\">a)Rentar la zona de la picada amb aigua i sab\u00f3 i, si es pot, aplicar gel o aigua freda.<\/span><\/p>\n<p style=\"padding-left: 30px; text-align: justify;\"><span style=\"color: #000000;\">b)Als primers moments de la picada es poden intentar desnaturalitzar els components del ver\u00ed usant calor a la picada, tal com es pot fer en la picada d\u2019altres vespes.<\/span><\/p>\n<p style=\"padding-left: 30px; text-align: justify;\"><span style=\"color: #000000;\">c)Les persones al\u00b7l\u00e8rgiques poden patir s\u00edmptomes generals com picor a tot el cos, pujada de la temperatura corporal, baixada de la tensi\u00f3 arterial, problemes respiratoris, problemes cardiovasculars i d\u2019altres s\u00edmptomes greus.<\/span><\/p>\n<p style=\"padding-left: 30px; text-align: justify;\"><span style=\"color: #000000;\">d)En cas de picades m\u00faltiples, la inoculaci\u00f3 del ver\u00ed tamb\u00e9 pot provocar aquests s\u00edmptomes generals greus.<\/span><\/p>\n<p style=\"padding-left: 30px; text-align: justify;\"><span style=\"color: #000000;\">e)Despr\u00e9s d\u2019un atac de vespa asi\u00e0tica, si s\u2019observen aquests s\u00edmptomes generals, cal trucar al 061.<\/span><\/p>\n<p style=\"text-align: justify;\"><span style=\"color: #000000;\">La vespa velutina <strong>no \u00e9s especialment agressiva per a les persones per\u00f2 captura moltes abelles i \u00e9s un problema afegit per a l\u2019apicultura, <\/strong>ja que aquesta esp\u00e8cie invasora depreda les abelles que integren les arnes i pot reduir o aturar temporalment l\u2019activitat recol\u00b7lectora de les col\u00f2nies. <strong>A m\u00e9s, t\u00e9 efectes directes envers la biodiversitat animal, les plantes conreades i la flora silvestre.<\/strong><\/span><\/p>\n<p style=\"text-align: justify;\"><span style=\"color: #000000;\">En cas d\u2019observar exemplars de vespa asi\u00e0tica o nius, contacteu amb el Cos dels Agents Rurals: <a style=\"color: #000000;\" href=\"mailto:velutinacar@gencat.cat\">velutinacar@gencat.cat<\/a>. En cas de picades, truqueu al 061.<\/span><\/p>\n<p><span style=\"color: #000000;\">Podeu trobar m\u00e9s informaci\u00f3 sobre la vespa asi\u00e0tica o velutina en aquest enlla\u00e7: <a style=\"color: #000000;\" href=\"http:\/\/mediambient.gencat.cat\/ca\/05_ambits_dactuacio\/patrimoni_natural\/especies_exotiques_invasores\/llista-especies\/llista-especies-catalogades\/artropodes-no-crustacis\/vespa-asiatica-vespa-xinesa\/\">http:\/\/mediambient.gencat.cat\/ca\/05_ambits_dactuacio\/patrimoni_natural\/especies_exotiques_invasores\/llista-especies\/llista-especies-catalogades\/artropodes-no-crustacis\/vespa-asiatica-vespa-xinesa\/<\/a><\/span><\/p>\n<p><span style=\"color: #000000;\">Tamb\u00e9 podeu consultar el document citat al text anterior:<\/span><\/p>\n<p><span style=\"color: #000000;\">\u201cProtocol d\u2019actuacions dels danys causats per la vespa asi\u00e0tica (Vespa velutina) envers l\u2019apicultura, la biodiversitat i els riscos sobre la salut de les persones\u201d (2019) Generalitat de Catalunya. Departament de Territori i Sostenibilitat. Direcci\u00f3 General de Pol\u00edtiques Ambientals i Medi Natural. Enlla\u00e7, en l\u00ednia, al document: <a style=\"color: #000000;\" href=\"http:\/\/mediambient.gencat.cat\/web\/.content\/home\/ambits_dactuacio\/patrimoni_natural\/especies_exotiques_medinatural\/llista_sp_catalogades\/artropodes\/doc_enll\/Protocol-2019.pdf\">http:\/\/mediambient.gencat.cat\/web\/.content\/home\/ambits_dactuacio\/patrimoni_natural\/especies_exotiques_medinatural\/llista_sp_catalogades\/artropodes\/doc_enll\/Protocol-2019.pdf<\/a><\/span><\/p>\n<hr \/>\n<p style=\"text-align: justify;\"><span style=\"color: #000000;\"><strong>CASTELLANO |<\/strong> Desde el \u00c1rea B\u00e1sica del Baix Pened\u00e8s de la Direcci\u00f3n General de los Agentes Rurales nos han informado que se ha identificado la presencia de la avispa asi\u00e1tica (<em>vespa velutina)<\/em> en l\u2019Esplai del Pened\u00e8s, siendo la primera vez que se certifica su presencia en el t\u00e9rmino municipal de la Bisbal del Pened\u00e8s. Seg\u00fan nos han explicado, se ha visto en los cipreses de una parcela y, <strong>como precauci\u00f3n, recomiendan que la ciudadan\u00eda que tenga que hacer trabajos de poda en vallas y jardines golpee antes los arbustos, alej\u00e1ndose despu\u00e9s de estos, con el objetivo de descartar la posibilidad de que haya un nido y evitar as\u00ed un posible ataque.<\/strong> Sin embargo, su presencia \u201cno es alarmante de momento, ya que la tenemos establecida tambi\u00e9n en Albinyana, El Vendrell, Sant Jaume y otros pueblos de la comarca\u201d.<\/span><\/p>\n<p style=\"text-align: justify;\"><span style=\"color: #000000;\">Seg\u00fan la Direcci\u00f3n General de Pol\u00edticas Ambientales y Medio Natural\u00b9, <strong><em>el comportamiento de la avispa asi\u00e1tica no es agresivo con las personas, salvo cuando estamos a pocos metros de un avispero.<\/em><\/strong><em> A m\u00e1s de 5 metros de distancia del nido no acostumbra a haber peligro y cuando se est\u00e1n alimentando o bebiendo agua y otros l\u00edquidos no presentan ning\u00fan comportamiento agresivo hacia las personas aunque estas est\u00e9n cerca. De todas formas, en estos casos se debe evitar entrar en contacto con estos insectos y muy raramente habr\u00e1 un ataque. Solamente en el caso de tocar directamente una avispa, o intentar capturarla, la picada puede ser muy probable. A diferencia de esto la cosa cambia si nos acercamos a un nido de forma accidental o querida y las obreras entran en alerta. Los casos en los que puede pasar esto pueden ser por realizar actividades cerca del nido como son: cortar la hierba, hacer alguna actividad de tala o poda de \u00e1rboles, podar la vegetaci\u00f3n de un margen y otras actuaciones\u201d. Por este motivo, se nos recomienda que golpeemos los arbustos y, acto seguido, nos alejemos de ellos antes de realizar ning\u00fan trabajo de poda, para descartar que pueda haber un nido y evitar un posible ataque. Por otro lado \u201chay que estar especialmente atentos a los porches de las viviendas y principalmente en las segundas residencias que no est\u00e1n habitadas permanentemente. Tambi\u00e9n se pueden encontrar en las casetas de perros, chimeneas, balcones, tejados y almacenes. Ocasionalmente pueden construir el nido en m\u00e1rgenes de piedra y a nivel de tierra.<\/em><\/span><\/p>\n<p style=\"text-align: justify;\"><span style=\"color: #000000;\"><strong><em>La picada de la vespa velutina duele mucho por la medida del gran aguij\u00f3n, pero no es m\u00e1s peligrosa que la de las avispas aut\u00f3ctonas.<\/em><\/strong><em> La mayor\u00eda de las personas atacadas por las avispas asi\u00e1ticas presentan s\u00edntomas locales de dolor, rojez e inflamaci\u00f3n de la zona de penetraci\u00f3n del veneno, que desaparece pasados varios d\u00edas.<\/em><\/span><\/p>\n<p style=\"text-align: justify;\"><span style=\"color: #000000;\">En caso de picada, desde la Direcci\u00f3n General de Pol\u00edticas Ambientales y Medio Ambiente, se recomienda:<\/span><\/p>\n<p style=\"text-align: justify; padding-left: 30px;\"><span style=\"color: #000000;\">a)Lavar la zona de la picadura con agua y jab\u00f3n y, si se puede, aplicar hielo o agua fr\u00eda.<\/span><br \/>\n<span style=\"color: #000000;\"> b)En los primeros momentos de la picada se pueden intentar desnaturalizar los componentes del veneno usando calor en la picada, tal como se puede hacer en la picadura de otras avispas.<\/span><br \/>\n<span style=\"color: #000000;\"> c)Las personas al\u00e9rgicas pueden sufrir s\u00edntomas generales como picor en todo el cuerpo, subida de la temperatura corporal, bajada de la tensi\u00f3n arterial, problemas respiratorios, problemas cardiovasculares y otros s\u00edntomas graves.<\/span><br \/>\n<span style=\"color: #000000;\"> d)En caso de picaduras m\u00faltiples, la inoculaci\u00f3n del veneno tambi\u00e9n puede provocar estos s\u00edntomas generales graves.<\/span><br \/>\n<span style=\"color: #000000;\"> e)Despu\u00e9s de un ataque de avispa asi\u00e1tica, si se observan estos s\u00edntomas generales, hay que llamar al 061.<\/span><\/p>\n<p style=\"text-align: justify;\"><span style=\"color: #000000;\">La <em>vespa velutina<\/em> <strong>no es especialmente agresiva para las personas pero captura muchas abejas y es un problema a\u00f1adido para la apicultura<\/strong>, ya que esta especie invasora depreda las abejas que integran l as arnas y puede reducir o parar temporalmente la actividad recolectora de las colonias. <strong>Adem\u00e1s, tienen efectos directos hacia la biodiversidad animal, las plantas conreadas y la flora silvestre.<\/strong><\/span><\/p>\n<p style=\"text-align: justify;\"><span style=\"color: #000000;\">En caso de observar ejemplares de avispa asi\u00e1tica o nidos, contactad con el Cuerpo de los Agentes Rurales: <a style=\"color: #000000;\" href=\"mailto:velutinacar@gencat.cat\">velutinacar@gencat.cat<\/a>. En caso de picadas, llamad al 061.<\/span><\/p>\n<p><span style=\"color: #000000;\">Pod\u00e9is encontrar m\u00e1s informaci\u00f3n sobre la avispa asi\u00e1tica o <em>vespa velutina <\/em>en este enlace: <a style=\"color: #000000;\" href=\"http:\/\/mediambient.gencat.cat\/ca\/05_ambits_dactuacio\/patrimoni_natural\/especies_exotiques_invasores\/llista-especies\/llista-especies-catalogades\/artropodes-no-crustacis\/vespa-asiatica-vespa-xinesa\/\">http:\/\/mediambient.gencat.cat\/ca\/05_ambits_dactuacio\/patrimoni_natural\/especies_exotiques_invasores\/llista-especies\/llista-especies-catalogades\/artropodes-no-crustacis\/vespa-asiatica-vespa-xinesa\/<\/a><\/span><\/p>\n<p><span style=\"color: #000000;\">Tambi\u00e9n pod\u00e9is consultar el documento citado en el texto anterior:<\/span><\/p>\n<p><span style=\"color: #000000;\">\u201cProtocol d\u2019actuacions dels danys causats per la vespa asi\u00e0tica (Vespa velutina) envers l\u2019apicultura, la biodiversitat i els riscos sobre la salut de les persones\u201d (2019) Generalitat de Catalunya. Departament de Territori i Sostenibilitat. Direcci\u00f3 General de Pol\u00edtiques Ambientals i Medi Natural. Enlla\u00e7, en l\u00ednia, al document: <a style=\"color: #000000;\" href=\"http:\/\/mediambient.gencat.cat\/web\/.content\/home\/ambits_dactuacio\/patrimoni_natural\/especies_exotiques_medinatural\/llista_sp_catalogades\/artropodes\/doc_enll\/Protocol-2019.pdf\">http:\/\/mediambient.gencat.cat\/web\/.content\/home\/ambits_dactuacio\/patrimoni_natural\/especies_exotiques_medinatural\/llista_sp_catalogades\/artropodes\/doc_enll\/Protocol-2019.pdf<\/a><\/span><\/p>\n<p>&nbsp;<\/p>\n","protected":false},"excerpt":{"rendered":"<p>Des de l\u2019\u00c0rea B\u00e0sica del Baix Pened\u00e8s de la Direcci\u00f3 General dels Agents Rurals ens han informat que s\u2019ha identificat la pres\u00e8ncia de vespa asi\u00e0tica (vespa velutina) a l\u2019Esplai del &hellip; <a href=\"https:\/\/bisbalpenedes.com\/web\/2020\/01\/10\/els-agents-rurals-han-identificat-la-presencia-de-vespa-asiatica-a-lesplai-del-penedes\/\" class=\"more-link\">Read More<\/a><\/p>\n","protected":false},"author":4,"featured_media":11632,"comment_status":"closed","ping_status":"closed","sticky":false,"template":"","format":"standard","meta":[],"categories":[32,8,14],"tags":[3463,3461,276,3464,2629,3462,3460],"_links":{"self":[{"href":"https:\/\/bisbalpenedes.com\/web\/wp-json\/wp\/v2\/posts\/11625"}],"collection":[{"href":"https:\/\/bisbalpenedes.com\/web\/wp-json\/wp\/v2\/posts"}],"about":[{"href":"https:\/\/bisbalpenedes.com\/web\/wp-json\/wp\/v2\/types\/post"}],"author":[{"embeddable":true,"href":"https:\/\/bisbalpenedes.com\/web\/wp-json\/wp\/v2\/users\/4"}],"replies":[{"embeddable":true,"href":"https:\/\/bisbalpenedes.com\/web\/wp-json\/wp\/v2\/comments?post=11625"}],"version-history":[{"count":6,"href":"https:\/\/bisbalpenedes.com\/web\/wp-json\/wp\/v2\/posts\/11625\/revisions"}],"predecessor-version":[{"id":11638,"href":"https:\/\/bisbalpenedes.com\/web\/wp-json\/wp\/v2\/posts\/11625\/revisions\/11638"}],"wp:featuredmedia":[{"embeddable":true,"href":"https:\/\/bisbalpenedes.com\/web\/wp-json\/wp\/v2\/media\/11632"}],"wp:attachment":[{"href":"https:\/\/bisbalpenedes.com\/web\/wp-json\/wp\/v2\/media?parent=11625"}],"wp:term":[{"taxonomy":"category","embeddable":true,"href":"https:\/\/bisbalpenedes.com\/web\/wp-json\/wp\/v2\/categories?post=11625"},{"taxonomy":"post_tag","embeddable":true,"href":"https:\/\/bisbalpenedes.com\/web\/wp-json\/wp\/v2\/tags?post=11625"}],"curies":[{"name":"wp","href":"https:\/\/api.w.org\/{rel}","templated":true}]}}