{"id":11603,"date":"2020-01-11T20:11:21","date_gmt":"2020-01-11T19:11:21","guid":{"rendered":"http:\/\/bisbalpenedes.com\/web\/?p=11603"},"modified":"2020-01-11T20:11:21","modified_gmt":"2020-01-11T19:11:21","slug":"el-diumenge-19-de-gener-a-les-18h-podreu-veure-la-pellicula-el-viatge-de-la-marta-al-cmc","status":"publish","type":"post","link":"https:\/\/bisbalpenedes.com\/web\/2020\/01\/11\/el-diumenge-19-de-gener-a-les-18h-podreu-veure-la-pellicula-el-viatge-de-la-marta-al-cmc\/","title":{"rendered":"El diumenge 19 de gener a les 18h podreu veure la pel\u00b7l\u00edcula &#8216;El viatge de la Marta&#8217; al CMC"},"content":{"rendered":"<div class=\"\" data-block=\"true\" data-editor=\"4or2q\" data-offset-key=\"8jd16-0-0\">\n<div class=\"_1mf _1mj\" style=\"text-align: center;\" data-offset-key=\"8jd16-0-0\"><a href=\"http:\/\/bisbalpenedes.com\/web\/wp-content\/uploads\/2020\/01\/VISUAL_A3_VIATGE_MARTA_LA_BISBAL_PENEDES-19-GENER-2020.jpg\"><img loading=\"lazy\" class=\"alignnone size-medium wp-image-11643\" src=\"http:\/\/bisbalpenedes.com\/web\/wp-content\/uploads\/2020\/01\/VISUAL_A3_VIATGE_MARTA_LA_BISBAL_PENEDES-19-GENER-2020-212x300.jpg\" alt=\"VISUAL_A3_VIATGE_MARTA_LA_BISBAL_PENEDES-19 GENER 2020\" width=\"212\" height=\"300\" srcset=\"https:\/\/bisbalpenedes.com\/web\/wp-content\/uploads\/2020\/01\/VISUAL_A3_VIATGE_MARTA_LA_BISBAL_PENEDES-19-GENER-2020-212x300.jpg 212w, https:\/\/bisbalpenedes.com\/web\/wp-content\/uploads\/2020\/01\/VISUAL_A3_VIATGE_MARTA_LA_BISBAL_PENEDES-19-GENER-2020-600x848.jpg 600w, https:\/\/bisbalpenedes.com\/web\/wp-content\/uploads\/2020\/01\/VISUAL_A3_VIATGE_MARTA_LA_BISBAL_PENEDES-19-GENER-2020-768x1085.jpg 768w, https:\/\/bisbalpenedes.com\/web\/wp-content\/uploads\/2020\/01\/VISUAL_A3_VIATGE_MARTA_LA_BISBAL_PENEDES-19-GENER-2020-725x1024.jpg 725w, https:\/\/bisbalpenedes.com\/web\/wp-content\/uploads\/2020\/01\/VISUAL_A3_VIATGE_MARTA_LA_BISBAL_PENEDES-19-GENER-2020.jpg 1124w\" sizes=\"(max-width: 212px) 100vw, 212px\" \/><\/a><\/div>\n<div class=\"_1mf _1mj\" data-offset-key=\"8jd16-0-0\"><span style=\"color: #000000;\"><span data-offset-key=\"8jd16-2-0\"><span data-text=\"true\">Aquest mes, el <\/span><\/span><span class=\"_247o\" spellcheck=\"false\" data-offset-key=\"8jd16-3-0\"><span data-offset-key=\"8jd16-3-0\"><span data-text=\"true\">Cicle Gaud\u00ed<\/span><\/span><\/span><span data-offset-key=\"8jd16-4-0\"><span data-text=\"true\">\u00a0ens apropa &#8216;El viatge de la Marta&#8217;. La projecci\u00f3 de la pel\u00b7l\u00edcula tindr\u00e0 lloc el diumenge 19 de gener, a les 18h, a l&#8217;Auditori Salb\u00e0 del CMC.\u00a0<\/span><\/span>La projecci\u00f3 de la pel\u00b7l\u00edcula tindr\u00e0 lloc el diumenge 19 de gener, a les 18h, a l&#8217;Auditori Salb\u00e0 del CMC. Venda d&#8217;entrades el mateix dia, quinze minuts abans de la projecci\u00f3. L&#8217;entitat que gestionar\u00e0 la taquilla aquest mes ser\u00e0 l&#8217;<a class=\"profileLink\" style=\"color: #000000;\" href=\"https:\/\/www.facebook.com\/Antistiana-Associaci%C3%B3-de-Cors-Antistiana-646448118828919\/?__tn__=K-R&amp;eid=ARBcgVlp7cVCkyFOzqo9fOmK7HJO5ejGK3M63N-CBwpLC2ZQckP3ujmtVm6Om9yGL4Ng6sapp9lGQm3A&amp;fref=mentions&amp;__xts__%5B0%5D=68.ARAaVwDdw8bGnwzz65A35O53xdOxPZd9qsV-6G6lIA8RUe8K82EL0zafhoeEQw7BwFUefMCy0nzJ9eINLcrDifYLiwrgx39jQEkUWwt4PZT5OiMELFCnVdXFqZ4FFc1FyYyEOnYmYjlxd3AWl5eq95nnz_Ikxv9AbeMkg4d_6IJJr89y5U0vdxKxafwOoIty9-tH8dlE7uNsxHE8AcW9077Y8EiFhGVsXZ8kf8KXUMlBGw457FhlD_Oqy996BxRnHvG3-FVpcxczDl3AwDKUixHHa1lskrHaS6F_l2qwfgGzkMSTHaiEg3MQYMNq4ZjCJaf6u9B5hg5qcxqb3B5LWUP_VqIc\" data-hovercard=\"\/ajax\/hovercard\/page.php?id=646448118828919&amp;extragetparams=%7B%22__tn__%22%3A%22%2CdK-R-R%22%2C%22eid%22%3A%22ARBcgVlp7cVCkyFOzqo9fOmK7HJO5ejGK3M63N-CBwpLC2ZQckP3ujmtVm6Om9yGL4Ng6sapp9lGQm3A%22%2C%22fref%22%3A%22mentions%22%7D\" data-hovercard-prefer-more-content-show=\"1\">Antistiana Associaci\u00f3 de Cors Antistiana<\/a>. El preu general de l\u2019entrada \u00e9s de 4,5\u20ac i s\u2019ofereix un preu redu\u00eft de 3\u20ac presentant el carnet de la Biblioteca Municipal de La Bisbal. Quant a la recaptaci\u00f3, aquesta es destinar\u00e0 a l\u2019entitat del poble que s\u2019encarregui de gestionar la taquilla. M\u00e9s informaci\u00f3:\u00a0<a href=\"https:\/\/www.ciclegaudi.cat\/cartellera\/el-viatge-de-la-marta-staff-only\/\" target=\"_blank\">https:\/\/www.ciclegaudi.cat\/cartellera\/el-viatge-de-la-marta-staff-only\/<\/a><\/span><\/div>\n<\/div>\n<div class=\"\" data-block=\"true\" data-editor=\"4or2q\" data-offset-key=\"6bfl6-0-0\">\n<div class=\"_1mf _1mj\" data-offset-key=\"6bfl6-0-0\"><span style=\"color: #000000;\" data-offset-key=\"6bfl6-0-0\">\u00a0<\/span><\/div>\n<\/div>\n<div class=\"\" data-block=\"true\" data-editor=\"4or2q\" data-offset-key=\"7ln6p-0-0\">\n<div class=\"_1mf _1mj\" data-offset-key=\"7ln6p-0-0\">\n<hr \/>\n<p><span style=\"color: #000000;\"><strong>CASTELLANO |<\/strong> Este mes, el Cicle Gaud\u00ed nos acerca &#8216;El viatge de la Mara&#8217;. La proyecci\u00f3n de la pel\u00edcula tendr\u00e1 lugar el domingo 19 de enero, a las 18h, en el Auditorio Salb\u00e0 del CMC.\u00a0La proyecci\u00f3n de la pel\u00edcula tendr\u00e1 lugar el domingo 19 de enero, a las 18h, en el Auditorio Salb\u00e0 del CMC.\u00a0Venta de entradas el mismo d\u00eda, quince minutos antes de la proyecci\u00f3n. La entidad que gestionar\u00e1 la taquilla este mes ser\u00e1 la Associaci\u00f3 de Cors Antistiana.\u00a0El precio general de la entrada es de 4,5\u20ac y se ofrece un precio reducido de 3\u20ac presentando el carn\u00e9 de la Biblioteca Municipal de la Bisbal. En cuanto a la recaudaci\u00f3n, esta se destinar\u00e1 a la entidad del municipio que se encargue de gestionar la taquilla.<\/span><\/p>\n<p><span style=\"color: #000000;\">M\u00e1s informaci\u00f3n:\u00a0<a href=\"https:\/\/www.ciclegaudi.cat\/cartellera\/el-viatge-de-la-marta-staff-only\/\" target=\"_blank\">https:\/\/www.ciclegaudi.cat\/cartellera\/el-viatge-de-la-marta-staff-only\/<\/a><\/span><\/p>\n<\/div>\n<\/div>\n<p><iframe loading=\"lazy\" src=\"https:\/\/www.youtube.com\/embed\/-T2EuZwepIQ\" width=\"560\" height=\"315\" frameborder=\"0\" allowfullscreen=\"allowfullscreen\"><\/iframe><\/p>\n","protected":false},"excerpt":{"rendered":"<p>Aquest mes, el Cicle Gaud\u00ed\u00a0ens apropa &#8216;El viatge de la Marta&#8217;. La projecci\u00f3 de la pel\u00b7l\u00edcula tindr\u00e0 lloc el diumenge 19 de gener, a les 18h, a l&#8217;Auditori Salb\u00e0 del &hellip; <a href=\"https:\/\/bisbalpenedes.com\/web\/2020\/01\/11\/el-diumenge-19-de-gener-a-les-18h-podreu-veure-la-pellicula-el-viatge-de-la-marta-al-cmc\/\" class=\"more-link\">Read More<\/a><\/p>\n","protected":false},"author":4,"featured_media":11643,"comment_status":"closed","ping_status":"closed","sticky":false,"template":"","format":"standard","meta":[],"categories":[13,8],"tags":[308,307,761,3467,870,771],"_links":{"self":[{"href":"https:\/\/bisbalpenedes.com\/web\/wp-json\/wp\/v2\/posts\/11603"}],"collection":[{"href":"https:\/\/bisbalpenedes.com\/web\/wp-json\/wp\/v2\/posts"}],"about":[{"href":"https:\/\/bisbalpenedes.com\/web\/wp-json\/wp\/v2\/types\/post"}],"author":[{"embeddable":true,"href":"https:\/\/bisbalpenedes.com\/web\/wp-json\/wp\/v2\/users\/4"}],"replies":[{"embeddable":true,"href":"https:\/\/bisbalpenedes.com\/web\/wp-json\/wp\/v2\/comments?post=11603"}],"version-history":[{"count":3,"href":"https:\/\/bisbalpenedes.com\/web\/wp-json\/wp\/v2\/posts\/11603\/revisions"}],"predecessor-version":[{"id":11644,"href":"https:\/\/bisbalpenedes.com\/web\/wp-json\/wp\/v2\/posts\/11603\/revisions\/11644"}],"wp:featuredmedia":[{"embeddable":true,"href":"https:\/\/bisbalpenedes.com\/web\/wp-json\/wp\/v2\/media\/11643"}],"wp:attachment":[{"href":"https:\/\/bisbalpenedes.com\/web\/wp-json\/wp\/v2\/media?parent=11603"}],"wp:term":[{"taxonomy":"category","embeddable":true,"href":"https:\/\/bisbalpenedes.com\/web\/wp-json\/wp\/v2\/categories?post=11603"},{"taxonomy":"post_tag","embeddable":true,"href":"https:\/\/bisbalpenedes.com\/web\/wp-json\/wp\/v2\/tags?post=11603"}],"curies":[{"name":"wp","href":"https:\/\/api.w.org\/{rel}","templated":true}]}}