{"id":11597,"date":"2020-01-07T20:57:33","date_gmt":"2020-01-07T19:57:33","guid":{"rendered":"http:\/\/bisbalpenedes.com\/web\/?p=11597"},"modified":"2020-01-07T20:57:33","modified_gmt":"2020-01-07T19:57:33","slug":"la-junta-de-govern-local-ha-adjudicat-les-obres-de-millora-del-collector-daigues-residuals-del-priorat-de-la-bisbal","status":"publish","type":"post","link":"https:\/\/bisbalpenedes.com\/web\/2020\/01\/07\/la-junta-de-govern-local-ha-adjudicat-les-obres-de-millora-del-collector-daigues-residuals-del-priorat-de-la-bisbal\/","title":{"rendered":"La Junta de govern local ha adjudicat les obres de millora del col\u00b7lector d\u2019aig\u00fces residuals del Priorat de la Bisbal"},"content":{"rendered":"<p style=\"text-align: justify;\">\n<p style=\"text-align: center;\"><a href=\"http:\/\/bisbalpenedes.com\/web\/wp-content\/uploads\/2019\/03\/Priorat-de-la-Bisbal.jpg\"><img loading=\"lazy\" class=\"alignnone size-medium wp-image-8958\" src=\"http:\/\/bisbalpenedes.com\/web\/wp-content\/uploads\/2019\/03\/Priorat-de-la-Bisbal-300x264.jpg\" alt=\"Priorat de la Bisbal\" width=\"300\" height=\"264\" srcset=\"https:\/\/bisbalpenedes.com\/web\/wp-content\/uploads\/2019\/03\/Priorat-de-la-Bisbal-300x264.jpg 300w, https:\/\/bisbalpenedes.com\/web\/wp-content\/uploads\/2019\/03\/Priorat-de-la-Bisbal-600x528.jpg 600w, https:\/\/bisbalpenedes.com\/web\/wp-content\/uploads\/2019\/03\/Priorat-de-la-Bisbal-768x676.jpg 768w, https:\/\/bisbalpenedes.com\/web\/wp-content\/uploads\/2019\/03\/Priorat-de-la-Bisbal-1024x902.jpg 1024w\" sizes=\"(max-width: 300px) 100vw, 300px\" \/><\/a><\/p>\n<p style=\"text-align: justify;\"><span style=\"color: #000000;\">La Junta de govern local del 23 de desembre va aprovar l\u2019adjudicaci\u00f3 de les obres de millora del col\u00b7lector d\u2019aig\u00fces residuals del Priorat de la Bisbal per un import de 67.977,64\u20ac (IVA incl\u00f2s). Les obres s\u2019han adjudicat a l\u2019empresa Excavacions Gass\u00f3 S.L. i estaran subvencionades pel Pla d\u2019Acci\u00f3 Municipal \u2013 PEXI de la Diputaci\u00f3 de Tarragona.<\/span><\/p>\n<p style=\"text-align: justify;\"><span style=\"color: #000000;\">El 30 de setembre es van licitar les obres de millora del col\u00b7lector del Priorat per substituir les canalitzacions principals del col\u00b7lector d\u2019aig\u00fces residuals del cabal principal del Priorat de la Bisbal. La mesa de negociaci\u00f3 va avaluar les propostes, d\u2019acord amb els criteris dels plecs de cl\u00e0usules, i va proposar a la Junta de govern adjudicar l\u2019obra a Excavacions Gass\u00f3 SL. La Junta de govern del 23 de desembre va aprovar l\u2019esmentada adjudicaci\u00f3.<\/span><\/p>\n<p style=\"text-align: justify;\"><span style=\"color: #000000;\">L\u2019alcaldessa de la Bisbal del Pened\u00e8s i responsable de l\u2019\u00e0rea d\u2019Urbanisme, Agn\u00e8s Ferr\u00e9, ha explicat que \u201ces tracta d\u2019unes obres importants per al Priorat de la Bisbal, ja que aquesta xarxa no est\u00e0 en bon estat de conservaci\u00f3\u201d. Ferr\u00e9 ha afegit que \u201caquesta \u00e9s la primera inversi\u00f3 que es fa a les canalitzacions principals del col\u00b7lector d\u2019aig\u00fces residuals des que es va construir i, per aix\u00f2, des de l\u2019equip de govern considerem que aquesta inversi\u00f3 \u00e9s del tot necess\u00e0ria per poder garantir el seu bon funcionament\u201d.<\/span><\/p>\n<p style=\"text-align: justify;\"><span style=\"color: #000000;\">La xarxa de clavegueram de la part alta del Priorat va a parar, en diferents camals o afluents, a la canalitzaci\u00f3 principal que est\u00e0 situada al mig de la riera natural que descendeix fins al\u00a0<em>fondo Many\u00e9<\/em>. Es tracta d\u2019un terreny muntany\u00f3s i amb molt de desnivell, ple de pins i matolls, aix\u00ed com plantes arbustives. Per canviar aquest tram de clavegueram principal, cal:<\/span><\/p>\n<p style=\"padding-left: 30px; text-align: justify;\"><span style=\"color: #000000;\">-Desbrossar la zona boscosa per on transiten els trams de clavegueram (la part dels voltants i del tub, d\u2019una longitud de 600m).<\/span><\/p>\n<p style=\"padding-left: 30px; text-align: justify;\"><span style=\"color: #000000;\">-Executar 600m de rasa pel nou col\u00b7lector de sanejament i els 14 pous de registre.<\/span><\/p>\n<p style=\"padding-left: 30px; text-align: justify;\"><span style=\"color: #000000;\">-Terraplenar i piconar la rasa i els pous amb terres adequades.<\/span><\/p>\n<p style=\"padding-left: 30px; text-align: justify;\"><span style=\"color: #000000;\">-Instal\u00b7lar el col\u00b7lector i pous per afluents residuals.<\/span><\/p>\n<p style=\"padding-left: 30px; text-align: justify;\"><span style=\"color: #000000;\">-Proves d\u2019estanquitat (amb aigua) per comprovar la correcta instal\u00b7laci\u00f3 del conjunt de col\u00b7lector i pous.<\/span><\/p>\n<p style=\"padding-left: 30px; text-align: justify;\"><span style=\"color: #000000;\">-Execuci\u00f3 de la protecci\u00f3 d\u2019obra per al col\u00b7lector d\u2019aig\u00fces de residuals. La rasa per on discorre el col\u00b7lector s\u2019omplir\u00e0 de la terra vegetal que s\u2019hagi tret per fer la rasa. Damunt de la mateixa s\u2019hi far\u00e0 una capa de formig\u00f3 per protegir la canalitzaci\u00f3.<\/span><\/p>\n<p style=\"padding-left: 30px; text-align: justify;\"><span style=\"color: #000000;\">-Connexi\u00f3 amb la xarxa de sanejament existent, deixant a partir d\u2019aquell moment el tram existent fora de servei.<\/span><\/p>\n<p style=\"padding-left: 30px; text-align: justify;\"><span style=\"color: #000000;\">-Controls i proves finals d\u2019instal\u00b7laci\u00f3.<\/span><\/p>\n<p style=\"text-align: justify;\"><span style=\"color: #000000;\">L\u2019alcaldessa Agn\u00e8s Ferr\u00e9 ha explicat que \u201cl\u2019obra del nou col\u00b7lector d\u2019aig\u00fces residuals del Priorat de la Bisbal \u00e9s complexa, ja que s\u2019han de fer treballs en una zona molt \u00e0mplia i el terreny presenta dificultats. Tenim previst que les obres comencin abans de la primavera i que la seva durada sigui d\u2019entre 8 i 10 mesos\u201d.\u00a0<\/span><\/p>\n<hr \/>\n<p style=\"text-align: justify;\"><span style=\"color: #000000;\"><strong>CASTELLANO |<\/strong> La Junta de gobierno local del 23 de diciembre aprob\u00f3 la adjudicaci\u00f3n de las obras de mejora del colector de aguas residuales del Priorato de la Bisbal por un importe de 67.977,64\u20ac (IVA incluido). Las obras se han adjudicado a la empresa Excavacions Gass\u00f3 S.L. y ser\u00e1n subvencionadas por el Plan de Acci\u00f3n Municipal \u2013 PEXI de la Diputaci\u00f3n de Tarragona.<\/span><\/p>\n<p style=\"text-align: justify;\"><span style=\"color: #000000;\">El 30 de septiembre se licitaron las obras de mejora del colector del Priorato para sustituir las canalizaciones principales del colector de aguas residuales del caudal principal del Priorato de la Bisbal. La mesa de negociaci\u00f3n evalu\u00f3 las propuestas, con base en los criterios de los pliegos de cl\u00e1usulas, y propuso a la Junta de gobierno adjudicar la obra a Excavaciones Gass\u00f3 SL. La Junta de gobierno del 23 de diciembre aprob\u00f3 dicha adjudicaci\u00f3n.<\/span><\/p>\n<p style=\"text-align: justify;\"><span style=\"color: #000000;\">La alcaldesa de la Bisbal del Pened\u00e8s y responsable del \u00e1rea de Urbanismo, Agn\u00e8s Ferr\u00e9, ha explicado que \u201cse trata de unas obras importantes para el Priorat de la Bisbal, ya que esta red no est\u00e1 en buen estado de conservaci\u00f3n\u201d. Ferr\u00e9 ha a\u00f1adido que \u201cesta es la primera inversi\u00f3n que se hace en las canalizaciones principales del colector de aguas residuales desde que se construy\u00f3 y, por eso, desde el equipo de gobierno consideramos que esta inversi\u00f3n es del todo necesaria para poder garantizar su buen funcionamiento\u201d.<\/span><\/p>\n<p style=\"text-align: justify;\"><span style=\"color: #000000;\">La red de alcantarillado de la parte alta del Priorato llega, en diferentes ramales o afluentes, a la canalizaci\u00f3n principal que est\u00e1 situada en medio de la riera natural que desciende hasta el\u00a0<em>fondo Many\u00e9<\/em>. Se trata de un terreno monta\u00f1oso y con mucho desnivel, lleno de pinos y matojos, as\u00ed como plantas arbustivas. Para cambiar este tramo de alcantarillado principal, es necesario:<\/span><\/p>\n<p style=\"padding-left: 30px; text-align: justify;\"><span style=\"color: #000000;\">-Desbrozar la zona boscosa por donde transitan los tramos de alcantarillado (la parte de los alrededores y del tubo, de una longitud de 600m).<\/span><\/p>\n<p style=\"padding-left: 30px; text-align: justify;\"><span style=\"color: #000000;\">-Ejecutar 600m de rasa por el nuevo colector de saneamiento y sus 14 pozos de registro.<\/span><\/p>\n<p style=\"padding-left: 30px; text-align: justify;\"><span style=\"color: #000000;\">-Terraplenar y\u00a0apisonar la rasa y los pozos con las tierras adecuadas.<\/span><\/p>\n<p style=\"padding-left: 30px; text-align: justify;\"><span style=\"color: #000000;\">-Instalar el colector y pozos para afluentes residuales<\/span><\/p>\n<p style=\"padding-left: 30px; text-align: justify;\"><span style=\"color: #000000;\">-Pruebas de estanqueidad (con agua) para comprobar la correcta instalaci\u00f3n del conjunto de colector y pozos.<\/span><\/p>\n<p style=\"padding-left: 30px; text-align: justify;\"><span style=\"color: #000000;\">-Ejecuci\u00f3n de la protecci\u00f3n de obra para el colector de aguas de residuales. La rasa por donde discurre el colector se llenar\u00e1 de la tierra vegetal que se haya sacado para hacer la rasa. Encima de la misma se har\u00e1 una capa de hormig\u00f3n para proteger la canalizaci\u00f3n.<\/span><\/p>\n<p style=\"padding-left: 30px; text-align: justify;\"><span style=\"color: #000000;\">-Conexi\u00f3n con la red de saneamiento existente, dejando a partir de aquel momento el tramo existente fuera de servicio.<\/span><\/p>\n<p style=\"padding-left: 30px; text-align: justify;\"><span style=\"color: #000000;\">-Controles y pruebas finales de instalaci\u00f3n.<\/span><\/p>\n<p style=\"text-align: justify;\"><span style=\"color: #000000;\">La alcaldesa Agn\u00e8s Ferr\u00e9 ha explicado que \u201cla obra del nuevo colector de aguas residuales del Priorat de la Bisbal es compleja, ya que son necesarios trabajos en una zona muy amplia y el terreno presenta dificultades. Tenemos previsto que las obras empiecen antes de la primavera y que su duraci\u00f3n sea de entre 8 y 10 meses\u201d.<\/span><\/p>\n<p style=\"text-align: justify;\">\n<p>&nbsp;<\/p>\n<p>&nbsp;<\/p>\n","protected":false},"excerpt":{"rendered":"<p>La Junta de govern local del 23 de desembre va aprovar l\u2019adjudicaci\u00f3 de les obres de millora del col\u00b7lector d\u2019aig\u00fces residuals del Priorat de la Bisbal per un import de &hellip; <a href=\"https:\/\/bisbalpenedes.com\/web\/2020\/01\/07\/la-junta-de-govern-local-ha-adjudicat-les-obres-de-millora-del-collector-daigues-residuals-del-priorat-de-la-bisbal\/\" class=\"more-link\">Read More<\/a><\/p>\n","protected":false},"author":4,"featured_media":8958,"comment_status":"closed","ping_status":"closed","sticky":false,"template":"","format":"standard","meta":[],"categories":[15],"tags":[3458,3133,520,199,3134],"_links":{"self":[{"href":"https:\/\/bisbalpenedes.com\/web\/wp-json\/wp\/v2\/posts\/11597"}],"collection":[{"href":"https:\/\/bisbalpenedes.com\/web\/wp-json\/wp\/v2\/posts"}],"about":[{"href":"https:\/\/bisbalpenedes.com\/web\/wp-json\/wp\/v2\/types\/post"}],"author":[{"embeddable":true,"href":"https:\/\/bisbalpenedes.com\/web\/wp-json\/wp\/v2\/users\/4"}],"replies":[{"embeddable":true,"href":"https:\/\/bisbalpenedes.com\/web\/wp-json\/wp\/v2\/comments?post=11597"}],"version-history":[{"count":1,"href":"https:\/\/bisbalpenedes.com\/web\/wp-json\/wp\/v2\/posts\/11597\/revisions"}],"predecessor-version":[{"id":11599,"href":"https:\/\/bisbalpenedes.com\/web\/wp-json\/wp\/v2\/posts\/11597\/revisions\/11599"}],"wp:featuredmedia":[{"embeddable":true,"href":"https:\/\/bisbalpenedes.com\/web\/wp-json\/wp\/v2\/media\/8958"}],"wp:attachment":[{"href":"https:\/\/bisbalpenedes.com\/web\/wp-json\/wp\/v2\/media?parent=11597"}],"wp:term":[{"taxonomy":"category","embeddable":true,"href":"https:\/\/bisbalpenedes.com\/web\/wp-json\/wp\/v2\/categories?post=11597"},{"taxonomy":"post_tag","embeddable":true,"href":"https:\/\/bisbalpenedes.com\/web\/wp-json\/wp\/v2\/tags?post=11597"}],"curies":[{"name":"wp","href":"https:\/\/api.w.org\/{rel}","templated":true}]}}