{"id":11585,"date":"2020-01-03T13:58:53","date_gmt":"2020-01-03T12:58:53","guid":{"rendered":"http:\/\/bisbalpenedes.com\/web\/?p=11585"},"modified":"2020-01-03T15:05:10","modified_gmt":"2020-01-03T14:05:10","slug":"aquest-diumenge-5-de-gener-arriben-ssmm-els-reis-dorient-a-la-bisbal-del-penedes","status":"publish","type":"post","link":"https:\/\/bisbalpenedes.com\/web\/2020\/01\/03\/aquest-diumenge-5-de-gener-arriben-ssmm-els-reis-dorient-a-la-bisbal-del-penedes\/","title":{"rendered":"Aquest diumenge 5 de gener arriben SSMM els Reis d&#8217;Orient a la Bisbal del Pened\u00e8s"},"content":{"rendered":"<p style=\"text-align: center;\"><a href=\"http:\/\/bisbalpenedes.com\/web\/wp-content\/uploads\/2020\/01\/IMG_0111.jpg\"><img loading=\"lazy\" class=\"alignnone size-large wp-image-11586\" src=\"http:\/\/bisbalpenedes.com\/web\/wp-content\/uploads\/2020\/01\/IMG_0111-1024x683.jpg\" alt=\"IMG_0111\" width=\"630\" height=\"420\" srcset=\"https:\/\/bisbalpenedes.com\/web\/wp-content\/uploads\/2020\/01\/IMG_0111-1024x683.jpg 1024w, https:\/\/bisbalpenedes.com\/web\/wp-content\/uploads\/2020\/01\/IMG_0111-600x400.jpg 600w, https:\/\/bisbalpenedes.com\/web\/wp-content\/uploads\/2020\/01\/IMG_0111-300x200.jpg 300w, https:\/\/bisbalpenedes.com\/web\/wp-content\/uploads\/2020\/01\/IMG_0111-768x512.jpg 768w\" sizes=\"(max-width: 630px) 100vw, 630px\" \/><\/a><\/p>\n<p style=\"text-align: justify;\"><span style=\"color: #000000;\">Aquest diumenge 5 de gener arribaran SSMM els Reis d&#8217;Orient a la Bisbal del Pened\u00e8s.\u00a0<\/span><\/p>\n<ul style=\"text-align: justify;\">\n<li><strong><span style=\"color: #000000;\">A les 17:00h al local social de l&#8217;Esplai.<\/span><\/strong><\/li>\n<li><strong><span style=\"color: #000000;\">A les 17:30h al local social de Can Gordei.<\/span><\/strong><\/li>\n<li><span style=\"color: #000000;\"><strong>A les 18:30h al local social de la Miralba.<\/strong> En aquest cas \u00e9s el primer any, ja que el local social es va inaugurar l&#8217;any passat.<\/span><\/li>\n<li><span style=\"color: #000000;\"><strong>A les 19:00h al nucli de la Bisbal.<\/strong> Inici a l&#8217;avinguda Colom, amb acompanyament de la Banda de Tambors i cornetes de la Societat. Cavalcada del carrer Major fins a la pla\u00e7a Major, carrer Balmes, carrer \u00c0ngel Guimer\u00e0 i tornada a l&#8217;esgl\u00e9sia per a l&#8217;adoraci\u00f3 del nen Jes\u00fas. Seguidament, salutaci\u00f3 des del balc\u00f3 de l&#8217;Ajuntament.\u00a0<\/span><\/li>\n<\/ul>\n<p style=\"text-align: justify;\"><span style=\"color: #000000;\">Les entregues de regals es faran als locals socials dels barris que han sol\u00b7licitat l&#8217;arribada dels Reis (en aquest cas l&#8217;Esplai, Can Gordei i la Miralba), a la Societat Cultural i Recreativa Bisbalenca i al Club Segle XX. Tamb\u00e9 es far\u00e0 el repartiment per les cases.\u00a0Trobareu m\u00e9s informaci\u00f3 al cartell adjunt o contactant amb les entitats que s&#8217;encarreguen del repartiment de regals en cada cas.<\/span><\/p>\n<hr \/>\n<p style=\"text-align: justify;\"><span style=\"color: #000000;\"><strong>CASTELLANO |<\/strong> Este domingo 5 de enero llegar\u00e1n SSMM los Reyes de Oriente a la Bisbal del Pened\u00e8s.<\/span><\/p>\n<ul style=\"text-align: justify;\">\n<li><strong><span style=\"color: #000000;\">A las 17:00h al local social de l&#8217;Esplai.<\/span><\/strong><\/li>\n<li><strong><span style=\"color: #000000;\">A las 17.30h al local social de Can Gordei.\u00a0<\/span><\/strong><\/li>\n<li><span style=\"color: #000000;\"><strong>A las 18:30h al local social de la Miralba.<\/strong> En este caso es el primer a\u00f1o, ya que el local social se inaugur\u00f3 el a\u00f1o pasado.<\/span><\/li>\n<li><span style=\"color: #000000;\"><strong>A las 19.00h al n\u00facleo de la Bisbal<\/strong>. Inicio de la cabalgata en la avenida Colom, con acompa\u00f1amiento de la Banda de Tambores y cornetas de la Societat. Cabalgata de la calle Major hasta la plaza Major, calle Balmes, calle \u00c0ngel Guimer\u00e0 y vuelta a la iglesia para la adoraci\u00f3n del ni\u00f1o Jes\u00fas. Seguidamente, saludo desde el balc\u00f3n del Ayuntamiento.<\/span><\/li>\n<\/ul>\n<p style=\"text-align: justify;\"><span style=\"color: #000000;\">Las entregas de regalos se har\u00e1n en los locales sociales de los barrios que han solicitado la llegada de los Reyes (en este caso l&#8217;Esplai, Can Gordei y la Miralba), en la Societat Cultural i Recreativa Bisbalenca y en el Club Segle XX. Tambi\u00e9n se repartir\u00e1n por las casas. Encontrar\u00e9is m\u00e1s informaci\u00f3n en el cartel adjunto o contactando con las entidades que ese encargan del reparto de regalos en cada caso.<\/span><\/p>\n<p style=\"text-align: center;\"><a href=\"http:\/\/bisbalpenedes.com\/web\/wp-content\/uploads\/2020\/01\/44A2D32B-85DB-473A-A7DE-088A9F6DF486.jpeg\"><img loading=\"lazy\" class=\"alignnone size-large wp-image-11556\" src=\"http:\/\/bisbalpenedes.com\/web\/wp-content\/uploads\/2020\/01\/44A2D32B-85DB-473A-A7DE-088A9F6DF486-736x1024.jpeg\" alt=\"44A2D32B-85DB-473A-A7DE-088A9F6DF486\" width=\"630\" height=\"877\" srcset=\"https:\/\/bisbalpenedes.com\/web\/wp-content\/uploads\/2020\/01\/44A2D32B-85DB-473A-A7DE-088A9F6DF486-736x1024.jpeg 736w, https:\/\/bisbalpenedes.com\/web\/wp-content\/uploads\/2020\/01\/44A2D32B-85DB-473A-A7DE-088A9F6DF486-600x835.jpeg 600w, https:\/\/bisbalpenedes.com\/web\/wp-content\/uploads\/2020\/01\/44A2D32B-85DB-473A-A7DE-088A9F6DF486-216x300.jpeg 216w, https:\/\/bisbalpenedes.com\/web\/wp-content\/uploads\/2020\/01\/44A2D32B-85DB-473A-A7DE-088A9F6DF486-768x1069.jpeg 768w, https:\/\/bisbalpenedes.com\/web\/wp-content\/uploads\/2020\/01\/44A2D32B-85DB-473A-A7DE-088A9F6DF486.jpeg 1242w\" sizes=\"(max-width: 630px) 100vw, 630px\" \/><\/a><\/p>\n","protected":false},"excerpt":{"rendered":"<p>Aquest diumenge 5 de gener arribaran SSMM els Reis d&#8217;Orient a la Bisbal del Pened\u00e8s.\u00a0 A les 17:00h al local social de l&#8217;Esplai. A les 17:30h al local social de &hellip; <a href=\"https:\/\/bisbalpenedes.com\/web\/2020\/01\/03\/aquest-diumenge-5-de-gener-arriben-ssmm-els-reis-dorient-a-la-bisbal-del-penedes\/\" class=\"more-link\">Read More<\/a><\/p>\n","protected":false},"author":4,"featured_media":11586,"comment_status":"closed","ping_status":"closed","sticky":false,"template":"","format":"standard","meta":[],"categories":[13],"tags":[962,97,1084,984,3451,2615],"_links":{"self":[{"href":"https:\/\/bisbalpenedes.com\/web\/wp-json\/wp\/v2\/posts\/11585"}],"collection":[{"href":"https:\/\/bisbalpenedes.com\/web\/wp-json\/wp\/v2\/posts"}],"about":[{"href":"https:\/\/bisbalpenedes.com\/web\/wp-json\/wp\/v2\/types\/post"}],"author":[{"embeddable":true,"href":"https:\/\/bisbalpenedes.com\/web\/wp-json\/wp\/v2\/users\/4"}],"replies":[{"embeddable":true,"href":"https:\/\/bisbalpenedes.com\/web\/wp-json\/wp\/v2\/comments?post=11585"}],"version-history":[{"count":3,"href":"https:\/\/bisbalpenedes.com\/web\/wp-json\/wp\/v2\/posts\/11585\/revisions"}],"predecessor-version":[{"id":11589,"href":"https:\/\/bisbalpenedes.com\/web\/wp-json\/wp\/v2\/posts\/11585\/revisions\/11589"}],"wp:featuredmedia":[{"embeddable":true,"href":"https:\/\/bisbalpenedes.com\/web\/wp-json\/wp\/v2\/media\/11586"}],"wp:attachment":[{"href":"https:\/\/bisbalpenedes.com\/web\/wp-json\/wp\/v2\/media?parent=11585"}],"wp:term":[{"taxonomy":"category","embeddable":true,"href":"https:\/\/bisbalpenedes.com\/web\/wp-json\/wp\/v2\/categories?post=11585"},{"taxonomy":"post_tag","embeddable":true,"href":"https:\/\/bisbalpenedes.com\/web\/wp-json\/wp\/v2\/tags?post=11585"}],"curies":[{"name":"wp","href":"https:\/\/api.w.org\/{rel}","templated":true}]}}