{"id":11576,"date":"2020-01-03T12:15:15","date_gmt":"2020-01-03T11:15:15","guid":{"rendered":"http:\/\/bisbalpenedes.com\/web\/?p=11576"},"modified":"2020-01-03T12:16:23","modified_gmt":"2020-01-03T11:16:23","slug":"la-biblioteca-publica-ha-creat-un-fons-de-bebeteca-i-ha-ampliat-les-seves-colleccions-juvenils-durant-el-2019","status":"publish","type":"post","link":"https:\/\/bisbalpenedes.com\/web\/2020\/01\/03\/la-biblioteca-publica-ha-creat-un-fons-de-bebeteca-i-ha-ampliat-les-seves-colleccions-juvenils-durant-el-2019\/","title":{"rendered":"La Biblioteca p\u00fablica ha creat un fons de bebeteca i ha ampliat les seves col\u00b7leccions juvenils durant el 2019"},"content":{"rendered":"<p><a href=\"http:\/\/bisbalpenedes.com\/web\/wp-content\/uploads\/2020\/01\/BIBLIOTECA-LA-BISBAL.jpg\"><img loading=\"lazy\" class=\"size-large wp-image-11577 aligncenter\" src=\"http:\/\/bisbalpenedes.com\/web\/wp-content\/uploads\/2020\/01\/BIBLIOTECA-LA-BISBAL-1024x578.jpg\" alt=\"cof\" width=\"630\" height=\"356\" srcset=\"https:\/\/bisbalpenedes.com\/web\/wp-content\/uploads\/2020\/01\/BIBLIOTECA-LA-BISBAL-1024x578.jpg 1024w, https:\/\/bisbalpenedes.com\/web\/wp-content\/uploads\/2020\/01\/BIBLIOTECA-LA-BISBAL-600x339.jpg 600w, https:\/\/bisbalpenedes.com\/web\/wp-content\/uploads\/2020\/01\/BIBLIOTECA-LA-BISBAL-300x169.jpg 300w, https:\/\/bisbalpenedes.com\/web\/wp-content\/uploads\/2020\/01\/BIBLIOTECA-LA-BISBAL-768x434.jpg 768w\" sizes=\"(max-width: 630px) 100vw, 630px\" \/><\/a><\/p>\n<p style=\"text-align: justify;\"><span style=\"color: #000000;\">L&#8217;any 2019 la Biblioteca p\u00fablica de la Bisbal del Pened\u00e8s va iniciar un projecte per potenciar els seus espais destinats al p\u00fablic infantil i juvenil. D\u2019una banda, va adquirir llibres per a infants de 0 a 3 anys amb l\u2019objectiu de crear un espai bibliogr\u00e0fic destinat als m\u00e9s petits i, de l\u2019altra, va ampliar el fons juvenil, amb l\u2019adquisici\u00f3 de llibres destinats a la creaci\u00f3 d\u2019un fons de lectures obligat\u00f2ries de secund\u00e0ria -coordinat amb l\u2019Institut Coster de la Torre- i amb l\u2019adquisici\u00f3 d\u2019altres t\u00edtols per ampliar l\u2019apartat de lectura juvenil.<\/span><\/p>\n<p style=\"text-align: justify;\"><span style=\"color: #000000;\">M\u00e9s enll\u00e0 d\u2019aquestes accions, la biblioteca tamb\u00e9 ha creat un espai dedicat al manga, gr\u00e0cies al servei de suport de compres en fires del Servei de Biblioteques de la Generalitat de Catalunya, i es preveu que, durant el 2020, la biblioteca bisbalenca adquireixi nou mobiliari infantil per tal de dotar l\u2019espai existent d\u2019un car\u00e0cter m\u00e9s acollidor i crear el que, en un futur, ser\u00e0 l\u2019espai de la bebeteca, un espai dedicat a nadons i infants de 0 a 3 anys.<\/span><\/p>\n<p style=\"text-align: justify;\"><span style=\"color: #000000;\">Les accions destinades a potenciar els espais destinats al p\u00fablic infantil i juvenil han estat possibles gr\u00e0cies a la l\u00ednia d\u2019ajuts que la biblioteca ha rebut del Departament de Cultura, a trav\u00e9s de l\u2019OSIC, per un valor de 2.000\u20ac. Aquest import s\u2019ha destinat a l\u2019adquisici\u00f3 de llibres en llibreries de la comarca, seguint els valors de donar suport a les compres de proximitat.<\/span><\/p>\n<hr \/>\n<p style=\"text-align: justify;\"><span style=\"color: #000000;\"><strong>CATELLANO |<\/strong> En el 2019 la Biblioteca p\u00fablica de la Bisbal del Pened\u00e8s inici\u00f3 un proyecto para potenciar sus espacios destinados al p\u00fablico infantil y juvenil. Por un lado, adquiri\u00f3 libros para ni\u00f1os de 0 a 3 a\u00f1os con el objetivo de crear un espacio bibliogr\u00e1fico destinado a los m\u00e1s peque\u00f1os y, por el otro, ampli\u00f3 el fondo juvenil, con la adquisici\u00f3n de libros destinados a la creaci\u00f3n de un fondo de lecturas obligatorias de secundaria -coordinado con el Instituto Coster de la Torre- y con la adquisici\u00f3n de otros t\u00edtulos para ampliar el apartado de lectura juvenil.<\/span><\/p>\n<p style=\"text-align: justify;\"><span style=\"color: #000000;\">M\u00e1s all\u00e1 de estas acciones, la biblioteca tambi\u00e9n ha creado un espacio dedicado al manga, gracias al servicio de soporte de compras en ferias del Servicio de Bibliotecas de la Generalitat de Catalunya, y se prev\u00e9 que, durante el 2020, la biblioteca de la Bisbal adquiera nuevo mobiliario infantil par dotar el espacio existente de un car\u00e1cter m\u00e1s acogedor y crear lo que, en un futuro, ser\u00e1 el espacio de la bebeteca, un espacio dedicado a beb\u00e9s y ni\u00f1os de 0 a 3 a\u00f1os.<\/span><\/p>\n<p style=\"text-align: justify;\"><span style=\"color: #000000;\">Las acciones destinadas a potenciar los espacios destinados al p\u00fablico infantil y juvenil han sido posibles gracias a la l\u00ednea de ayudas que la biblioteca ha recibido del Departamento de Cultura, a trav\u00e9s del OSIC, por un valor de 2.000\u20ac. Este importe se ha destinado a la adquisici\u00f3n de libros en librer\u00edas de la comarca, siguiendo los valores de apoyar las compras de proximidad.<\/span><\/p>\n","protected":false},"excerpt":{"rendered":"<p>L&#8217;any 2019 la Biblioteca p\u00fablica de la Bisbal del Pened\u00e8s va iniciar un projecte per potenciar els seus espais destinats al p\u00fablic infantil i juvenil. D\u2019una banda, va adquirir llibres &hellip; <a href=\"https:\/\/bisbalpenedes.com\/web\/2020\/01\/03\/la-biblioteca-publica-ha-creat-un-fons-de-bebeteca-i-ha-ampliat-les-seves-colleccions-juvenils-durant-el-2019\/\" class=\"more-link\">Read More<\/a><\/p>\n","protected":false},"author":4,"featured_media":11577,"comment_status":"closed","ping_status":"closed","sticky":false,"template":"","format":"standard","meta":[],"categories":[13],"tags":[3454,180,225,217,413,148,3455],"_links":{"self":[{"href":"https:\/\/bisbalpenedes.com\/web\/wp-json\/wp\/v2\/posts\/11576"}],"collection":[{"href":"https:\/\/bisbalpenedes.com\/web\/wp-json\/wp\/v2\/posts"}],"about":[{"href":"https:\/\/bisbalpenedes.com\/web\/wp-json\/wp\/v2\/types\/post"}],"author":[{"embeddable":true,"href":"https:\/\/bisbalpenedes.com\/web\/wp-json\/wp\/v2\/users\/4"}],"replies":[{"embeddable":true,"href":"https:\/\/bisbalpenedes.com\/web\/wp-json\/wp\/v2\/comments?post=11576"}],"version-history":[{"count":2,"href":"https:\/\/bisbalpenedes.com\/web\/wp-json\/wp\/v2\/posts\/11576\/revisions"}],"predecessor-version":[{"id":11579,"href":"https:\/\/bisbalpenedes.com\/web\/wp-json\/wp\/v2\/posts\/11576\/revisions\/11579"}],"wp:featuredmedia":[{"embeddable":true,"href":"https:\/\/bisbalpenedes.com\/web\/wp-json\/wp\/v2\/media\/11577"}],"wp:attachment":[{"href":"https:\/\/bisbalpenedes.com\/web\/wp-json\/wp\/v2\/media?parent=11576"}],"wp:term":[{"taxonomy":"category","embeddable":true,"href":"https:\/\/bisbalpenedes.com\/web\/wp-json\/wp\/v2\/categories?post=11576"},{"taxonomy":"post_tag","embeddable":true,"href":"https:\/\/bisbalpenedes.com\/web\/wp-json\/wp\/v2\/tags?post=11576"}],"curies":[{"name":"wp","href":"https:\/\/api.w.org\/{rel}","templated":true}]}}