{"id":11565,"date":"2020-01-02T13:31:32","date_gmt":"2020-01-02T12:31:32","guid":{"rendered":"http:\/\/bisbalpenedes.com\/web\/?p=11565"},"modified":"2020-01-02T13:31:47","modified_gmt":"2020-01-02T12:31:47","slug":"avis-per-talls-electrics-de-distribucion","status":"publish","type":"post","link":"https:\/\/bisbalpenedes.com\/web\/2020\/01\/02\/avis-per-talls-electrics-de-distribucion\/","title":{"rendered":"Av\u00eds per talls el\u00e8ctrics d&#8217;e-distribuci\u00f3n previstos per al dimarts 14 de gener"},"content":{"rendered":"<p><span style=\"color: #000000;\">E-distribuci\u00f3n ha informat que el dimarts 14 de gener, de 09.00h a 12.00h, es produiran diversos talls el\u00e8ctrics al nucli de la Bisbal del Pened\u00e8s per treballs de manteniment. Concretament, es treballar\u00e0 en els seg\u00fcents punts de subministrament:\u00a0<\/span><\/p>\n<ul>\n<li><span style=\"color: #000000;\">C\/Verdaguer\u00a0 de la Bisbal del Pened\u00e8s<\/span><\/li>\n<li><span style=\"color: #000000;\">P. de la Reixa de la Bisbal del Pened\u00e8s<\/span><\/li>\n<li><span style=\"color: #000000;\">C\/Major de la Bisbal del Pened\u00e8s<\/span><\/li>\n<\/ul>\n<p><span style=\"color: #000000;\">Podeu consultar els talls programats per e-distribuci\u00f3n, des de 7 dies abans que tinguin lloc, en aquest enlla\u00e7:\u00a0<a style=\"color: #000000;\" href=\"https:\/\/wtp.endesa.com\/WTP\/inicio.do\" target=\"_blank\">https:\/\/wtp.endesa.com\/WTP\/inicio.do<\/a><\/span><\/p>\n<hr \/>\n<p><span style=\"color: #000000;\"><strong>CASTELLANO |<\/strong> E-distribuci\u00f3n ha informado que el martes 14 de enero, de 09.00h a 12.00h, se producir\u00e1n varios cortes el\u00e9ctricos en el n\u00facleo de la Bisbal del Pened\u00e8s por trabajos de mantenimiento. Concretamente, se trabajar\u00e1 en los siguientes puntos de suministro:<\/span><\/p>\n<ul>\n<li><span style=\"color: #000000;\">C\/Verdaguer\u00a0 de la Bisbal del Pened\u00e8s<\/span><\/li>\n<li><span style=\"color: #000000;\">P. de la Reixa\u00a0de la Bisbal del Pened\u00e8s<\/span><\/li>\n<li><span style=\"color: #000000;\">C\/Major de la Bisbal del Pened\u00e8s<\/span><\/li>\n<\/ul>\n<p><span style=\"color: #000000;\">Pod\u00e9is consultar los cortes programados pro e-distribuci\u00f3n, desde 7 d\u00edas antes del d\u00eda en que tendr\u00e1n lugar, en este enlace:\u00a0<a style=\"color: #000000;\" href=\"https:\/\/wtp.endesa.com\/WTP\/inicio.do\" target=\"_blank\">https:\/\/wtp.endesa.com\/WTP\/inicio.do<\/a><\/span><\/p>\n","protected":false},"excerpt":{"rendered":"<p>E-distribuci\u00f3n ha informat que el dimarts 14 de gener, de 09.00h a 12.00h, es produiran diversos talls el\u00e8ctrics al nucli de la Bisbal del Pened\u00e8s per treballs de manteniment. Concretament, &hellip; <a href=\"https:\/\/bisbalpenedes.com\/web\/2020\/01\/02\/avis-per-talls-electrics-de-distribucion\/\" class=\"more-link\">Read More<\/a><\/p>\n","protected":false},"author":4,"featured_media":11566,"comment_status":"closed","ping_status":"closed","sticky":false,"template":"","format":"standard","meta":[],"categories":[1628],"tags":[3452,334,3453],"_links":{"self":[{"href":"https:\/\/bisbalpenedes.com\/web\/wp-json\/wp\/v2\/posts\/11565"}],"collection":[{"href":"https:\/\/bisbalpenedes.com\/web\/wp-json\/wp\/v2\/posts"}],"about":[{"href":"https:\/\/bisbalpenedes.com\/web\/wp-json\/wp\/v2\/types\/post"}],"author":[{"embeddable":true,"href":"https:\/\/bisbalpenedes.com\/web\/wp-json\/wp\/v2\/users\/4"}],"replies":[{"embeddable":true,"href":"https:\/\/bisbalpenedes.com\/web\/wp-json\/wp\/v2\/comments?post=11565"}],"version-history":[{"count":2,"href":"https:\/\/bisbalpenedes.com\/web\/wp-json\/wp\/v2\/posts\/11565\/revisions"}],"predecessor-version":[{"id":11568,"href":"https:\/\/bisbalpenedes.com\/web\/wp-json\/wp\/v2\/posts\/11565\/revisions\/11568"}],"wp:featuredmedia":[{"embeddable":true,"href":"https:\/\/bisbalpenedes.com\/web\/wp-json\/wp\/v2\/media\/11566"}],"wp:attachment":[{"href":"https:\/\/bisbalpenedes.com\/web\/wp-json\/wp\/v2\/media?parent=11565"}],"wp:term":[{"taxonomy":"category","embeddable":true,"href":"https:\/\/bisbalpenedes.com\/web\/wp-json\/wp\/v2\/categories?post=11565"},{"taxonomy":"post_tag","embeddable":true,"href":"https:\/\/bisbalpenedes.com\/web\/wp-json\/wp\/v2\/tags?post=11565"}],"curies":[{"name":"wp","href":"https:\/\/api.w.org\/{rel}","templated":true}]}}