{"id":11561,"date":"2020-01-02T13:03:05","date_gmt":"2020-01-02T12:03:05","guid":{"rendered":"http:\/\/bisbalpenedes.com\/web\/?p=11561"},"modified":"2020-01-02T13:03:05","modified_gmt":"2020-01-02T12:03:05","slug":"concert-de-nadal-dissabte-4-de-gener-a-les-18h","status":"publish","type":"post","link":"https:\/\/bisbalpenedes.com\/web\/2020\/01\/02\/concert-de-nadal-dissabte-4-de-gener-a-les-18h\/","title":{"rendered":"Concert de Nadal &#8211; Dissabte 4 de gener a les 18h"},"content":{"rendered":"<p><span style=\"color: #000000;\">El dissabte 4 de gener, a les 18h, tindr\u00e0 lloc el concert de Nadal de l&#8217;Associaci\u00f3 de Cors Antistiana i Prades Cor<\/span><\/p>\n<p><span style=\"color: #000000;\">(inicialment s&#8217;havia anunciat a una altra hora, per\u00f2 l&#8217;hora correcta s\u00f3n les 18h, disculpeu les mol\u00e8sties)<\/span><\/p>\n<hr \/>\n<p><span style=\"color: #000000;\">El s\u00e1bado 4 de enero, a las 18h, tendr\u00e1 lugar el concierto de Navidad de la Associaci\u00f3 de Cors Antistiana y Prades Cor<\/span><\/p>\n<p><span style=\"color: #000000;\">(inicialmente se hab\u00eda anunciado a otra hora, pero la hora correcta son las 18h, disculpad las molestias)<\/span><\/p>\n<p><a href=\"http:\/\/bisbalpenedes.com\/web\/wp-content\/uploads\/2020\/01\/CONCERT-ANTISTIANA.jpg\"><img loading=\"lazy\" class=\"alignnone size-full wp-image-11562\" src=\"http:\/\/bisbalpenedes.com\/web\/wp-content\/uploads\/2020\/01\/CONCERT-ANTISTIANA.jpg\" alt=\"CONCERT ANTISTIANA nadal\" width=\"679\" height=\"960\" srcset=\"https:\/\/bisbalpenedes.com\/web\/wp-content\/uploads\/2020\/01\/CONCERT-ANTISTIANA.jpg 679w, https:\/\/bisbalpenedes.com\/web\/wp-content\/uploads\/2020\/01\/CONCERT-ANTISTIANA-600x848.jpg 600w, https:\/\/bisbalpenedes.com\/web\/wp-content\/uploads\/2020\/01\/CONCERT-ANTISTIANA-212x300.jpg 212w\" sizes=\"(max-width: 679px) 100vw, 679px\" \/><\/a><\/p>\n","protected":false},"excerpt":{"rendered":"<p>El dissabte 4 de gener, a les 18h, tindr\u00e0 lloc el concert de Nadal de l&#8217;Associaci\u00f3 de Cors Antistiana i Prades Cor (inicialment s&#8217;havia anunciat a una altra hora, per\u00f2 &hellip; <a href=\"https:\/\/bisbalpenedes.com\/web\/2020\/01\/02\/concert-de-nadal-dissabte-4-de-gener-a-les-18h\/\" class=\"more-link\">Read More<\/a><\/p>\n","protected":false},"author":4,"featured_media":11562,"comment_status":"closed","ping_status":"closed","sticky":false,"template":"","format":"standard","meta":[],"categories":[20],"tags":[2455,73,95,1109],"_links":{"self":[{"href":"https:\/\/bisbalpenedes.com\/web\/wp-json\/wp\/v2\/posts\/11561"}],"collection":[{"href":"https:\/\/bisbalpenedes.com\/web\/wp-json\/wp\/v2\/posts"}],"about":[{"href":"https:\/\/bisbalpenedes.com\/web\/wp-json\/wp\/v2\/types\/post"}],"author":[{"embeddable":true,"href":"https:\/\/bisbalpenedes.com\/web\/wp-json\/wp\/v2\/users\/4"}],"replies":[{"embeddable":true,"href":"https:\/\/bisbalpenedes.com\/web\/wp-json\/wp\/v2\/comments?post=11561"}],"version-history":[{"count":1,"href":"https:\/\/bisbalpenedes.com\/web\/wp-json\/wp\/v2\/posts\/11561\/revisions"}],"predecessor-version":[{"id":11563,"href":"https:\/\/bisbalpenedes.com\/web\/wp-json\/wp\/v2\/posts\/11561\/revisions\/11563"}],"wp:featuredmedia":[{"embeddable":true,"href":"https:\/\/bisbalpenedes.com\/web\/wp-json\/wp\/v2\/media\/11562"}],"wp:attachment":[{"href":"https:\/\/bisbalpenedes.com\/web\/wp-json\/wp\/v2\/media?parent=11561"}],"wp:term":[{"taxonomy":"category","embeddable":true,"href":"https:\/\/bisbalpenedes.com\/web\/wp-json\/wp\/v2\/categories?post=11561"},{"taxonomy":"post_tag","embeddable":true,"href":"https:\/\/bisbalpenedes.com\/web\/wp-json\/wp\/v2\/tags?post=11561"}],"curies":[{"name":"wp","href":"https:\/\/api.w.org\/{rel}","templated":true}]}}