{"id":11540,"date":"2019-12-23T21:53:46","date_gmt":"2019-12-23T20:53:46","guid":{"rendered":"http:\/\/bisbalpenedes.com\/web\/?p=11540"},"modified":"2019-12-23T21:53:46","modified_gmt":"2019-12-23T20:53:46","slug":"lajuntament-participa-en-el-4t-acte-de-reconeixement-rsc-junts-trenquem-el-cercle","status":"publish","type":"post","link":"https:\/\/bisbalpenedes.com\/web\/2019\/12\/23\/lajuntament-participa-en-el-4t-acte-de-reconeixement-rsc-junts-trenquem-el-cercle\/","title":{"rendered":"L\u2019Ajuntament participa en el 4t Acte de Reconeixement RSC: Junts trenquem el cercle"},"content":{"rendered":"<figure id=\"attachment_11542\" aria-describedby=\"caption-attachment-11542\" style=\"width: 630px\" class=\"wp-caption aligncenter\"><a href=\"http:\/\/bisbalpenedes.com\/web\/wp-content\/uploads\/2019\/12\/AMB-ENTREM-HI-2.jpg\"><img loading=\"lazy\" class=\"size-large wp-image-11542\" src=\"http:\/\/bisbalpenedes.com\/web\/wp-content\/uploads\/2019\/12\/AMB-ENTREM-HI-2-1024x768.jpg\" alt=\"L'alcaldessa Agn\u00e8s Ferr\u00e9 rebent el reconeixement \" width=\"630\" height=\"473\" srcset=\"https:\/\/bisbalpenedes.com\/web\/wp-content\/uploads\/2019\/12\/AMB-ENTREM-HI-2-1024x768.jpg 1024w, https:\/\/bisbalpenedes.com\/web\/wp-content\/uploads\/2019\/12\/AMB-ENTREM-HI-2-600x450.jpg 600w, https:\/\/bisbalpenedes.com\/web\/wp-content\/uploads\/2019\/12\/AMB-ENTREM-HI-2-300x225.jpg 300w, https:\/\/bisbalpenedes.com\/web\/wp-content\/uploads\/2019\/12\/AMB-ENTREM-HI-2-768x576.jpg 768w, https:\/\/bisbalpenedes.com\/web\/wp-content\/uploads\/2019\/12\/AMB-ENTREM-HI-2.jpg 1984w\" sizes=\"(max-width: 630px) 100vw, 630px\" \/><\/a><figcaption id=\"caption-attachment-11542\" class=\"wp-caption-text\">L&#8217;alcaldessa Agn\u00e8s Ferr\u00e9 rebent el reconeixement en el marc del 4t acte Reconeixement RSC<\/figcaption><\/figure>\n<p style=\"text-align: justify;\"><b><\/b><span style=\"font-size: 14pt; color: #000000;\">L\u2019alcaldessa i responsable de l\u2019\u00e0rea d\u2019Ocupaci\u00f3, Agn\u00e8s Ferr\u00e9; la regidora d\u2019Esports, Leo Uceda; i la t\u00e8cnica d\u2019Ocupaci\u00f3, Arantzazu Longares, van assistir el passat 12 de desembre al 4t Acte Reconeixement RSC: Junts trenquem el cercle, un programa del Grup cooperatiu d\u2019entitats i empreses socials \u2018Entrem-hi\u2019 que d\u00f3na suport a la millora de l\u2019ocupabilitat de persones amb vulnerabilitat social. Durant l\u2019acte, l\u2019Ajuntament de la Bisbal del Pened\u00e8s \u2013 juntament els ajuntaments d\u2019altres municipis del Pened\u00e8s- va rebre un reconeixement pel treball que realitza per millorar l\u2019ocupabilitat de persones vulnerables.<\/span><\/p>\n<hr \/>\n<p style=\"text-align: justify;\"><span style=\"color: #000000;\"><b><span style=\"font-size: 14.0pt;\">CASTELLANO |<\/span><\/b><span style=\"font-size: 14.0pt;\"> La alcaldesa y responsable del \u00e1rea de Ocupaci\u00f3n, Agn\u00e8s Ferr\u00e9; la regidora de Deportes, Leo Uceda; y la t\u00e9cnica de Ocupaci\u00f3n, Arantzazu Longares, asistieron el pasado 12 de diciembre al 4\u00ba Acto de Reconocimiento RSC: \u201cJunts trenquem el cercle\u201d, un programa del Grupo cooperativo de entidades y empresas sociales \u2018Entrem-hi\u2019 que apoya la mejora de la ocupaci\u00f3n de personas con vulnerabilidad social. Durante el acto, el Ayuntamiento de la Bisbal del Pened\u00e8s \u2013 junto con los ayuntamientos de otros municipios del Pened\u00e8s \u2013 recibi\u00f3 un reconocimiento por el trabajo que realiza para mejorar la ocupaci\u00f3n de personas vulnerables.<\/span><\/span><\/p>\n","protected":false},"excerpt":{"rendered":"<p>L\u2019alcaldessa i responsable de l\u2019\u00e0rea d\u2019Ocupaci\u00f3, Agn\u00e8s Ferr\u00e9; la regidora d\u2019Esports, Leo Uceda; i la t\u00e8cnica d\u2019Ocupaci\u00f3, Arantzazu Longares, van assistir el passat 12 de desembre al 4t Acte Reconeixement &hellip; <a href=\"https:\/\/bisbalpenedes.com\/web\/2019\/12\/23\/lajuntament-participa-en-el-4t-acte-de-reconeixement-rsc-junts-trenquem-el-cercle\/\" class=\"more-link\">Read More<\/a><\/p>\n","protected":false},"author":4,"featured_media":11542,"comment_status":"closed","ping_status":"closed","sticky":false,"template":"","format":"standard","meta":[],"categories":[9],"tags":[2616,10,3449,3448],"_links":{"self":[{"href":"https:\/\/bisbalpenedes.com\/web\/wp-json\/wp\/v2\/posts\/11540"}],"collection":[{"href":"https:\/\/bisbalpenedes.com\/web\/wp-json\/wp\/v2\/posts"}],"about":[{"href":"https:\/\/bisbalpenedes.com\/web\/wp-json\/wp\/v2\/types\/post"}],"author":[{"embeddable":true,"href":"https:\/\/bisbalpenedes.com\/web\/wp-json\/wp\/v2\/users\/4"}],"replies":[{"embeddable":true,"href":"https:\/\/bisbalpenedes.com\/web\/wp-json\/wp\/v2\/comments?post=11540"}],"version-history":[{"count":1,"href":"https:\/\/bisbalpenedes.com\/web\/wp-json\/wp\/v2\/posts\/11540\/revisions"}],"predecessor-version":[{"id":11543,"href":"https:\/\/bisbalpenedes.com\/web\/wp-json\/wp\/v2\/posts\/11540\/revisions\/11543"}],"wp:featuredmedia":[{"embeddable":true,"href":"https:\/\/bisbalpenedes.com\/web\/wp-json\/wp\/v2\/media\/11542"}],"wp:attachment":[{"href":"https:\/\/bisbalpenedes.com\/web\/wp-json\/wp\/v2\/media?parent=11540"}],"wp:term":[{"taxonomy":"category","embeddable":true,"href":"https:\/\/bisbalpenedes.com\/web\/wp-json\/wp\/v2\/categories?post=11540"},{"taxonomy":"post_tag","embeddable":true,"href":"https:\/\/bisbalpenedes.com\/web\/wp-json\/wp\/v2\/tags?post=11540"}],"curies":[{"name":"wp","href":"https:\/\/api.w.org\/{rel}","templated":true}]}}