{"id":11537,"date":"2019-12-23T21:34:36","date_gmt":"2019-12-23T20:34:36","guid":{"rendered":"http:\/\/bisbalpenedes.com\/web\/?p=11537"},"modified":"2019-12-23T21:34:36","modified_gmt":"2019-12-23T20:34:36","slug":"la-regidoria-de-joventut-participa-en-el-projecte-3voltes-assessoraments-en-clau-de-genere","status":"publish","type":"post","link":"https:\/\/bisbalpenedes.com\/web\/2019\/12\/23\/la-regidoria-de-joventut-participa-en-el-projecte-3voltes-assessoraments-en-clau-de-genere\/","title":{"rendered":"La Regidoria de Joventut participa en el projecte \u201c3Voltes, assessoraments en clau de g\u00e8nere\u201d"},"content":{"rendered":"<figure id=\"attachment_11538\" aria-describedby=\"caption-attachment-11538\" style=\"width: 630px\" class=\"wp-caption aligncenter\"><a href=\"http:\/\/bisbalpenedes.com\/web\/wp-content\/uploads\/2019\/12\/3-voltes-La-Selva.jpg\"><img loading=\"lazy\" class=\"wp-image-11538 size-large\" src=\"http:\/\/bisbalpenedes.com\/web\/wp-content\/uploads\/2019\/12\/3-voltes-La-Selva-e1577133210975-1024x598.jpg\" alt=\"Fotografia de grup dels participants en el programa \" width=\"630\" height=\"368\" srcset=\"https:\/\/bisbalpenedes.com\/web\/wp-content\/uploads\/2019\/12\/3-voltes-La-Selva-e1577133210975-1024x598.jpg 1024w, https:\/\/bisbalpenedes.com\/web\/wp-content\/uploads\/2019\/12\/3-voltes-La-Selva-e1577133210975-600x351.jpg 600w, https:\/\/bisbalpenedes.com\/web\/wp-content\/uploads\/2019\/12\/3-voltes-La-Selva-e1577133210975-300x175.jpg 300w, https:\/\/bisbalpenedes.com\/web\/wp-content\/uploads\/2019\/12\/3-voltes-La-Selva-e1577133210975-768x449.jpg 768w, https:\/\/bisbalpenedes.com\/web\/wp-content\/uploads\/2019\/12\/3-voltes-La-Selva-e1577133210975.jpg 1270w\" sizes=\"(max-width: 630px) 100vw, 630px\" \/><\/a><figcaption id=\"caption-attachment-11538\" class=\"wp-caption-text\">Fotografia de grup dels participants en el programa<\/figcaption><\/figure>\n<p style=\"text-align: justify;\"><span style=\"color: #000000;\">La t\u00e8cnica de Joventut, Arantzazu Longares, ha participat en el programa \u201c3Voltes, assessoraments en clau de g\u00e8nere\u201d, que ofereix formaci\u00f3 i assessorament especialitzat per dissenyar i implementar accions de promoci\u00f3 de la igualtat i de la diversitat sexual i de g\u00e8nere i de prevenci\u00f3 de les viol\u00e8ncies masclistes amb joves.<\/span><\/p>\n<p style=\"text-align: justify;\"><span style=\"color: #000000;\">Els participants en el programa han rebut 16h de formaci\u00f3 relacionada amb les desigualtats de g\u00e8nere i les viol\u00e8ncies masclistes i tenen a la seva disposici\u00f3 10h d\u2019acompanyament per rebre orientaci\u00f3 en la definici\u00f3 i el disseny dels projectes i accions que es vulguin posar en marxa des de la Regidoria de Joventut. El regidor d\u2019aquesta \u00e0rea, F\u00e9lix Villaz\u00e1n, ha explicat que \u201cdes de la regidoria estem treballant en un projecte que ens permetr\u00e0 traslladar accions relacionades amb la promoci\u00f3 de la igualtat, les diversitats de sexe i g\u00e8nere i la prevenci\u00f3 de la viol\u00e8ncia de g\u00e8nere amb joves del municipi\u201d.<\/span><\/p>\n<p style=\"text-align: justify;\"><span style=\"color: #000000;\">3 Voltes va n\u00e9ixer de l\u2019experi\u00e8ncia de la Direcci\u00f3 General de Joventut en processos d\u2019assessorament a professionals en mat\u00e8ria de viol\u00e8ncies masclistes i de la voluntat d\u2019ampliar l\u2019impacte de l\u2019acci\u00f3, diversificant les tem\u00e0tiques en clau de g\u00e8nere amb l\u2019objectiu de poder treballar per la igualtat en una etapa com la joventut, que esdev\u00e9 una inversi\u00f3 de futur i un motor de canvi social.<\/span><\/p>\n<hr \/>\n<p style=\"text-align: justify;\"><span style=\"color: #000000;\"><strong>CASTELLANO |<\/strong> La t\u00e9cnica de Juventud, Arantzazu Longares, ha participado en el programa \u201c3Voltes, assessoraments en clau de g\u00e8nere\u201d, que ofrece formaci\u00f3n y asesoramiento especializado para dise\u00f1ar e implementar acciones de promoci\u00f3n de la igualdad y de la diversidad sexual y de g\u00e9nero y de prevenci\u00f3n de las violencias machistas con j\u00f3venes.<\/span><\/p>\n<p style=\"text-align: justify;\"><span style=\"color: #000000;\">Los participantes en el programa han recibido 16 horas de formaci\u00f3n relacionada con las desigualdades de g\u00e9nero y las violencias machistas y tienen a su disposici\u00f3n 10h de acompa\u00f1amiento para recibir orientaci\u00f3n en la definici\u00f3n y el dise\u00f1o de los proyectos y acciones que se quieran poner en marcha desde la Concejal\u00eda de Juventud. El concejal de esta \u00e1rea, F\u00e9lix Villaz\u00e1n, ha explicado que \u201cdesde la concejal\u00eda estamos trabajando en un proyecto que nos permitir\u00e1 trasladar acciones relacionadas con la promoci\u00f3n de la igualdad, las diversidades de sexo y de g\u00e9nero y la prevenci\u00f3n de la violencia de g\u00e9nero con los j\u00f3venes del municipio\u201d.<\/span><\/p>\n<p style=\"text-align: justify;\"><span style=\"color: #000000;\">3 Voltes naci\u00f3 de la experiencia de la Direcci\u00f3n General de Juventud en procesos de asesoramiento a profesionales en materia de violencias machistas y de la voluntad de ampliar el impacto de la acci\u00f3n, diversificando las tem\u00e1ticas en clave de g\u00e9nero con el objetivo de poder trabajar por la igualdad en una etapa como la juventud, que deviene una inversi\u00f3n de futuro y un motor de cambio social.<\/span><\/p>\n","protected":false},"excerpt":{"rendered":"<p>La t\u00e8cnica de Joventut, Arantzazu Longares, ha participat en el programa \u201c3Voltes, assessoraments en clau de g\u00e8nere\u201d, que ofereix formaci\u00f3 i assessorament especialitzat per dissenyar i implementar accions de promoci\u00f3 &hellip; <a href=\"https:\/\/bisbalpenedes.com\/web\/2019\/12\/23\/la-regidoria-de-joventut-participa-en-el-projecte-3voltes-assessoraments-en-clau-de-genere\/\" class=\"more-link\">Read More<\/a><\/p>\n","protected":false},"author":4,"featured_media":11538,"comment_status":"closed","ping_status":"closed","sticky":false,"template":"","format":"standard","meta":[],"categories":[1486],"tags":[3443,3444,3446,3445,3447],"_links":{"self":[{"href":"https:\/\/bisbalpenedes.com\/web\/wp-json\/wp\/v2\/posts\/11537"}],"collection":[{"href":"https:\/\/bisbalpenedes.com\/web\/wp-json\/wp\/v2\/posts"}],"about":[{"href":"https:\/\/bisbalpenedes.com\/web\/wp-json\/wp\/v2\/types\/post"}],"author":[{"embeddable":true,"href":"https:\/\/bisbalpenedes.com\/web\/wp-json\/wp\/v2\/users\/4"}],"replies":[{"embeddable":true,"href":"https:\/\/bisbalpenedes.com\/web\/wp-json\/wp\/v2\/comments?post=11537"}],"version-history":[{"count":1,"href":"https:\/\/bisbalpenedes.com\/web\/wp-json\/wp\/v2\/posts\/11537\/revisions"}],"predecessor-version":[{"id":11539,"href":"https:\/\/bisbalpenedes.com\/web\/wp-json\/wp\/v2\/posts\/11537\/revisions\/11539"}],"wp:featuredmedia":[{"embeddable":true,"href":"https:\/\/bisbalpenedes.com\/web\/wp-json\/wp\/v2\/media\/11538"}],"wp:attachment":[{"href":"https:\/\/bisbalpenedes.com\/web\/wp-json\/wp\/v2\/media?parent=11537"}],"wp:term":[{"taxonomy":"category","embeddable":true,"href":"https:\/\/bisbalpenedes.com\/web\/wp-json\/wp\/v2\/categories?post=11537"},{"taxonomy":"post_tag","embeddable":true,"href":"https:\/\/bisbalpenedes.com\/web\/wp-json\/wp\/v2\/tags?post=11537"}],"curies":[{"name":"wp","href":"https:\/\/api.w.org\/{rel}","templated":true}]}}