{"id":11512,"date":"2019-12-18T14:11:54","date_gmt":"2019-12-18T13:11:54","guid":{"rendered":"http:\/\/bisbalpenedes.com\/web\/?p=11512"},"modified":"2019-12-18T14:13:01","modified_gmt":"2019-12-18T13:13:01","slug":"canvi-dubicacio-del-jutjat-de-pau-base-el-som-bisbal-i-laula-de-formacio-de-lhotel-dentitats","status":"publish","type":"post","link":"https:\/\/bisbalpenedes.com\/web\/2019\/12\/18\/canvi-dubicacio-del-jutjat-de-pau-base-el-som-bisbal-i-laula-de-formacio-de-lhotel-dentitats\/","title":{"rendered":"Canvi d\u2019ubicaci\u00f3 del Jutjat de pau, BASE, el SOM Bisbal i l\u2019aula de formaci\u00f3 de l\u2019Hotel d\u2019entitats"},"content":{"rendered":"<figure id=\"attachment_5255\" aria-describedby=\"caption-attachment-5255\" style=\"width: 255px\" class=\"wp-caption aligncenter\"><a href=\"http:\/\/bisbalpenedes.com\/web\/wp-content\/uploads\/2018\/03\/HOTEL-ENTITATS1.jpg\"><img loading=\"lazy\" class=\"wp-image-5255 size-medium\" src=\"http:\/\/bisbalpenedes.com\/web\/wp-content\/uploads\/2018\/03\/HOTEL-ENTITATS1-255x300.jpg\" alt=\"HOTEL ENTITATS1\" width=\"255\" height=\"300\" srcset=\"https:\/\/bisbalpenedes.com\/web\/wp-content\/uploads\/2018\/03\/HOTEL-ENTITATS1-255x300.jpg 255w, https:\/\/bisbalpenedes.com\/web\/wp-content\/uploads\/2018\/03\/HOTEL-ENTITATS1-600x706.jpg 600w, https:\/\/bisbalpenedes.com\/web\/wp-content\/uploads\/2018\/03\/HOTEL-ENTITATS1-768x904.jpg 768w, https:\/\/bisbalpenedes.com\/web\/wp-content\/uploads\/2018\/03\/HOTEL-ENTITATS1-870x1024.jpg 870w\" sizes=\"(max-width: 255px) 100vw, 255px\" \/><\/a><figcaption id=\"caption-attachment-5255\" class=\"wp-caption-text\">Hotel d&#8217;entitats<\/figcaption><\/figure>\n<p style=\"text-align: justify;\"><span style=\"color: #000000;\">El Jutjat de pau trasllada la seva seu, ubicada actualment a la planta baixa de l\u2019Ajuntament. A partir d\u2019aquest divendres 20 de desembre estar\u00e0 ubicat a la planta baixa de l\u2019Hotel d\u2019Entitats, un espai que tamb\u00e9 ocupar\u00e0 BASE a partir del 13 gener.<\/span><\/p>\n<p style=\"text-align: justify;\"><span style=\"color: #000000;\">L\u2019aula de formaci\u00f3 de la planta baixa de l\u2019Hotel d\u2019entitats es traslladar\u00e0 a la segona planta de l\u2019Hotel d\u2019entitats i el SOM Bisbal, que actualment ocupa aquest espai de la segona planta, s\u2019ubicar\u00e0 al despatx de l\u2019Ajuntament -l\u2019espai que fins ara ocupaven el Jutjat de pau i BASE- a partir del 7 de gener.<\/span><\/p>\n<p style=\"text-align: justify;\"><span style=\"color: #000000;\">Aix\u00ed, el Jutjat de pau i BASE podran comptar amb un espai de treball m\u00e9s ampli i el SOM Bisbal incorporar\u00e0 el seu despatx a l\u2019edifici consistorial, la qual cosa ajudar\u00e0 a agilitzar processos de comunicaci\u00f3 i tr\u00e0mits tant a nivell intern com vers als usuaris.<\/span><\/p>\n<p style=\"text-align: justify;\"><span style=\"color: #000000;\"><b>&#8212;<\/b><\/span><\/p>\n<p style=\"text-align: justify;\"><span style=\"color: #000000;\"><b>CASTELLANO |<\/b>\u00a0El Juzgado de paz traslada su sede, ubicada actualmente en la planta baja del Ayuntamiento. A partir de este viernes 20 de diciembre estar\u00e1 ubicado en la planta baja del Hotel de Entidades, un espacio que tambi\u00e9n ocupar\u00e1 BASE a partir del 13 de enero.<\/span><\/p>\n<p style=\"text-align: justify;\"><span style=\"color: #000000;\">El aula de formaci\u00f3n de la planta baja del Hotel de Entidades se trasladar\u00e1 a la segunda planta del Hotel de Entidades y el SOM Bisbal, que actualmente ocupa este espacio de la segunda planta, se ubicar\u00e1 en el despacho del Ayuntamiento \u2013 el espacio hasta ahora ocupaban el Juzgado de paz y BASE- a partir del 7 de enero.<\/span><\/p>\n<p style=\"text-align: justify;\"><span style=\"color: #000000;\">As\u00ed, el Jutjat de pau y BASE podr\u00e1n contar con un espacio de trabajo m\u00e1s amplio y el SOM Bisbal incorporar\u00e1 su despacho en el edificio consistorial, la cual cosa ayudar\u00e1 a agilizar procesos de comunicaci\u00f3n y tr\u00e1mites tanto a nivel interno como hacia los usuarios.<\/span><\/p>\n","protected":false},"excerpt":{"rendered":"<p>El Jutjat de pau trasllada la seva seu, ubicada actualment a la planta baixa de l\u2019Ajuntament. A partir d\u2019aquest divendres 20 de desembre estar\u00e0 ubicat a la planta baixa de &hellip; <a href=\"https:\/\/bisbalpenedes.com\/web\/2019\/12\/18\/canvi-dubicacio-del-jutjat-de-pau-base-el-som-bisbal-i-laula-de-formacio-de-lhotel-dentitats\/\" class=\"more-link\">Read More<\/a><\/p>\n","protected":false},"author":4,"featured_media":5255,"comment_status":"closed","ping_status":"closed","sticky":false,"template":"","format":"standard","meta":[],"categories":[1628],"tags":[3441,977,1176,3440,271],"_links":{"self":[{"href":"https:\/\/bisbalpenedes.com\/web\/wp-json\/wp\/v2\/posts\/11512"}],"collection":[{"href":"https:\/\/bisbalpenedes.com\/web\/wp-json\/wp\/v2\/posts"}],"about":[{"href":"https:\/\/bisbalpenedes.com\/web\/wp-json\/wp\/v2\/types\/post"}],"author":[{"embeddable":true,"href":"https:\/\/bisbalpenedes.com\/web\/wp-json\/wp\/v2\/users\/4"}],"replies":[{"embeddable":true,"href":"https:\/\/bisbalpenedes.com\/web\/wp-json\/wp\/v2\/comments?post=11512"}],"version-history":[{"count":1,"href":"https:\/\/bisbalpenedes.com\/web\/wp-json\/wp\/v2\/posts\/11512\/revisions"}],"predecessor-version":[{"id":11513,"href":"https:\/\/bisbalpenedes.com\/web\/wp-json\/wp\/v2\/posts\/11512\/revisions\/11513"}],"wp:featuredmedia":[{"embeddable":true,"href":"https:\/\/bisbalpenedes.com\/web\/wp-json\/wp\/v2\/media\/5255"}],"wp:attachment":[{"href":"https:\/\/bisbalpenedes.com\/web\/wp-json\/wp\/v2\/media?parent=11512"}],"wp:term":[{"taxonomy":"category","embeddable":true,"href":"https:\/\/bisbalpenedes.com\/web\/wp-json\/wp\/v2\/categories?post=11512"},{"taxonomy":"post_tag","embeddable":true,"href":"https:\/\/bisbalpenedes.com\/web\/wp-json\/wp\/v2\/tags?post=11512"}],"curies":[{"name":"wp","href":"https:\/\/api.w.org\/{rel}","templated":true}]}}