{"id":11506,"date":"2019-12-18T13:41:57","date_gmt":"2019-12-18T12:41:57","guid":{"rendered":"http:\/\/bisbalpenedes.com\/web\/?p=11506"},"modified":"2019-12-18T14:19:51","modified_gmt":"2019-12-18T13:19:51","slug":"el-2020-la-segona-fraccio-de-libi-urba-sabonara-mes-tard-que-en-lactualitat","status":"publish","type":"post","link":"https:\/\/bisbalpenedes.com\/web\/2019\/12\/18\/el-2020-la-segona-fraccio-de-libi-urba-sabonara-mes-tard-que-en-lactualitat\/","title":{"rendered":"El 2020 la segona fracci\u00f3 de l\u2019IBI urb\u00e0 s\u2019abonar\u00e0 m\u00e9s tard que en l\u2019actualitat"},"content":{"rendered":"<p style=\"text-align: justify;\"><span style=\"color: #000000;\"><a href=\"http:\/\/bit.ly\/34rPO8B\" target=\"_blank\">El Ple ordinari del 16 de desembre<\/a> va aprovar el calendari fiscal per a l\u2019exercici 2020. Totes les fraccions mantenen el per\u00edode voluntari de pagament i la data de la domiciliaci\u00f3 banc\u00e0ria a excepci\u00f3 de la segona fracci\u00f3 de l\u2019IBI urb\u00e0. A partir del 2020, la segona fracci\u00f3 de l\u2019IBI urb\u00e0 es pagar\u00e0 m\u00e9s tard que fins ara, ja que segons ha explicat l\u2019alcaldessa i responsable de l\u2019\u00e0rea d\u2019Hisenda, Agn\u00e8s Ferr\u00e9, \u201cdiversos ve\u00efns havien comentat que ambdues fraccions estaven massa juntes i que els aniria millor si estiguessin allunyades -distanciades en el temps-, l\u2019una de l\u2019altra. D\u2019aquesta manera es podria ajudar els bisbalencs a fer front als pagaments\u201d.<\/span><\/p>\n<p style=\"text-align: justify;\"><span style=\"color: #000000;\">Fins al 2019, l\u2019IBI urb\u00e0 es pagava en dues fraccions en els seg\u00fcents per\u00edodes:<\/span><\/p>\n<p style=\"padding-left: 30px; text-align: justify;\"><span style=\"color: #000000;\">Fracci\u00f3 1 (no domiciliats): 26\/04\/2019 \u2013 28\/06\/2019<\/span><\/p>\n<p style=\"padding-left: 30px; text-align: justify;\"><span style=\"color: #000000;\">Fracci\u00f3 1 (domiciliats): 15\/06\/2019<\/span><\/p>\n<p style=\"padding-left: 30px; text-align: justify;\"><span style=\"color: #000000;\">Fracci\u00f3 2 (no domiciliats): 28\/06\/2019 \u2013 30\/08\/2019<\/span><\/p>\n<p style=\"padding-left: 30px; text-align: justify;\"><span style=\"color: #000000;\">Fracci\u00f3 2 (domiciliats): 16\/08\/2019<\/span><\/p>\n<p style=\"text-align: justify;\"><span style=\"color: #000000;\">La proposta que es fa per a l\u2019any 2020 \u00e9s mantenir la periodicitat de la primera fracci\u00f3 i modificar la segona, allargant el per\u00edode entre la primera fracci\u00f3 i la segona. Els nous terminis de la fracci\u00f3 2, per al 2020, serien els seg\u00fcents:<\/span><\/p>\n<p style=\"text-align: justify;\"><span style=\"color: #000000;\"><strong>\u00a0 \u00a0 \u00a0 \u00a0 Fracci\u00f3 2 (no domiciliats): 28\/08\/2020 \u2013 30\/10\/2020<\/strong><\/span><\/p>\n<p style=\"text-align: justify;\"><span style=\"color: #000000;\"><strong>\u00a0 \u00a0 \u00a0 \u00a0 Fracci\u00f3 2 (domiciliats): 07\/10\/2020<\/strong><\/span><\/p>\n<p style=\"text-align: justify;\"><a href=\"http:\/\/bisbalpenedes.com\/web\/wp-content\/uploads\/2019\/12\/Calendari-fiscal-QUADRE.jpg\"><img loading=\"lazy\" class=\"aligncenter wp-image-11500 size-full\" src=\"http:\/\/bisbalpenedes.com\/web\/wp-content\/uploads\/2019\/12\/Calendari-fiscal-QUADRE.jpg\" alt=\"Calendari fiscal -QUADRE\" width=\"914\" height=\"454\" srcset=\"https:\/\/bisbalpenedes.com\/web\/wp-content\/uploads\/2019\/12\/Calendari-fiscal-QUADRE.jpg 914w, https:\/\/bisbalpenedes.com\/web\/wp-content\/uploads\/2019\/12\/Calendari-fiscal-QUADRE-600x298.jpg 600w, https:\/\/bisbalpenedes.com\/web\/wp-content\/uploads\/2019\/12\/Calendari-fiscal-QUADRE-300x149.jpg 300w, https:\/\/bisbalpenedes.com\/web\/wp-content\/uploads\/2019\/12\/Calendari-fiscal-QUADRE-768x381.jpg 768w\" sizes=\"(max-width: 914px) 100vw, 914px\" \/><\/a><\/p>\n<hr \/>\n<p style=\"text-align: justify;\"><span style=\"color: #000000;\"><strong>CASTELLANO | <\/strong><a href=\"http:\/\/bit.ly\/34rPO8B\" target=\"_blank\">El Pleno ordinario del 16 de diciembre<\/a> aprob\u00f3 el calendario fiscal para el ejercicio 2020. Todas las fracciones mantienen el periodo voluntario de pago y la fecha de la domiciliaci\u00f3n bancaria a excepci\u00f3n de la segunda fracci\u00f3n del IBI urbano. A partir del 2020, la segunda fracci\u00f3n del IBI urbano se pagar\u00e1 m\u00e1s tarde que hasta ahora, ya que seg\u00fan ha explicado la alcaldesa y responsable del \u00e1rea de Hacienda, Agn\u00e8s Ferr\u00e9, \u201cvarios vecinos hab\u00edan comentado que ambas fracciones estaban demasiado juntas y que les ir\u00eda mejor si estuviesen alejadas \u2013 distanciadas en el tiempo- la una de la otra. De esta manera se podr\u00eda ayudar a los bisbalenses a poder hacer frente a los pagos\u201d.<\/span><\/p>\n<p style=\"text-align: justify;\"><span style=\"color: #000000;\">Hasta el 2019, el IBI urbano se pagaba en dos fracciones en los siguientes periodos:<\/span><\/p>\n<p style=\"padding-left: 30px; text-align: justify;\"><span style=\"color: #000000;\">Fracci\u00f3n 1 (no domiciliados): 26\/04\/2019 \u2013 28\/06\/2019<\/span><\/p>\n<p style=\"padding-left: 30px; text-align: justify;\"><span style=\"color: #000000;\">Fracci\u00f3n 1 (domiciliados): 15\/06\/2019<\/span><\/p>\n<p style=\"padding-left: 30px; text-align: justify;\"><span style=\"color: #000000;\">Fracci\u00f3n 2 (no domiciliados): 28\/06\/2019 \u2013 30\/08\/2019<\/span><\/p>\n<p style=\"padding-left: 30px; text-align: justify;\"><span style=\"color: #000000;\">Fracci\u00f3n 2 (domiciliados): 16\/08\/2019<\/span><\/p>\n<p style=\"text-align: justify;\"><span style=\"color: #000000;\">La propuesta que se hace para el a\u00f1o 2020 es mantener la periodicidad de la primera fracci\u00f3n y modificar la segunda, alargando el periodo entre la primera fracci\u00f3n y la segunda. Los nuevos plazos de la fracci\u00f3n 2, para el 2020, ser\u00edan los siguientes:<\/span><\/p>\n<p style=\"text-align: justify;\"><span style=\"color: #000000;\"><strong>\u00a0 \u00a0 \u00a0 \u00a0 \u00a0 \u00a0 \u00a0 \u00a0Fracci\u00f3n 2 (no domiciliados): 28\/08\/2020 \u2013 30\/10\/2020<\/strong><\/span><\/p>\n<p style=\"text-align: justify;\"><span style=\"color: #000000;\"><strong>\u00a0 \u00a0 \u00a0 \u00a0 \u00a0 \u00a0 \u00a0 \u00a0Fracci\u00f3n 2 (domiciliados): 07\/10\/2020<\/strong><\/span><\/p>\n<p style=\"text-align: justify;\"><a href=\"http:\/\/bisbalpenedes.com\/web\/wp-content\/uploads\/2019\/12\/Calendari-fiscal-QUADRE.jpg\"><img loading=\"lazy\" class=\"wp-image-11500 size-full aligncenter\" src=\"http:\/\/bisbalpenedes.com\/web\/wp-content\/uploads\/2019\/12\/Calendari-fiscal-QUADRE.jpg\" alt=\"Calendari fiscal -QUADRE\" width=\"914\" height=\"454\" srcset=\"https:\/\/bisbalpenedes.com\/web\/wp-content\/uploads\/2019\/12\/Calendari-fiscal-QUADRE.jpg 914w, https:\/\/bisbalpenedes.com\/web\/wp-content\/uploads\/2019\/12\/Calendari-fiscal-QUADRE-600x298.jpg 600w, https:\/\/bisbalpenedes.com\/web\/wp-content\/uploads\/2019\/12\/Calendari-fiscal-QUADRE-300x149.jpg 300w, https:\/\/bisbalpenedes.com\/web\/wp-content\/uploads\/2019\/12\/Calendari-fiscal-QUADRE-768x381.jpg 768w\" sizes=\"(max-width: 914px) 100vw, 914px\" \/><\/a><\/p>\n<p>&nbsp;<\/p>\n","protected":false},"excerpt":{"rendered":"<p>El Ple ordinari del 16 de desembre va aprovar el calendari fiscal per a l\u2019exercici 2020. Totes les fraccions mantenen el per\u00edode voluntari de pagament i la data de la &hellip; <a href=\"https:\/\/bisbalpenedes.com\/web\/2019\/12\/18\/el-2020-la-segona-fraccio-de-libi-urba-sabonara-mes-tard-que-en-lactualitat\/\" class=\"more-link\">Read More<\/a><\/p>\n","protected":false},"author":4,"featured_media":11500,"comment_status":"closed","ping_status":"closed","sticky":false,"template":"","format":"standard","meta":[],"categories":[2152,8],"tags":[1130,3439,3438,978],"_links":{"self":[{"href":"https:\/\/bisbalpenedes.com\/web\/wp-json\/wp\/v2\/posts\/11506"}],"collection":[{"href":"https:\/\/bisbalpenedes.com\/web\/wp-json\/wp\/v2\/posts"}],"about":[{"href":"https:\/\/bisbalpenedes.com\/web\/wp-json\/wp\/v2\/types\/post"}],"author":[{"embeddable":true,"href":"https:\/\/bisbalpenedes.com\/web\/wp-json\/wp\/v2\/users\/4"}],"replies":[{"embeddable":true,"href":"https:\/\/bisbalpenedes.com\/web\/wp-json\/wp\/v2\/comments?post=11506"}],"version-history":[{"count":4,"href":"https:\/\/bisbalpenedes.com\/web\/wp-json\/wp\/v2\/posts\/11506\/revisions"}],"predecessor-version":[{"id":11514,"href":"https:\/\/bisbalpenedes.com\/web\/wp-json\/wp\/v2\/posts\/11506\/revisions\/11514"}],"wp:featuredmedia":[{"embeddable":true,"href":"https:\/\/bisbalpenedes.com\/web\/wp-json\/wp\/v2\/media\/11500"}],"wp:attachment":[{"href":"https:\/\/bisbalpenedes.com\/web\/wp-json\/wp\/v2\/media?parent=11506"}],"wp:term":[{"taxonomy":"category","embeddable":true,"href":"https:\/\/bisbalpenedes.com\/web\/wp-json\/wp\/v2\/categories?post=11506"},{"taxonomy":"post_tag","embeddable":true,"href":"https:\/\/bisbalpenedes.com\/web\/wp-json\/wp\/v2\/tags?post=11506"}],"curies":[{"name":"wp","href":"https:\/\/api.w.org\/{rel}","templated":true}]}}