{"id":11498,"date":"2019-12-17T21:00:00","date_gmt":"2019-12-17T20:00:00","guid":{"rendered":"http:\/\/bisbalpenedes.com\/web\/?p=11498"},"modified":"2019-12-17T22:17:24","modified_gmt":"2019-12-17T21:17:24","slug":"aquest-dilluns-16-de-desembre-sha-celebrat-el-ple-ordinari-corresponent-a-aquest-trimestre","status":"publish","type":"post","link":"https:\/\/bisbalpenedes.com\/web\/2019\/12\/17\/aquest-dilluns-16-de-desembre-sha-celebrat-el-ple-ordinari-corresponent-a-aquest-trimestre\/","title":{"rendered":"Aquest dilluns 16 de desembre s&#8217;ha celebrat el Ple ordinari corresponent a aquest trimestre"},"content":{"rendered":"<p style=\"text-align: justify;\"><a href=\"http:\/\/bisbalpenedes.com\/web\/wp-content\/uploads\/2019\/12\/PLE-ORDINARI-191217-FOTO.jpg\"><img loading=\"lazy\" class=\"wp-image-11501 size-large aligncenter\" src=\"http:\/\/bisbalpenedes.com\/web\/wp-content\/uploads\/2019\/12\/PLE-ORDINARI-191217-FOTO-1024x768.jpg\" alt=\"PLE ORDINARI 191217 FOTO\" width=\"630\" height=\"473\" srcset=\"https:\/\/bisbalpenedes.com\/web\/wp-content\/uploads\/2019\/12\/PLE-ORDINARI-191217-FOTO-1024x768.jpg 1024w, https:\/\/bisbalpenedes.com\/web\/wp-content\/uploads\/2019\/12\/PLE-ORDINARI-191217-FOTO-600x450.jpg 600w, https:\/\/bisbalpenedes.com\/web\/wp-content\/uploads\/2019\/12\/PLE-ORDINARI-191217-FOTO-300x225.jpg 300w, https:\/\/bisbalpenedes.com\/web\/wp-content\/uploads\/2019\/12\/PLE-ORDINARI-191217-FOTO-768x576.jpg 768w\" sizes=\"(max-width: 630px) 100vw, 630px\" \/><\/a><\/p>\n<p style=\"text-align: justify;\"><span style=\"color: #000000;\">Aquest dilluns 16 de desembre s&#8217;ha celebrat el Ple ordinari de l&#8217;Ajuntament de la Bisbal del Pened\u00e8s corresponent al darrer trimestre de 2019. Tot seguit us detallem els punts que s&#8217;hi han tractat:<\/span><\/p>\n<p style=\"text-align: justify;\"><span style=\"color: #000000;\"><strong>A)Part resolutiva:<\/strong><\/span><\/p>\n<p style=\"text-align: justify;\"><span style=\"color: #000000;\"><strong>1.-Aprovaci\u00f3 de l\u2019acta del Ple del 16\/09\/19<\/strong><\/span><\/p>\n<p style=\"text-align: justify;\"><span style=\"color: #000000;\"><u>S\u2019aprova per unanimitat.<\/u><\/span><\/p>\n<p style=\"text-align: justify;\"><span style=\"color: #000000;\"><strong>2.-Aprovaci\u00f3 de l\u2019acta del Ple del 23\/09\/19<\/strong><\/span><\/p>\n<p style=\"text-align: justify;\"><span style=\"color: #000000;\"><u>S\u2019aprova per unanimitat.<\/u><\/span><\/p>\n<p style=\"text-align: justify;\"><span style=\"color: #000000;\"><strong>3.-Aprovaci\u00f3 de l\u2019acta del Ple del 16\/10\/19<\/strong><\/span><\/p>\n<p style=\"text-align: justify;\"><span style=\"color: #000000;\"><u>S\u2019aprova per unanimitat.<\/u><\/span><\/p>\n<p style=\"text-align: justify;\"><span style=\"color: #000000;\"><strong>4.-Aprovaci\u00f3 de l\u2019acta del Ple del 21\/10\/19<\/strong><\/span><\/p>\n<p style=\"text-align: justify;\"><span style=\"color: #000000;\"><u>S\u2019aprova per unanimitat.<\/u><\/span><\/p>\n<p style=\"text-align: justify;\"><span style=\"color: #000000;\"><strong>5-Aprovaci\u00f3 de l\u2019acta del Ple del 27\/11\/19<\/strong><\/span><\/p>\n<p style=\"text-align: justify;\"><span style=\"color: #000000;\"><u>S\u2019aprova per unanimitat.<\/u><\/span><\/p>\n<p style=\"text-align: justify;\"><span style=\"color: #000000;\"><strong>6.-Ratificaci\u00f3 de la dissoluci\u00f3 del Consorci Universitari del Baix Pened\u00e8s<\/strong><\/span><\/p>\n<p style=\"text-align: justify;\"><span style=\"color: #000000;\"><u>S\u2019aprova<\/u> la ratificaci\u00f3 de la dissoluci\u00f3 del Consorci Universitari del Baix Pened\u00e8s amb els vots a favor de: Comprom\u00eds amb la Bisbal (6), PSC (2), Units per la Bisbal \u2013 FIC (1) i Ara la Bisbal (1). Vots en contra: ERC (1).<\/span><\/p>\n<p style=\"text-align: justify;\"><span style=\"color: #000000;\">El Consorci Universitari del Baix Pened\u00e8s es va constituir el 1994 amb l\u2019objectiu de promocionar, crear i gestionar els centres d\u2019ensenyament superior de la comarca. En l\u2019actualitat est\u00e0 format per 14 municipis i el Consell Comarcal del Baix Pened\u00e8s i tot i que en el moment de la seva creaci\u00f3, va ser un pe\u00e7a clau en l\u2019Associaci\u00f3 Promotora dels Estudis Universitaris al Baix Pened\u00e8s amb la URV, fa quatre anys que no t\u00e9 activitat. Per tot plegat, el Consell d\u2019alcaldes va debatre, el passat juliol, sobre la possibilitat de dissoldre el Consorci per inactivitat. A l\u2019octubre es va aprovar iniciar el procediment per a la seva dissoluci\u00f3, nomenant el Ple del Consell Comarcal com a liquidador, i el 20 de novembre la Junta General del Consorci va aprovar la seva dissoluci\u00f3 i liquidaci\u00f3. Posteriorment, el Ple del 4 de desembre, va ratificar aquest d\u2019acord. Ara, abans del 31 de desembre de 2019, els ajuntaments de la comarca han de ratificar aquest acord per majoria absoluta.<\/span><\/p>\n<p style=\"text-align: justify;\"><span style=\"color: #000000;\"><strong>7.-Pla estrat\u00e8gic de subvencions 2020<\/strong><\/span><\/p>\n<p style=\"text-align: justify;\"><span style=\"color: #000000;\"><u>S\u2019aprova<\/u> amb els vots a favor de Comprom\u00eds amb la Bisbal (6), PSC (2), Units per la Bisbal \u2013 FIC (1) i ERC (1).<\/span><\/p>\n<p style=\"text-align: justify;\"><span style=\"color: #000000;\">Vots en contra: Ara la Bisbal (1).<\/span><\/p>\n<p style=\"text-align: justify;\"><span style=\"color: #000000;\">El Ple ha aprovat el Pla estrat\u00e8gic de subvencions per al 2020 amb un total de 170.550\u20ac. L\u2019Ajuntament concedir\u00e0 subvencions a favor de persones o entitats privades amb la finalitat de fomentar la realitzaci\u00f3 d\u2019activitats d\u2019utilitat p\u00fablica o d\u2019inter\u00e8s local. Les subvencions, per al 2020, es divideixen en vuit \u00e0rees:<\/span><\/p>\n<ul style=\"text-align: justify;\">\n<li><span style=\"color: #000000;\">Prevenci\u00f3 i extinci\u00f3 d\u2019incendis: 5.000\u20ac<\/span><\/li>\n<li><span style=\"color: #000000;\">Assist\u00e8ncia social prim\u00e0ria: 10.000\u20ac<\/span><\/li>\n<li><span style=\"color: #000000;\">Foment de l\u2019ocupaci\u00f3: 15.000\u20ac<\/span><\/li>\n<li><span style=\"color: #000000;\">Funcionament dels centres d\u2019educaci\u00f3: 14.300\u20ac<\/span><\/li>\n<li><span style=\"color: #000000;\">Serveis complementaris a l\u2019educaci\u00f3: 55.000\u20ac<\/span><\/li>\n<li><span style=\"color: #000000;\">Promoci\u00f3 cultural: 41.250\u20ac<\/span><\/li>\n<li><span style=\"color: #000000;\">Promoci\u00f3 i foment de l\u2019esport: 25.000\u20ac<\/span><\/li>\n<li><span style=\"color: #000000;\">Subvencions a la natalitat i adopci\u00f3: 5.000\u20ac<\/span><\/li>\n<\/ul>\n<p><strong><span style=\"color: #000000;\">El detall del Pla estrat\u00e8gic de subvencions es pot consultar en aquest enlla\u00e7:\u00a0<\/span><a href=\"https:\/\/bisbalpenedes.com\/web\/2019\/12\/17\/plaestrategicsubvencions2020\/\" target=\"_blank\">https:\/\/bisbalpenedes.com\/web\/2019\/12\/17\/plaestrategicsubvencions2020\/<\/a><\/strong><\/p>\n<p style=\"text-align: justify;\"><span style=\"color: #000000;\">Els plans estrat\u00e8gics de subvencions es basen en l\u2019article 8 de la Llei 38\/2003 General de Subvencions, de 17 de novembre, on es disposa que les administracions que estableixin subvencions han de concretar en un Pla estrat\u00e8gic de subvencions els objectius i els efectes que es pretenen amb cadascuna de les subvencions, els costos previsibles, les fonts de finan\u00e7ament i el fet que sempre es compleixin els objectius d\u2019estabilitat pressupost\u00e0ria. El Pla detalla, per cada subvenci\u00f3, el cost previsible, la modalitat de concessi\u00f3, la descripci\u00f3, els objectius, els destinataris i l\u2019aplicaci\u00f3 pressupost\u00e0ria.<\/span><\/p>\n<p style=\"text-align: justify;\"><span style=\"color: #000000;\">El Ple ordinari del 20 de desembre de 2017 va aprovar le primer pla estrat\u00e8gic de subvencions de l\u2019Ajuntament, corresponent a l\u2019exercici 2018. Com que el pressupost de 2019 va ser prorrogat (del de 2018), enguany s\u2019ha continuat amb aquest Pla.<\/span><\/p>\n<p style=\"text-align: justify;\"><span style=\"color: #000000;\"><strong>8.-Revisi\u00f3 de preus del contracte de recollida de residus amb CESPA SA<\/strong><\/span><\/p>\n<p style=\"text-align: justify;\"><span style=\"color: #000000;\"><u>S\u2019aprova<\/u> amb els vots a favor de Comprom\u00eds amb la Bisbal (6), PSC (2), Units per la Bisbal \u2013 FIC (1) i Ara la Bisbal (1).<\/span><\/p>\n<p style=\"text-align: justify;\"><span style=\"color: #000000;\">Abstencions: ERC (1).<\/span><\/p>\n<p style=\"text-align: justify;\"><span style=\"color: #000000;\">S\u2019aprova declarar la inadmissi\u00f3 del recurs de reposici\u00f3 presentat per CESPA SA el 8 de novembre de 2019 contra l\u2019acord del Ple del 23 de setembre de 2019, contrari a l\u2019acord de resoluci\u00f3 del recurs de reposici\u00f3 presentat en contra de l\u2019acord de la Junta de Govern del 25 d\u2019octubre de 2018.<\/span><\/p>\n<p style=\"text-align: justify;\"><span style=\"color: #000000;\"><strong>ANTECEDENTS<\/strong><\/span><\/p>\n<p style=\"padding-left: 30px; text-align: justify;\"><span style=\"color: #000000;\">1.-L\u2019Ajuntament va adjudicar a l\u2019empresa CESPA SA, el maig de 2011, el contracte de gesti\u00f3 del servei p\u00fablic de recollida de residus per un import anual de 373.829,56\u20ac m\u00e9s IVA, per un per\u00edode de 10 anys. Tamb\u00e9 va quedar aprovat que un any despr\u00e9s de la signatura del contracte, es procedir\u00e0 a la revisi\u00f3 de preus d\u2019acord amb la variaci\u00f3 anual de l\u2019IPC catal\u00e0 del darrer mes publicat. D\u2019acord amb l\u2019article 77.3 de la Llei de contractes del sector p\u00fablic, la revisi\u00f3 ser\u00e0 del 85% de la variaci\u00f3 de l\u2019IPC anterior.<\/span><\/p>\n<p style=\"padding-left: 30px; text-align: justify;\"><span style=\"color: #000000;\">2.-El mar\u00e7 de 2017 l\u2019empresa CESPA SA sol\u00b7licita revisi\u00f3 de preus del contracte, des de l\u20191 de febrer de 2015.<\/span><\/p>\n<p style=\"padding-left: 30px; text-align: justify;\"><span style=\"color: #000000;\">3.-El 25 d\u2019octubre de 2018 es va aprovar per Junta de Govern la revisi\u00f3 de preus d\u2019acord amb la revisi\u00f3 de l\u2019IPC (revisi\u00f3 de preus sol\u00b7licitada el mar\u00e7 de 2017) per 33.917,49\u20ac (IVA incl\u00f2s).<\/span><\/p>\n<p style=\"padding-left: 30px; text-align: justify;\"><span style=\"color: #000000;\">4.-El novembre de 2018, l\u2019empresa presenta un escrit manifestant la seva disconformitat amb aquesta revisi\u00f3 de preus perqu\u00e8, segons l\u2019empresa, els c\u00e0lculs aplicats no s\u00f3n correctes. L\u2019import calculat per l\u2019empresa \u00e9s de 77.749,19\u20ac.<\/span><\/p>\n<p style=\"padding-left: 30px; text-align: justify;\"><span style=\"color: #000000;\">5.-L\u2019estudi de revisi\u00f3 global dels preus del contracte de recollida de brossa amb l\u2019empresa CESPA SA, realitzat per Faura-Casas auditors i consultors SL, arriba el juny de 2019 i conclou que la revisi\u00f3 de preus aprovada a finals del 2018 suposa un import pendent d\u2019abonar a la concession\u00e0ria de 33.917,49\u20ac (IVA incl\u00f2s). Per aquest motiu, el Ple del 23 de setembre de 2019 aprova desestimar, en part, les al\u00b7legacions presentades per CESPA SA, aprovar la revisi\u00f3 de preus i aprovar l\u2019import pendent d\u2019abonar a la concession\u00e0ria de 33.917,49\u20ac.<\/span><\/p>\n<p style=\"padding-left: 30px; text-align: justify;\"><span style=\"color: #000000;\">6.-El 8 de novembre l\u2019empresa CESPA SA presenta un recurs de reposici\u00f3 contra l\u2019acord del Ple del 23 de setembre de 2019, contrari a l\u2019acord de resoluci\u00f3 del recurs de reposici\u00f3 presentat contra l\u2019acord de la Junta de Govern del 25 d\u2019octubre de 2018.<\/span><\/p>\n<p style=\"padding-left: 30px; text-align: justify;\"><span style=\"color: #000000;\">7.-El Ple del 16 de desembre de 2019 aprova declarar la inadmissi\u00f3 del recurs de reposici\u00f3 presentat per CESPA SA.<\/span><\/p>\n<p style=\"text-align: justify;\"><span style=\"color: #000000;\"><strong>9.-Revocaci\u00f3 de la compet\u00e8ncia al Consell Comarcal del Baix Pened\u00e8s en mat\u00e8ria de serveis d\u2019inform\u00e0tica i telecomunicacions.<\/strong><\/span><\/p>\n<p style=\"text-align: justify;\"><span style=\"color: #000000;\"><u>S\u2019aprova<\/u> <u>per unanimitat.<\/u><\/span><\/p>\n<p style=\"text-align: justify;\"><span style=\"color: #000000;\">El Ple aprova la revocaci\u00f3 de l\u2019acord del Ple del 12 de febrer de 2008 de delegaci\u00f3 dels serveis d\u2019inform\u00e0tica i telecomunicacions que presta el Consell Comarcal del Baix Pened\u00e8s del 2020. Com que el 2020 l\u2019Ajuntament no utilitzar\u00e0 cap servidor ni plataforma del Consell Comarcal, es proposa\u00a0 &#8211; i s\u2019aprova &#8211; revocar l\u2019acord.<\/span><\/p>\n<p style=\"text-align: justify;\"><span style=\"color: #000000;\"><strong>10.-Aprovaci\u00f3 del calendari fiscal 2020<\/strong><\/span><\/p>\n<p style=\"text-align: justify;\"><span style=\"color: #000000;\"><u>S\u2019aprova per unanimitat.<\/u><\/span><\/p>\n<p style=\"text-align: justify;\"><span style=\"color: #000000;\">El Ple aprova el calendari fiscal per a l\u2019exercici 2020. Segons s\u2019ha explicat des de la Regidoria d\u2019Hisenda \u201chi ha un canvi en els per\u00edodes de pagament de l\u2019IBI (immobles de naturalesa urbana) per petici\u00f3 de diversos ve\u00efns\u201d. Fins al 2019, l\u2019IBI urb\u00e0 es pagava en dues fraccions en els seg\u00fcents per\u00edodes:<\/span><\/p>\n<p style=\"padding-left: 60px; text-align: justify;\"><span style=\"color: #000000;\">Fracci\u00f3 1 (no domiciliats): 26\/04\/2019 \u2013 28\/06\/2019<\/span><\/p>\n<p style=\"padding-left: 60px; text-align: justify;\"><span style=\"color: #000000;\">Fracci\u00f3 1 (domiciliats): 15\/06\/2019<\/span><\/p>\n<p style=\"padding-left: 60px; text-align: justify;\"><span style=\"color: #000000;\">Fracci\u00f3 2 (no domiciliats): 28\/06\/2019 \u2013 30\/08\/2019<\/span><\/p>\n<p style=\"padding-left: 60px; text-align: justify;\"><span style=\"color: #000000;\">Fracci\u00f3 2 (domiciliats): 16\/08\/2019<\/span><\/p>\n<p style=\"text-align: justify;\"><span style=\"color: #000000;\">La proposta que es fa per a l\u2019any 2020 \u00e9s mantenir la periodicitat de la primera fracci\u00f3 i modificar la segona, allargant el per\u00edode entre la primera fracci\u00f3 i la segona. Els nous terminis de la fracci\u00f3 2, per al 2020, serien els seg\u00fcents:<\/span><\/p>\n<p style=\"padding-left: 30px; text-align: justify;\"><span style=\"color: #000000;\">\u00a0 \u00a0 \u00a0 \u00a0 Fracci\u00f3 2 (no domiciliats): 28\/08\/2020 \u2013 30\/10\/2020<\/span><\/p>\n<p style=\"padding-left: 30px; text-align: justify;\"><span style=\"color: #000000;\">\u00a0 \u00a0 \u00a0 \u00a0 Fracci\u00f3 2 (domiciliats): 07\/10\/2020<\/span><\/p>\n<figure id=\"attachment_11500\" aria-describedby=\"caption-attachment-11500\" style=\"width: 519px\" class=\"wp-caption aligncenter\"><a href=\"http:\/\/bisbalpenedes.com\/web\/wp-content\/uploads\/2019\/12\/Calendari-fiscal-QUADRE.jpg\"><img loading=\"lazy\" class=\"wp-image-11500\" src=\"http:\/\/bisbalpenedes.com\/web\/wp-content\/uploads\/2019\/12\/Calendari-fiscal-QUADRE.jpg\" alt=\"Calendari fiscal -QUADRE\" width=\"519\" height=\"258\" srcset=\"https:\/\/bisbalpenedes.com\/web\/wp-content\/uploads\/2019\/12\/Calendari-fiscal-QUADRE.jpg 914w, https:\/\/bisbalpenedes.com\/web\/wp-content\/uploads\/2019\/12\/Calendari-fiscal-QUADRE-600x298.jpg 600w, https:\/\/bisbalpenedes.com\/web\/wp-content\/uploads\/2019\/12\/Calendari-fiscal-QUADRE-300x149.jpg 300w, https:\/\/bisbalpenedes.com\/web\/wp-content\/uploads\/2019\/12\/Calendari-fiscal-QUADRE-768x381.jpg 768w\" sizes=\"(max-width: 519px) 100vw, 519px\" \/><\/a><figcaption id=\"caption-attachment-11500\" class=\"wp-caption-text\"><span style=\"color: #000000;\">Calendari fiscal 2020 (aprovat al Ple ordinari del 16\/12\/19)<\/span><\/figcaption><\/figure>\n<p style=\"text-align: justify;\"><span style=\"color: #000000;\"><strong>11.-Compliment de la sent\u00e8ncia del contenci\u00f3s administratiu (per una plusv\u00e0lua)<\/strong><\/span><\/p>\n<p style=\"text-align: justify;\"><span style=\"color: #000000;\"><u>S\u2019aprova per unanimitat.<\/u><\/span><\/p>\n<p style=\"text-align: justify;\"><span style=\"color: #000000;\">En aquest punt es proposava la Junta de Govern com a \u00f2rgan responsable del compliment de la sent\u00e8ncia n\u00famero 139\/2019 del Jutjat Contenci\u00f3s-administratiu n\u00famero 1 de Tarragona. \u00a0Aquest contenci\u00f3s es va presentar, contra l\u2019Ajuntament, per una plusv\u00e0lua liquidada per aquesta administraci\u00f3. Els subjectes passius de la plusv\u00e0lua van al\u00b7legar que no hi havia hagut increment de valor i que, per tant, no s\u2019havia d\u2019aplicar la liquidaci\u00f3 de la plusv\u00e0lua. L\u2019alcaldessa Agn\u00e8s Ferr\u00e9 ha aclarit que es va cobrar \u201cen compliment de la normativa corresponent que, tot i que hi ha sent\u00e8ncies que dictaminen que en cas que no hi hagi increment de valor no s\u2019ha d\u2019aplicar, l\u2019Ajuntament ha de complir la llei corresponent fins que no canvi\u00ef, que esperem que sigui aviat\u201d.<\/span><\/p>\n<p style=\"text-align: justify;\"><span style=\"color: #000000;\"><strong>B)Activitat de control:<\/strong><\/span><\/p>\n<p style=\"text-align: justify;\"><span style=\"color: #000000;\"><strong>12.-Donar compte dels Decrets d\u2019alcaldia<\/strong><\/span><\/p>\n<p style=\"text-align: justify;\"><span style=\"color: #000000;\">Es d\u00f3na compte dels decrets d\u2019alcaldia aprovats des de la darrera sessi\u00f3 plen\u00e0ria ordin\u00e0ria, celebrada al setembre.<\/span><\/p>\n<p style=\"text-align: justify;\"><span style=\"color: #000000;\"><strong>13.-Donar compte dels acords de Junta de Govern Local<\/strong><\/span><\/p>\n<p style=\"text-align: justify;\"><span style=\"color: #000000;\">Es d\u00f3na compte dels acords de les Juntes de Govern local aprovades i publicades des del Ple ordinari de desembre fins ara i que s\u00f3n les actes de Junta de Govern del 12 i el 26 d\u2019agost, 9 i 30 de setembre, 14 i 28 d\u2019octubre i 11 i 25 de novembre.<\/span><\/p>\n<p style=\"text-align: justify;\"><span style=\"color: #000000;\">Les actes de les Juntes de Govern es publiquen al Portal de Transpar\u00e8ncia un cop s\u2019han aprovat.<\/span><\/p>\n<p style=\"text-align: justify;\"><span style=\"color: #000000;\"><strong>C)Precs i preguntes<\/strong><\/span><\/p>\n<hr \/>\n<p style=\"text-align: justify;\"><a href=\"http:\/\/bisbalpenedes.com\/web\/wp-content\/uploads\/2019\/12\/PLE-ORDINARI-191217-FOTO.jpg\"><img loading=\"lazy\" class=\"aligncenter size-large wp-image-11501\" src=\"http:\/\/bisbalpenedes.com\/web\/wp-content\/uploads\/2019\/12\/PLE-ORDINARI-191217-FOTO-1024x768.jpg\" alt=\"PLE ORDINARI 191217 FOTO\" width=\"630\" height=\"473\" srcset=\"https:\/\/bisbalpenedes.com\/web\/wp-content\/uploads\/2019\/12\/PLE-ORDINARI-191217-FOTO-1024x768.jpg 1024w, https:\/\/bisbalpenedes.com\/web\/wp-content\/uploads\/2019\/12\/PLE-ORDINARI-191217-FOTO-600x450.jpg 600w, https:\/\/bisbalpenedes.com\/web\/wp-content\/uploads\/2019\/12\/PLE-ORDINARI-191217-FOTO-300x225.jpg 300w, https:\/\/bisbalpenedes.com\/web\/wp-content\/uploads\/2019\/12\/PLE-ORDINARI-191217-FOTO-768x576.jpg 768w\" sizes=\"(max-width: 630px) 100vw, 630px\" \/><\/a><\/p>\n<p style=\"text-align: justify;\"><strong><span style=\"color: #000000;\">CASTELLANO | <\/span><\/strong><span style=\"color: #000000;\">Este lunes 16 de diciembre se ha celebrado el Pleno ordinario del Ayuntamiento de la Bisbal del Pened\u00e8s correspondiente al \u00faltimo trimestre del 2019. A continuaci\u00f3n os detallamos los puntos que se han tratado en el Pleno:<\/span><\/p>\n<p style=\"text-align: justify;\"><span style=\"color: #000000;\"><strong>A)Parte resolutiva:<\/strong><\/span><\/p>\n<p style=\"text-align: justify;\"><span style=\"color: #000000;\"><strong>1.-Aprobaci\u00f3n del acta del Pleno del 16\/09\/19<\/strong><\/span><\/p>\n<p style=\"text-align: justify;\"><span style=\"color: #000000;\"><u>Se aprueba por unanimidad.<\/u><\/span><\/p>\n<p style=\"text-align: justify;\"><span style=\"color: #000000;\"><strong>2.-Aprobaci\u00f3n del acta del Pleno del 23\/09\/19<\/strong><\/span><\/p>\n<p style=\"text-align: justify;\"><span style=\"color: #000000;\"><u>Se aprueba por unanimidad.<\/u><\/span><\/p>\n<p style=\"text-align: justify;\"><span style=\"color: #000000;\"><strong>3.-Aprobaci\u00f3n del acta del Pleno del 16\/10\/19<\/strong><\/span><\/p>\n<p style=\"text-align: justify;\"><span style=\"color: #000000;\"><u>Se aprueba por unanimidad.<\/u><\/span><\/p>\n<p style=\"text-align: justify;\"><span style=\"color: #000000;\"><strong>4.-Aprobaci\u00f3n del acta del Pleno del 21\/10\/19<\/strong><\/span><\/p>\n<p style=\"text-align: justify;\"><span style=\"color: #000000;\"><u>Se aprueba por unanimidad.<\/u><\/span><\/p>\n<p style=\"text-align: justify;\"><span style=\"color: #000000;\"><strong>5.- <\/strong><strong>Aprobaci\u00f3n del acta del Pleno del 27\/11\/19<\/strong><\/span><\/p>\n<p style=\"text-align: justify;\"><span style=\"color: #000000;\"><u>Se aprueba por unanimidad.<\/u><\/span><\/p>\n<p style=\"text-align: justify;\"><span style=\"color: #000000;\"><strong>6.-Ratificaci\u00f3n de la disoluci\u00f3n del Consorci Universitari del Baix Pened\u00e8s<\/strong><\/span><\/p>\n<p style=\"text-align: justify;\"><span style=\"color: #000000;\"><u>Se aprueba<\/u> la ratificaci\u00f3n de la disoluci\u00f3n del Consorci Universitari del Baix Pened\u00e8s con los votos a favor de de Comprom\u00eds amb la Bisbal (6), PSC (2), Units per la Bisbal \u2013 FIC (1), Ara la Bisbal (1).<\/span><\/p>\n<p style=\"text-align: justify;\"><span style=\"color: #000000;\">Vots en contra: ERC (1).<\/span><\/p>\n<p style=\"text-align: justify;\"><span style=\"color: #000000;\">El Consorcio Universitario del Baix Pened\u00e8s se constituy\u00f3 el 1994 con el objetivo de promocionar, crear y gestionar los centros de ense\u00f1anza superior de la comarca. En la actualidad est\u00e1 formado por 14 municipios y el Consell Comarcal del Baix Pened\u00e8s y aunque en el momento de su creaci\u00f3n fue una pieza clave en la Associaci\u00f3 Promotora dels Estudis Universitaris al Baix Pened\u00e8s con la URV, hace cuatro a\u00f1os que no tiene actividad. Por todo ello, el Consejo de alcaldes debati\u00f3, el pasado mes de julio, sobre la posibilidad de disolver el Consorci por inactividad. En octubre se aprob\u00f3 iniciar el procedimiento para su disoluci\u00f3n, nombrando el Pleno del Consell Comarcal como liquidador, y el 20 de noviembre la Junta General del Consorci aprob\u00f3 su disoluci\u00f3n y liquidaci\u00f3n. Posteriormente, el Pleno del 4 de diciembre, ratific\u00f3 este acuerdo. Ahora, antes del 31 de diciembre del 2019, los ayuntamientos de la comarca deben ratificar este acuerdo por mayor\u00eda absoluta.<\/span><\/p>\n<p style=\"text-align: justify;\"><span style=\"color: #000000;\"><strong>7.-Plan estrat\u00e9gico de subvenciones 2020<\/strong><\/span><\/p>\n<p style=\"text-align: justify;\"><span style=\"color: #000000;\"><u>Se aprueba<\/u> con los votos a favor de Comprom\u00eds amb la Bisbal (6), PSC (2), Units per la Bisbal \u2013 FIC (1) i ERC (1).<\/span><\/p>\n<p style=\"text-align: justify;\"><span style=\"color: #000000;\">Vots en contra: Ara la Bisbal (1).<\/span><\/p>\n<p style=\"text-align: justify;\"><span style=\"color: #000000;\">El Pleno ha aprobado el Plan estrat\u00e9gico de subvenciones para el 2020 con un total de 170.550\u20ac. El Ayuntamiento conceder\u00e1 subvenciones a favor de personas o entidades privadas con la finalidad de fomentar la realizaci\u00f3n de actividades de utilidad p\u00fablica o de inter\u00e9s local. Las subvenciones, para el 2020, se dividen en ocho \u00e1reas:<\/span><\/p>\n<ul style=\"text-align: justify;\">\n<li><span style=\"color: #000000;\">Prevenci\u00f3n y extinci\u00f3n de incendios: 5.000\u20ac<\/span><\/li>\n<li><span style=\"color: #000000;\">Asistencia social primaria: 10.000\u20ac<\/span><\/li>\n<li><span style=\"color: #000000;\">Fomento de la ocupaci\u00f3n: 15.0000\u20ac<\/span><\/li>\n<li><span style=\"color: #000000;\">Funcionamiento de los centros de educaci\u00f3n: 14.300\u20ac<\/span><\/li>\n<li><span style=\"color: #000000;\">Servicios complementarios a la educaci\u00f3n: 55.000\u20ac<\/span><\/li>\n<li><span style=\"color: #000000;\">Promoci\u00f3n cultural: 41.250\u20ac<\/span><\/li>\n<li><span style=\"color: #000000;\">Promoci\u00f3n y fomento del deporte: 25.000\u20ac<\/span><\/li>\n<li><span style=\"color: #000000;\">Subvenciones a la natalidad y adopci\u00f3n: 5.000\u20ac<\/span><\/li>\n<\/ul>\n<p><span style=\"color: #000000;\"><strong>El detalle del Plan estrat\u00e9gico de subvenciones se puede consultar en este enlace:\u00a0<a href=\"https:\/\/bisbalpenedes.com\/web\/2019\/12\/17\/plaestrategicsubvencions2020\/\" target=\"_blank\">https:\/\/bisbalpenedes.com\/web\/2019\/12\/17\/plaestrategicsubvencions2020\/<\/a><\/strong><\/span><\/p>\n<p style=\"text-align: justify;\"><span style=\"color: #000000;\">Los planes estrat\u00e9gicos de subvenciones se basan en el art\u00edculo 8 de la Ley 38\/2003 General de Subvenciones, de 17 de noviembre, donde se dispone que las administraciones que establezcan subvenciones deben concretar en un Plan estrat\u00e9gico de subvenciones los objetivos y los efectos que se pretenden con cada una de las subvenciones, los costes previsibles, las fuentes de financiaci\u00f3n y el hecho que siempre se cumplan los objetivos de estabilidad presupuestaria. El Plan detalla, para cada subvenci\u00f3n, el coste previsible, la modalidad de concesi\u00f3n, la descripci\u00f3n, los objetivos, los destinatarios y la aplicaci\u00f3n presupuestaria.<\/span><\/p>\n<p style=\"text-align: justify;\"><span style=\"color: #000000;\">El Pleno ordinario del 20 de diciembre del 2017 aprob\u00f3 el primer plan estrat\u00e9gico de subvenciones del Ayuntamiento, correspondiente al ejercicio 2018. Como el presupuesto del 2019 fue prorrogado (del 2018), este a\u00f1o se ha continuado con este plan.<\/span><\/p>\n<p style=\"text-align: justify;\"><span style=\"color: #000000;\"><strong>8.-Revisi\u00f3n de precios del contrato de recogida de residuos con CESPA SA<\/strong><\/span><\/p>\n<p style=\"text-align: justify;\"><span style=\"color: #000000;\"><u>Se aprueba<\/u> con los votos a favor de Comprom\u00eds amb la Bisbal (6), PSC (2), Units per la Bisbal \u2013 FIC (1) i Ara la Bisbal (1).<\/span><\/p>\n<p style=\"text-align: justify;\"><span style=\"color: #000000;\">Abstencions: ERC (1).<\/span><\/p>\n<p style=\"text-align: justify;\"><span style=\"color: #000000;\">Se aprueba declarar la inadmisi\u00f3n del recurso de reposici\u00f3n presentado por CESPA SA el 8 de noviembre del 2019 contra el acuerdo del Pleno del 23 de septiembre del 2019, contrario al acuerdo de resoluci\u00f3n del recurso de reposici\u00f3n presentado en contra del acuerdo de la Junta de Gobierno del 25 de octubre del 2018.<\/span><\/p>\n<p style=\"text-align: justify;\"><span style=\"color: #000000;\"><strong>ANTECEDENTES<\/strong><\/span><\/p>\n<p style=\"padding-left: 30px; text-align: justify;\"><span style=\"color: #000000;\">1.-El Ayuntamiento adjudic\u00f3 a la empresa CESPA SA, en mayo del 2011, el contrato de gesti\u00f3n del servicio p\u00fablico de recogida de residuos por un importe anual de 373.829,56\u20ac m\u00e1s IVA, por un periodo de 10 a\u00f1os. Tambi\u00e9n qued\u00f3 aprobado que un a\u00f1o despu\u00e9s de la firma del contrato se proceder\u00eda a la revisi\u00f3n de precios de acuerdo con la variaci\u00f3n anual del IPC catal\u00e1n del \u00faltimo mes publicado. De acuerdo con el art\u00edculo 77.3 de la Ley de contratos del sector p\u00fablico, la revisi\u00f3n ser\u00e1 del 85% de la variaci\u00f3n del IPC anterior.<\/span><\/p>\n<p style=\"padding-left: 30px; text-align: justify;\"><span style=\"color: #000000;\">2.-En marzo del 2017 la empresa CESPA SA solicita revisi\u00f3n de precios del contrato, desde el 1 de febrero del 2015.<\/span><\/p>\n<p style=\"padding-left: 30px; text-align: justify;\"><span style=\"color: #000000;\">3.-El 25 de octubre del 2018 se aprob\u00f3 por Junta de Gobierno la revisi\u00f3n de precios de acuerdo con la revisi\u00f3n del IPC (revisi\u00f3n de precios solicitada en marzo del 2017) por 33.917,49\u20ac (IVA incluido).<\/span><\/p>\n<p style=\"padding-left: 30px; text-align: justify;\"><span style=\"color: #000000;\">4.-En noviembre del 2018, la empresa presenta un escrito manifestando su disconformidad con esta revisi\u00f3n de precios porqu\u00e9, seg\u00fan la empresa, los c\u00e1lculos aplicados no son correctos. El importe calculado por la empresa es de 77.749,19\u20ac.<\/span><\/p>\n<p style=\"padding-left: 30px; text-align: justify;\"><span style=\"color: #000000;\">5.-El estudio de revisi\u00f3n global de los precios del contrato de recogida de basura con la empresa CESPA SA, realizado por Faura-Casas auditors i consultors SL, llega en junio del 2019 y concluye que la revisi\u00f3n de precios aprobada a finales del 2018 supone un importe pendiente de abonar a\u00a0 la concesionaria de 33.917,49\u20ac (IVA incluido). Por este motivo, el Pleno del 23 de septiembre del 2019 aprueba desestimar, en parte, las alegaciones presentadas por CESPA SA, aprobar la revisi\u00f3n de precios y aprobar el importe pendiente de abonar a la concesionaria de 33.917,49\u20ac.<\/span><\/p>\n<p style=\"padding-left: 30px; text-align: justify;\"><span style=\"color: #000000;\">6.-El 8 de noviembre la empresa CESPA SA presenta un recurso de reposici\u00f3n contra el acuerdo del Pleno del 23 de septiembre de 2019, contrario al acuerdo de resoluci\u00f3n del recurso de reposici\u00f3n presentado contra el acuerdo de la Junta de Gobierno del 25 de octubre del 2018.<\/span><\/p>\n<p style=\"padding-left: 30px; text-align: justify;\"><span style=\"color: #000000;\">7.-El Pleno del 16 de diciembre del 2019 aprueba declarar la inadmisi\u00f3n del recurso de reposici\u00f3n presentado por CESPA SA.<\/span><\/p>\n<p style=\"text-align: justify;\"><span style=\"color: #000000;\"><strong>9.-Revocaci\u00f3n de la competencia al Consell Comarcal del Baix Pened\u00e8s en materia de servicios de inform\u00e1tica y telecomunicaciones.<\/strong><\/span><\/p>\n<p style=\"text-align: justify;\"><span style=\"color: #000000;\"><u>Se aprueba por unanimidad.<\/u><\/span><\/p>\n<p style=\"text-align: justify;\"><span style=\"color: #000000;\">El Pleno aprueba la revocaci\u00f3n del acuerdo del Pleno del 12 de febrero de 2008 de delegaci\u00f3n de los servicios de inform\u00e1tica y telecomunicaciones que presta el Consell Comarcal del Baix Pened\u00e8s del 2020. Como que el 2020 el Ayuntamiento no utilizar\u00e1 ning\u00fan servidor ni plataforma del Consell Comarcal, se propone \u2013 y se aprueba \u2013 revocar el acuerdo.<\/span><\/p>\n<p style=\"text-align: justify;\"><span style=\"color: #000000;\"><strong>10.-Aprobaci\u00f3n del calendario fiscal 2020.<\/strong><\/span><\/p>\n<p style=\"text-align: justify;\"><span style=\"color: #000000;\"><u>Se aprueba por unanimidad.<\/u><\/span><\/p>\n<p style=\"text-align: justify;\"><span style=\"color: #000000;\">El Pleno aprueba el calendario fiscal para el ejercicio 2020. Seg\u00fan se ha explicado desde la Concejal\u00eda de Hacienda \u201chay un cambio en los periodos de pago del IBI (inmuebles de naturaleza urbana) por petici\u00f3n de varios vecinos\u201d. Hasta el 2019, el IBI urbano se pagaba en dos fracciones en los siguientes periodos:<\/span><\/p>\n<p style=\"padding-left: 60px; text-align: justify;\"><span style=\"color: #000000;\">Fracci\u00f3n 1 (no domiciliados): 26\/04\/2019 \u2013 28\/06\/2019<\/span><\/p>\n<p style=\"padding-left: 60px; text-align: justify;\"><span style=\"color: #000000;\">Fracci\u00f3n 1 (domiciliados): 15\/06\/2019<\/span><\/p>\n<p style=\"padding-left: 60px; text-align: justify;\"><span style=\"color: #000000;\">Fracci\u00f3n 2 (no domiciliados): 28\/06\/2019 \u2013 30\/08\/2019<\/span><\/p>\n<p style=\"padding-left: 60px; text-align: justify;\"><span style=\"color: #000000;\">Fracci\u00f3n 2 (domiciliados): 16\/08\/2019<\/span><\/p>\n<p style=\"text-align: justify;\"><span style=\"color: #000000;\">La propuesta que se hace para el a\u00f1o 2020 es mantener la periodicidad de la primera fracci\u00f3n y modificar la segunda, alargando el periodo entre la primera fracci\u00f3n y la segunda. Los nuevos plazos de la fracci\u00f3n 2, para el 2020, ser\u00edan los siguientes:<\/span><\/p>\n<p style=\"text-align: justify;\"><span style=\"color: #000000;\">\u00a0 \u00a0 \u00a0 \u00a0 \u00a0 \u00a0 \u00a0 \u00a0Fracci\u00f3n 2 (no domiciliados): 28\/08\/2020 \u2013 30\/10\/2020<\/span><\/p>\n<p style=\"text-align: justify;\"><span style=\"color: #000000;\">\u00a0 \u00a0 \u00a0 \u00a0 \u00a0 \u00a0 \u00a0 \u00a0Fracci\u00f3n 2 (domiciliados): 07\/10\/2020<\/span><\/p>\n<figure id=\"attachment_11500\" aria-describedby=\"caption-attachment-11500\" style=\"width: 554px\" class=\"wp-caption aligncenter\"><a href=\"http:\/\/bisbalpenedes.com\/web\/wp-content\/uploads\/2019\/12\/Calendari-fiscal-QUADRE.jpg\"><img loading=\"lazy\" class=\"wp-image-11500 \" src=\"http:\/\/bisbalpenedes.com\/web\/wp-content\/uploads\/2019\/12\/Calendari-fiscal-QUADRE.jpg\" alt=\"Calendari fiscal -QUADRE\" width=\"554\" height=\"275\" srcset=\"https:\/\/bisbalpenedes.com\/web\/wp-content\/uploads\/2019\/12\/Calendari-fiscal-QUADRE.jpg 914w, https:\/\/bisbalpenedes.com\/web\/wp-content\/uploads\/2019\/12\/Calendari-fiscal-QUADRE-600x298.jpg 600w, https:\/\/bisbalpenedes.com\/web\/wp-content\/uploads\/2019\/12\/Calendari-fiscal-QUADRE-300x149.jpg 300w, https:\/\/bisbalpenedes.com\/web\/wp-content\/uploads\/2019\/12\/Calendari-fiscal-QUADRE-768x381.jpg 768w\" sizes=\"(max-width: 554px) 100vw, 554px\" \/><\/a><figcaption id=\"caption-attachment-11500\" class=\"wp-caption-text\"><span style=\"color: #000000;\">Calendario fiscal 2020 (aprobado en el Pleno ordinario del 16\/12\/19)<\/span><\/figcaption><\/figure>\n<p style=\"text-align: justify;\"><span style=\"color: #000000;\"><strong>11.-Cumplimiento de la sentencia del contencioso administrativo (por una plusval\u00eda).<\/strong><\/span><\/p>\n<p style=\"text-align: justify;\"><span style=\"color: #000000;\"><u>Se aprueba por unanimidad.<\/u><\/span><\/p>\n<p style=\"text-align: justify;\"><span style=\"color: #000000;\">En este punto se propon\u00eda la Junta de Gobierno como \u00f3rgano responsable del cumplimiento de la sentencia n\u00famero 139\/2019 del Juzgado Contencioso-administrativo n\u00famero 1 de Tarragona. Este contencioso se present\u00f3, contra el Ayuntamiento, por una plusval\u00eda liquidada por esta administraci\u00f3n. Los sujetos pasivos de la plusval\u00eda alegaron que no hab\u00eda habido incremento de valor y que, por lo tanto, no se ten\u00eda que aplicar la liquidaci\u00f3n de la plusval\u00eda. La alcaldesa Agn\u00e8s Ferr\u00e9 ha aclarado que se cobr\u00f3 \u201cen cumplimiento de la normativa correspondiente que, aunque hay sentencias que dictaminan que en caso que no haya incremento de valor no se debe aplicar, el Ayuntamiento debe cumplir la ley correspondiente hasta que no cambie, que esperamos que sea pronto\u201d.<\/span><\/p>\n<p style=\"text-align: justify;\"><span style=\"color: #000000;\"><strong>B)Actividad de control:<\/strong><\/span><\/p>\n<p style=\"text-align: justify;\"><span style=\"color: #000000;\"><strong>12.-Dar cuenta de los Decretos de alcald\u00eda<\/strong><\/span><\/p>\n<p style=\"text-align: justify;\"><span style=\"color: #000000;\">Se da cuenta de los decretos de alcald\u00eda aprobados desde la \u00faltima sesi\u00f3n plenaria ordinaria, celebrada en septiembre.<\/span><\/p>\n<p style=\"text-align: justify;\"><span style=\"color: #000000;\"><strong>13.-Se da cuenta de los acuerdos de la Junta de Gobierno Local. <\/strong><\/span><\/p>\n<p style=\"text-align: justify;\"><span style=\"color: #000000;\">Se da cuenta de los acuerdos de las Juntas de Gobierno local aprobadas y publicadas desde el Pleno ordinario de diciembre hasta ahora y que son las actas de Junta de Gobierno del 12 y el 26 de agosto, 9 y 30 de septiembre, 14 i 28 de octubre y 11 y 25 de noviembre.<\/span><\/p>\n<p style=\"text-align: justify;\"><span style=\"color: #000000;\">Las actas de las Juntas de Gobierno se publican en el Portal de Transparencia una vez han sido aprobadas.<\/span><\/p>\n<p style=\"text-align: justify;\"><span style=\"color: #000000;\"><strong>C)Ruegos y preguntas<\/strong><\/span><\/p>\n","protected":false},"excerpt":{"rendered":"<p>Aquest dilluns 16 de desembre s&#8217;ha celebrat el Ple ordinari de l&#8217;Ajuntament de la Bisbal del Pened\u00e8s corresponent al darrer trimestre de 2019. Tot seguit us detallem els punts que &hellip; <a href=\"https:\/\/bisbalpenedes.com\/web\/2019\/12\/17\/aquest-dilluns-16-de-desembre-sha-celebrat-el-ple-ordinari-corresponent-a-aquest-trimestre\/\" class=\"more-link\">Read More<\/a><\/p>\n","protected":false},"author":4,"featured_media":11501,"comment_status":"closed","ping_status":"closed","sticky":false,"template":"","format":"standard","meta":[],"categories":[8,2250],"tags":[1130,3435,1056,3433,3436,1532,3434,249,3437,61],"_links":{"self":[{"href":"https:\/\/bisbalpenedes.com\/web\/wp-json\/wp\/v2\/posts\/11498"}],"collection":[{"href":"https:\/\/bisbalpenedes.com\/web\/wp-json\/wp\/v2\/posts"}],"about":[{"href":"https:\/\/bisbalpenedes.com\/web\/wp-json\/wp\/v2\/types\/post"}],"author":[{"embeddable":true,"href":"https:\/\/bisbalpenedes.com\/web\/wp-json\/wp\/v2\/users\/4"}],"replies":[{"embeddable":true,"href":"https:\/\/bisbalpenedes.com\/web\/wp-json\/wp\/v2\/comments?post=11498"}],"version-history":[{"count":4,"href":"https:\/\/bisbalpenedes.com\/web\/wp-json\/wp\/v2\/posts\/11498\/revisions"}],"predecessor-version":[{"id":11505,"href":"https:\/\/bisbalpenedes.com\/web\/wp-json\/wp\/v2\/posts\/11498\/revisions\/11505"}],"wp:featuredmedia":[{"embeddable":true,"href":"https:\/\/bisbalpenedes.com\/web\/wp-json\/wp\/v2\/media\/11501"}],"wp:attachment":[{"href":"https:\/\/bisbalpenedes.com\/web\/wp-json\/wp\/v2\/media?parent=11498"}],"wp:term":[{"taxonomy":"category","embeddable":true,"href":"https:\/\/bisbalpenedes.com\/web\/wp-json\/wp\/v2\/categories?post=11498"},{"taxonomy":"post_tag","embeddable":true,"href":"https:\/\/bisbalpenedes.com\/web\/wp-json\/wp\/v2\/tags?post=11498"}],"curies":[{"name":"wp","href":"https:\/\/api.w.org\/{rel}","templated":true}]}}