{"id":11495,"date":"2019-12-17T21:50:01","date_gmt":"2019-12-17T20:50:01","guid":{"rendered":"http:\/\/bisbalpenedes.com\/web\/?p=11495"},"modified":"2019-12-17T22:06:22","modified_gmt":"2019-12-17T21:06:22","slug":"plaestrategicsubvencions2020","status":"publish","type":"post","link":"https:\/\/bisbalpenedes.com\/web\/2019\/12\/17\/plaestrategicsubvencions2020\/","title":{"rendered":"El Ple ordinari del 16 de desembre ha aprovat el Pla estrat\u00e8gic de subvencions 2020"},"content":{"rendered":"<p style=\"text-align: justify;\"><span style=\"color: #000000;\"><a href=\"https:\/\/bisbalpenedes.com\/web\/2019\/12\/17\/aquest-dilluns-16-de-desembre-sha-celebrat-el-ple-ordinari-corresponent-a-aquest-trimestre\/\" target=\"_blank\">El Ple ordinari del 17 de desembre de 2019<\/a> ha aprovat el Pla estrat\u00e8gic de subvencions 2020 de l\u2019Ajuntament de la Bisbal del Pened\u00e8s. Aquest Pla inclou un total de disset subvencions, dividides en vuit \u00e0rees tem\u00e0tiques, amb un import total de 170.550\u20ac. Amb les subvencions que s\u2019inclouen al Pla, l\u2019Ajuntament vol fomentar la realitzaci\u00f3 d\u2019activitats d\u2019utilitat p\u00fablica o d\u2019inter\u00e8s local i tamb\u00e9 prestar ajuda a les entitats, empreses, col\u00b7lectius i persones del municipi. Aix\u00ed, el Pla inclou les \u00e0rees de prevenci\u00f3 i extinci\u00f3 d\u2019incendis, assist\u00e8ncia social prim\u00e0ria, foment de l\u2019ocupaci\u00f3, funcionament de centres d\u2019educaci\u00f3, serveis complementaris a l\u2019educaci\u00f3, promoci\u00f3 cultural, promoci\u00f3 i foment de l\u2019esport i ajudes a la natalitat i adopci\u00f3.<\/span><\/p>\n<p style=\"text-align: justify;\"><span style=\"color: #000000;\"><strong>SUBVENCIONS INCLOSES EN EL PLA ESTRAT\u00c8GIC DE SUBVENCIONS 2020<\/strong><\/span><\/p>\n<p style=\"text-align: justify;\"><span style=\"color: #000000;\"><strong>1.-Prevenci\u00f3 i extinci\u00f3 d\u2019incendis (5.000\u20ac)<\/strong><\/span><\/p>\n<p style=\"text-align: justify;\"><span style=\"color: #000000;\">Es tracta d\u2019una subvenci\u00f3 que s\u2019atorga a trav\u00e9s d\u2019un conveni amb l\u2019ADF Clot de Bou per poder comptar amb la seva col\u00b7laboraci\u00f3 en la redacci\u00f3 i execuci\u00f3 dels plans d\u2019autoprotecci\u00f3 contra incendis forestals i el pla d\u2019autoprotecci\u00f3 municipal, aix\u00ed com per la seva participaci\u00f3 en tasques de prevenci\u00f3 d\u2019incendis i en actes que s\u2019organitzen des de l\u2019Ajuntament (principalment aquells que inclouen pirot\u00e8cnia).<\/span><\/p>\n<p style=\"text-align: justify;\"><span style=\"color: #000000;\"><strong>2.-Assist\u00e8ncia social prim\u00e0ria (10.000\u20ac).<\/strong><\/span><\/p>\n<p style=\"text-align: justify;\"><span style=\"color: #000000;\">Ajudes econ\u00f2miques d\u2019urg\u00e8ncia social per atendre necessitats puntuals i b\u00e0siques de subsist\u00e8ncia per a persones en situaci\u00f3 de vulnerabilitat i exclusi\u00f3 social. L\u2019import assignat \u00e9s de 10.000\u20ac. La concessi\u00f3 es fa de forma directa, pr\u00e8via valoraci\u00f3 de Serveis Socials.<\/span><\/p>\n<p style=\"text-align: justify;\"><span style=\"color: #000000;\"><strong>3.-Foment de l\u2019ocupaci\u00f3 (15.000\u20ac).<\/strong><\/span><\/p>\n<p style=\"text-align: justify;\"><span style=\"color: #000000;\">S\u2019obren dues convocat\u00f2ries de subvencions per fomentar l\u2019ocupaci\u00f3, l\u2019emprenedoria i l\u2019autoocupaci\u00f3:<\/span><\/p>\n<p style=\"text-align: justify; padding-left: 30px;\"><span style=\"color: #000000;\"><strong>-Subvencions per a la creaci\u00f3 de llocs de treball.<\/strong> Subvenci\u00f3 per a les empreses ubicades a la Bisbal del Pened\u00e8s que hagin contractat, durant el 2019, bisbalencs i bisbalenques que estiguin desocupats\/des. S\u2019hi destinen 5.000\u20ac.<\/span><\/p>\n<p style=\"text-align: justify; padding-left: 30px;\"><span style=\"color: #000000;\"><strong>-Subvencions per a persones desocupades que s\u2019estableixin com a aut\u00f2nomes<\/strong> durant el 2019. L\u2019import de la partida \u00e9s de 10.000\u20ac.<\/span><\/p>\n<p style=\"text-align: justify;\"><span style=\"color: #000000;\"><strong>4.-Funcionament de centres d\u2019educaci\u00f3 curs 2019\/2020 (14.300\u20ac).<\/strong><\/span><\/p>\n<p style=\"text-align: justify;\"><span style=\"color: #000000;\">\u00c9s una subvenci\u00f3 que s\u2019atorga a l\u2019escola Ull de Vent per poder adquirir les agendes dels alumnes, per al material escolar dels alumnes empadronats (es calculen uns 50\u20ac per alumne\/a) i per al projecte Cant\u00e0nia.<\/span><\/p>\n<p style=\"text-align: justify;\"><span style=\"color: #000000;\"><strong>5.-Serveis complementaris a l\u2019educaci\u00f3 (55.000\u20ac).<\/strong><\/span><\/p>\n<p style=\"text-align: justify;\"><span style=\"color: #000000;\">En aquest apartat s\u2019inclouen les seg\u00fcents subvencions per al curs 2019\/2020.<\/span><\/p>\n<p style=\"text-align: justify; padding-left: 30px;\"><span style=\"color: #000000;\"><strong>-Subvenci\u00f3 per als llibres de prim\u00e0ria de l\u2019escola p\u00fablica per al projecte de sociabilitzaci\u00f3 dels llibres<\/strong>.<\/span><\/p>\n<p style=\"text-align: justify; padding-left: 30px;\"><span style=\"color: #000000;\">Aquesta subvenci\u00f3 \u00e9s per als alumnes bisbalencs de l\u2019escola Ull de Vent i l\u2019escola Quatre Vents. La partida del pressupost \u00e9s de 15.000\u20ac.<\/span><\/p>\n<p style=\"text-align: justify; padding-left: 30px;\"><span style=\"color: #000000;\"><strong>-Subvenci\u00f3 per als llibres de secund\u00e0ria de l\u2019Institut Coster de la Torre.<\/strong><\/span><\/p>\n<p style=\"text-align: justify; padding-left: 30px;\"><span style=\"color: #000000;\">La partida del pressupost \u00e9s de 15.000\u20ac.<\/span><\/p>\n<p style=\"text-align: justify; padding-left: 30px;\"><span style=\"color: #000000;\"><strong>-Subvencions per al transport escolar del Consell Comarcal del Baix Pened\u00e8s.<\/strong><\/span><\/p>\n<p style=\"text-align: justify; padding-left: 30px;\"><span style=\"color: #000000;\">Subvencions per a part del cost del transport comarcal per a les fam\u00edlies que no resideixen al nucli on s\u2019ubica l\u2019escola Ull de Vent. La partida \u00e9s de 5.000\u20ac.<\/span><\/p>\n<p style=\"text-align: justify; padding-left: 30px;\"><span style=\"color: #000000;\"><strong>-Subvencions per al menjador escolar de l\u2019escola Ull de Vent.<\/strong><\/span><\/p>\n<p style=\"text-align: justify; padding-left: 30px;\"><span style=\"color: #000000;\">Se subvenciona part del cost del menjador escolar. La partida del pressupost \u00e9s de 20.000\u20ac.<\/span><\/p>\n<p style=\"text-align: justify;\"><span style=\"color: #000000;\"><strong>6.-Promoci\u00f3 cultural (41.250\u20ac).<\/strong><\/span><\/p>\n<p style=\"text-align: justify;\"><span style=\"color: #000000;\">Inclou activitats organitzades per l\u2019Ajuntament i subvencions nominatives a entitats:<\/span><\/p>\n<p style=\"text-align: justify; padding-left: 30px;\"><span style=\"color: #000000;\"><strong>-Premis del concurs literari de Sant Jordi 2020<\/strong><\/span><\/p>\n<p style=\"text-align: justify; padding-left: 30px;\"><span style=\"color: #000000;\">S\u2019hi destinen 750\u20ac.<\/span><\/p>\n<p style=\"text-align: justify; padding-left: 30px;\"><span style=\"color: #000000;\"><strong>-Convocat\u00f2ria de subvencions en mat\u00e8ria de cultura<\/strong><\/span><\/p>\n<p style=\"text-align: justify; padding-left: 30px;\"><span style=\"color: #000000;\">Subvencions per a entitats culturals del municipi per finan\u00e7ar les activitats que organitzen i les despeses ordin\u00e0ries del 2020. La partida del pressupost \u00e9s de 2.000\u20ac.<\/span><\/p>\n<p style=\"text-align: justify; padding-left: 30px;\"><span style=\"color: #000000;\"><strong>-Subvenci\u00f3 a trav\u00e9s d\u2019un conveni amb la Societat Cultural i Recreativa Bisbalenca.<\/strong><\/span><\/p>\n<p style=\"text-align: justify; padding-left: 30px;\"><span style=\"color: #000000;\">Col\u00b7laboraci\u00f3 amb l\u2019entitat per a les activitats organitzades, promovent la cultura i la conviv\u00e8ncia al municipi a trav\u00e9s del teatre, els geganters i grallers, els escacs, al botifarra i altres activitats. L\u2019import que s\u2019hi destina \u00e9s de 12.000\u20ac.<\/span><\/p>\n<p style=\"text-align: justify; padding-left: 30px;\"><span style=\"color: #000000;\"><strong>-Subvenci\u00f3 a trav\u00e9s d\u2019un conveni amb el Ball de Diables de la Bisbal del Pened\u00e8s.<\/strong><\/span><\/p>\n<p style=\"text-align: justify; padding-left: 30px;\"><span style=\"color: #000000;\">Col\u00b7laboraci\u00f3 amb l\u2019entitat per a les activitats organitzades, promovent la cultura, la conviv\u00e8ncia i el folklore al municipi i per a les activitats organitzades amb motiu del seu 15\u00e8 aniversari, durant el 2020. L\u2019import \u00e9s de 15.000\u20ac.<\/span><\/p>\n<p style=\"text-align: justify; padding-left: 30px;\"><span style=\"color: #000000;\"><strong>-Subvenci\u00f3 a trav\u00e9s d\u2019un conveni amb la Colla Castellera La Bisbal del Pened\u00e8s \u2013 Bous.<\/strong><\/span><\/p>\n<p style=\"text-align: justify; padding-left: 30px;\"><span style=\"color: #000000;\">Col\u00b7laboraci\u00f3 amb l\u2019entitat per a les activitats organitzades, promovent la cultura castellera i la conviv\u00e8ncia al municipi. L\u2019import \u00e9s d\u201911.500\u20ac.<\/span><\/p>\n<p style=\"text-align: justify;\"><span style=\"color: #000000;\"><strong>7.-Promoci\u00f3 i foment de l\u2019esport (25.000\u20ac).<\/strong><\/span><\/p>\n<p style=\"text-align: justify; padding-left: 30px;\"><span style=\"color: #000000;\"><strong>-Patrocinis esportius<\/strong><\/span><\/p>\n<p style=\"text-align: justify; padding-left: 30px;\"><span style=\"color: #000000;\">Subvencionar a bisbalencs i bisbalenques que realitzen activitats esportives i participen en competicions i esdeveniments esportius. La partida \u00e9s de 2.000\u20ac.<\/span><\/p>\n<p style=\"text-align: justify; padding-left: 30px;\"><span style=\"color: #000000;\"><strong>-Subvenci\u00f3 a trav\u00e9s d\u2019un conveni amb Joventut Bisbalenca CF.<\/strong><\/span><\/p>\n<p style=\"text-align: justify; padding-left: 30px;\"><span style=\"color: #000000;\">Es col\u00b7labora amb l\u2019entitat per a les activitats organitzades per promoure l\u2019esport i la conviv\u00e8ncia al municipi. L\u2019import \u00e9s de 23.000\u20ac i s\u2019hi inclou l\u2019any 2020 (per tant, una part de la temporada 2019\/2020 i una part de la temporada 2020\/2021).<\/span><\/p>\n<p style=\"text-align: justify;\"><span style=\"color: #000000;\"><strong>8.-Subvencions a la natalitat i adopci\u00f3 (5.000\u20ac).<\/strong><\/span><\/p>\n<p style=\"text-align: justify;\"><span style=\"color: #000000;\">Es tracta d\u2019una subvenci\u00f3 que s\u2019atorga a les fam\u00edlies que, durant el 2019, hagin tingut o adoptat un infant. Aquestes fam\u00edlies -pr\u00e8via sol\u00b7licitud i entrega de la documentaci\u00f3 corresponent- reben el \u2018Xec nad\u00f3\u2019, un talonari amb 10 vals de 10\u20ac cadascun (100\u20ac en total) per gastar en els comer\u00e7os del municipi que participen en la campanya. L\u2019import destinat a aquesta partida \u00e9s de 5.000\u20ac.<\/span><\/p>\n<p style=\"text-align: justify;\"><span style=\"color: #000000;\"><strong>EL PLA ESTRAT\u00c8GIC DE SUBVENCIONS 2020 INCLOU UNA PART DE CONTROL I AVALUACI\u00d3 DEL PLA<\/strong><\/span><\/p>\n<p style=\"text-align: justify;\"><span style=\"color: #000000;\">Els plans estrat\u00e8gics de subvencions estan basats en l\u2019article 8 de la Llei 38\/2003, de 17 de novembre, General de Subvencions, on es disposa que les administracions que estableixin subvencions han de concretar en un Pla estrat\u00e8gic de subvencions els objectius i els efectes que es pretenen amb cadascuna de les subvencions, els costos previsibles, les fonts de finan\u00e7ament i el fet que sempre compleixin els objectius d\u2019estabilitat pressupost\u00e0ria. En compliment de la normativa, el Pla estrat\u00e8gic de subvencions 2020 inclou una part de control i avaluaci\u00f3 del Pla. Aix\u00ed, l\u2019alcaldessa Agn\u00e8s Ferr\u00e9, que \u00e9s la responsable de l\u2019\u00e0rea d\u2019Hisenda, \u00e9s qui controlar\u00e0 el seu compliment. Una vegada finalitzada la vig\u00e8ncia del Pla estrat\u00e8gic de subvencions per al 2020, es presentar\u00e0 al Ple una mem\u00f2ria amb el grau de compliment i les conclusions.<\/span><\/p>\n<p style=\"text-align: justify;\"><span style=\"color: #000000;\">El primer pla estrat\u00e8gic de subvencions de l\u2019Ajuntament de la Bisbal del Pened\u00e8s es va aprovar el 20 de desembre de 2017 per a l\u2019any 2018. L\u2019any 2019, com que els pressupostos estaven prorrogats, es va seguir aplicant el Pla del 2018. Ara, en haver-se aprovat inicialment el pressupost 2020 en el Ple extraordinari del 27 de novembre de 2019, s\u2019ha tirat endavant tamb\u00e9 l\u2019aprovaci\u00f3 del Pla de subvencions 2020.<\/span><\/p>\n<hr \/>\n<p style=\"text-align: justify;\"><strong><span style=\"color: #000000;\">CASTELLANO |\u00a0<\/span><\/strong><span style=\"color: #000000;\"><a href=\"https:\/\/bisbalpenedes.com\/web\/2019\/12\/17\/aquest-dilluns-16-de-desembre-sha-celebrat-el-ple-ordinari-corresponent-a-aquest-trimestre\/\" target=\"_blank\">El Pleno ordinario del 17 de diciembre del 2019<\/a> ha aprobado el Plan estrat\u00e9gico de subvenciones 2020 del Ayuntamiento de la Bisbal del Pened\u00e8s. Este Plan incluye un total de diecisiete subvenciones, divididas en ocho \u00e1reas tem\u00e1ticas, con un importe total de 170.550\u20ac. Con las subvenciones que se incluyen en el Plan, el Ayuntamiento quiere fomentar la realizaci\u00f3n de actividades de utilidad p\u00fablica o de inter\u00e9s local y tambi\u00e9n prestar ayuda a las entidades, empresas, colectivos y personas del municipio. As\u00ed, el Plan incluye las \u00e1reas de prevenci\u00f3n y extinci\u00f3n de incendios, asistencia social primaria, fomento de la ocupaci\u00f3n, funcionamiento de centros de educaci\u00f3n, servicios complementarios a la educaci\u00f3n, promoci\u00f3n cultural, promoci\u00f3n y fomento del deporte y ayudas a la natalidad y adopci\u00f3n.<\/span><\/p>\n<p style=\"text-align: justify;\"><span style=\"color: #000000;\"><strong>SUBVENCIONES INCLUIDAS EN EL PLAN ESTRAT\u00c9GICO DE SUBVENCIONES 2020<\/strong><\/span><\/p>\n<p style=\"text-align: justify;\"><span style=\"color: #000000;\"><strong>1.-Prevenci\u00f3n y extinci\u00f3n de incendios (5.000\u20ac).<\/strong><\/span><\/p>\n<p style=\"text-align: justify;\"><span style=\"color: #000000;\">Se trata \u00a0de una subvenci\u00f3n que se otorga a trav\u00e9s de un convenio con ADF Clot de Bou para poder contar con su colaboraci\u00f3n en la redacci\u00f3n y ejecuci\u00f3n de los planes de autoprotecci\u00f3n contra incendios forestales y el plan de autoprotecci\u00f3n municipal, as\u00ed como por su participaci\u00f3n en trabajos de prevenci\u00f3n de incendios y en actos que se organizan desde el Ayuntamiento (principalmente aquellos que incluyen pirotecnia).<\/span><\/p>\n<p style=\"text-align: justify;\"><span style=\"color: #000000;\"><strong>2.-Asistencia social primaria (10.000\u20ac).<\/strong><\/span><\/p>\n<p style=\"text-align: justify;\"><span style=\"color: #000000;\">Ayudas econ\u00f3micas de urgencia social para atender necesidades puntuales y b\u00e1sicas de subsistencia para personas en situaci\u00f3n de vulnerabilidad y exclusi\u00f3n social. El importe asignado es de 10.000\u20ac. La concesi\u00f3n se hace de forma directa, previa valoraci\u00f3n de Servicios Sociales.<\/span><\/p>\n<p style=\"text-align: justify;\"><span style=\"color: #000000;\"><strong>3.-Fomento de la ocupaci\u00f3n (15.000\u20ac).<\/strong><\/span><\/p>\n<p style=\"text-align: justify;\"><span style=\"color: #000000;\">Se abren dos convocatorias de subvenciones para fomentar la ocupaci\u00f3n, el emprendimiento y la autoocupaci\u00f3n:<\/span><\/p>\n<p style=\"text-align: justify; padding-left: 30px;\"><span style=\"color: #000000;\"><strong>-Subvenciones para la creaci\u00f3n de puestos de trabajo.<\/strong> Subvenci\u00f3n para las empresas ubicadas en la Bisbal del Pened\u00e8s que hayan contratado, durante el 2019, <em>bisbalencs<\/em> y <em>bisbalenques<\/em> que est\u00e9n desocupados\/das. Se destinan 5.000\u20ac.<\/span><\/p>\n<p style=\"text-align: justify; padding-left: 30px;\"><span style=\"color: #000000;\"><strong>-Subvenciones para personas desocupadas que se establezcan como aut\u00f3nomas<\/strong> durante el 2019. El importe de la partida es de 10.000\u20ac.<\/span><\/p>\n<p style=\"text-align: justify;\"><span style=\"color: #000000;\"><strong>4.-Funcionamiento de centros de educaci\u00f3n curso 2019\/2020 (14.300\u20ac).<\/strong><\/span><\/p>\n<p style=\"text-align: justify;\"><span style=\"color: #000000;\">Es una subvenci\u00f3n que se otorga a la escuela Ull de Vent para poder adquirir las agendas de los alumnos, para el material escolar de los alumnos empadronados (se calculan unos 50\u20ac por alumno\/a) y para el proyecto Cant\u00e0nia.<\/span><\/p>\n<p style=\"text-align: justify;\"><span style=\"color: #000000;\"><strong>5.-Servicios complementarios a la educaci\u00f3n (55.000\u20ac).<\/strong><\/span><\/p>\n<p style=\"text-align: justify;\"><span style=\"color: #000000;\">En este apartado se incluyen las siguientes subvenciones para el curso 2019\/2020.<\/span><\/p>\n<p style=\"text-align: justify; padding-left: 30px;\"><span style=\"color: #000000;\"><strong>-Subvenci\u00f3n para los libros de primaria de la escuela p\u00fablica para el proyecto de sociabilizaci\u00f3n de los libros. <\/strong><\/span><\/p>\n<p style=\"text-align: justify; padding-left: 30px;\"><span style=\"color: #000000;\">Esta subvenci\u00f3n es para los alumnos <em>biscalencs <\/em>de la escuela Ull de Vent y la escuela Quatre Vents. La partida del presupuesto es de 15.000\u20ac.<\/span><\/p>\n<p style=\"text-align: justify; padding-left: 30px;\"><span style=\"color: #000000;\"><strong>-Subvenci\u00f3n para los libros de secundaria del Instituto Coster de la Torre.<\/strong><\/span><\/p>\n<p style=\"text-align: justify; padding-left: 30px;\"><span style=\"color: #000000;\">La partida del presupuesto es de 15.000\u20ac.<\/span><\/p>\n<p style=\"text-align: justify; padding-left: 30px;\"><span style=\"color: #000000;\"><strong>-Subvenciones para el transporte escolar del Consell Comarcal del Baix Pened\u00e8s.<\/strong><\/span><\/p>\n<p style=\"text-align: justify; padding-left: 30px;\"><span style=\"color: #000000;\">Subvenciones para parte del coste del transporte comarcal para las familias que no residan en el n\u00facleo donde se ubica la escuela Ull de Vent. La partida es de 5.000\u20ac.<\/span><\/p>\n<p style=\"text-align: justify; padding-left: 30px;\"><span style=\"color: #000000;\"><strong>-Subvenciones para el comedor escolar de la escuela Ull de Vent.<\/strong><\/span><\/p>\n<p style=\"text-align: justify; padding-left: 30px;\"><span style=\"color: #000000;\">Se subvenciona parte del coste del comedor escolar. La partida del presupuesto es de 20.000\u20ac.<\/span><\/p>\n<p style=\"text-align: justify;\"><span style=\"color: #000000;\"><strong>6.-Promoci\u00f3n cultural (41.250\u20ac).<\/strong><\/span><\/p>\n<p style=\"text-align: justify;\"><span style=\"color: #000000;\">Incluye actividades organizadas por el Ayuntamiento y subvenciones nominativas a entidades:<\/span><\/p>\n<p style=\"text-align: justify; padding-left: 30px;\"><span style=\"color: #000000;\"><strong>-Premios del concurso literario de Sant Jordi 2020.<\/strong><\/span><\/p>\n<p style=\"text-align: justify; padding-left: 30px;\"><span style=\"color: #000000;\">Se destinar\u00e1n 750\u20ac.<\/span><\/p>\n<p style=\"text-align: justify; padding-left: 30px;\"><span style=\"color: #000000;\"><strong>-Convocatoria de subvenciones en materia de cultura.<\/strong><\/span><\/p>\n<p style=\"text-align: justify; padding-left: 30px;\"><span style=\"color: #000000;\">Subvenciones para entidades culturales del municipio para financiar las actividades que organizan y los gastos ordinarios del 2020. La partida del presupuesto es de 2.000\u20ac.<\/span><\/p>\n<p style=\"text-align: justify; padding-left: 30px;\"><span style=\"color: #000000;\"><strong>-Subvenci\u00f3n a trav\u00e9s de un convenio con la Societat Cultural i Recreativa Bisbalenca.<\/strong><\/span><\/p>\n<p style=\"text-align: justify; padding-left: 30px;\"><span style=\"color: #000000;\">Colaboraci\u00f3n con la entidad para las actividades organizadas, promoviendo la cultura y la convivencia en el municipio a trav\u00e9s del teatro, los <em>geganters y grallers<\/em>, el ajedrez, la butifarra y otras actividades. El importe que se destina es de 12.000\u20ac.<\/span><\/p>\n<p style=\"text-align: justify; padding-left: 30px;\"><span style=\"color: #000000;\"><strong>-Subvenci\u00f3n a trav\u00e9s de un convenio con el Ball de Diables de la Bisbal del Pened\u00e8s.<\/strong><\/span><\/p>\n<p style=\"text-align: justify; padding-left: 30px;\"><span style=\"color: #000000;\">Colaboraci\u00f3n con la entidad para las actividades organizadas, promoviendo la cultura, la convivencia y el folklore en el municipio y para las actividades organizadas con motivo de su 15\u00ba aniversario, durante el 2020. El importe es de 15.000\u20ac.<\/span><\/p>\n<p style=\"text-align: justify; padding-left: 30px;\"><span style=\"color: #000000;\"><strong>-Subvenci\u00f3n a trav\u00e9s de un convenio con la Colla Castellera La Bisbal del Pened\u00e8s \u2013 Bous<\/strong>.<\/span><\/p>\n<p style=\"text-align: justify; padding-left: 30px;\"><span style=\"color: #000000;\">Colaboraci\u00f3n con la entidad para las actividades organizadas, promoviendo la cultura castellera y la convivencia en el municipio. El importe es de 11.500\u20ac.<\/span><\/p>\n<p style=\"text-align: justify;\"><span style=\"color: #000000;\"><strong>7.-Promoci\u00f3n y fomento del deporte (25.000\u20ac).<\/strong><\/span><\/p>\n<p style=\"text-align: justify; padding-left: 30px;\"><span style=\"color: #000000;\"><strong>-Patrocinios deportivos<\/strong><\/span><\/p>\n<p style=\"text-align: justify; padding-left: 30px;\"><span style=\"color: #000000;\">Subvencionar <em>bisbalencs<\/em> y <em>bisbalenques <\/em>que realizan actividades deportivas y participan en competiciones y eventos deportivos. La partida es de 2.000\u20ac.<\/span><\/p>\n<p style=\"text-align: justify; padding-left: 30px;\"><span style=\"color: #000000;\"><strong>-Subvenci\u00f3n a trav\u00e9s de un convenio con Joventut Bisbalenca CF.<\/strong><\/span><\/p>\n<p style=\"text-align: justify; padding-left: 30px;\"><span style=\"color: #000000;\">Se colabora con la entidad por las actividades organizadas para promover el deporte y la convivencia en el municipio. El importe es de 23.000\u20ac y se incluye el a\u00f1o 2020 (por lo tanto, una parte de la temporada 2019\/2020 y una parte de la temporada 2020\/2021).<\/span><\/p>\n<p style=\"text-align: justify;\"><span style=\"color: #000000;\"><strong>8.-Subvenciones a la natalidad y adopci\u00f3n (5.000\u20ac).<\/strong><\/span><\/p>\n<p style=\"text-align: justify;\"><span style=\"color: #000000;\">Se trata de una subvenci\u00f3n que se otorga a las familias que, durante el 2019, hayan tenido o adoptado un ni\u00f1o. Estas familias -previa solicitud y entrega de la documentaci\u00f3n correspondiente- reciben el \u2018Xec nad\u00f3\u2019, un talonario con 10 vales de 10\u20ac cada uno (100\u20ac en total) para gastar en los comercios del municipio que participan en la campa\u00f1a. El importe destinado a esta partida es de 5.000\u20ac.<\/span><\/p>\n<p style=\"text-align: justify;\"><span style=\"color: #000000;\"><strong>EL PLAN ESTRAT\u00c9GICO DE SUBVENCIONES 2020 INCLUYE UNA PARTE DE CONTROL Y EVALUACI\u00d3N DEL PLAN<\/strong><\/span><\/p>\n<p style=\"text-align: justify;\"><span style=\"color: #000000;\">Los planes estrat\u00e9gicos de subvenciones est\u00e1n basados en el art\u00edculo 8 de la Ley 38\/2003, de 17 de noviembre, General de Subvenciones, donde se dispone que las administraciones que establezcan subvenciones deben concretar en un Plan estrat\u00e9gico de subvenciones los objetivos y los efectos que se pretenden con cada una de las subvenciones, los costes previsibles, las fuentes de financiamiento y el hecho que siempre cumplan los objetivos de estabilidad presupuestaria. En cumplimiento con la normativa, el Plan estrat\u00e9gico de subvenciones 2020 incluye una parte de control y evaluaci\u00f3n del Plan. As\u00ed, la alcaldesa Agn\u00e8s Ferr\u00e9, que es la responsable del \u00e1rea de Hacienda, es quien controlar\u00e1 su cumplimiento. Una vez finalizada la vigencia del Plan estrat\u00e9gico de subvenciones para el 2020, se presentar\u00e1 al Pleno una memoria con el grado de cumplimiento y las conclusiones.<\/span><\/p>\n<p style=\"text-align: justify;\"><span style=\"color: #000000;\">El primer plan estrat\u00e9gico de subvenciones del Ayuntamiento de la Bisbal del Pened\u00e8s se aprob\u00f3 el 20 de diciembre del 2017 para el a\u00f1o 2018. El a\u00f1o 2019, como los presupuestos estaban prorrogados, se sigui\u00f3 aplicando el Plan del 2018. Ahora, habi\u00e9ndose aprobado inicialmente el presupuesto del 2020 en el Pleno extraordinario del 27 de noviembre del 2019, se ha sacado adelante tambi\u00e9n la aprobaci\u00f3n del Plan de subvenciones 2020.<\/span><\/p>\n<p style=\"text-align: justify;\"><span style=\"color: #000000;\">\u00a0<\/span><\/p>\n","protected":false},"excerpt":{"rendered":"<p>El Ple ordinari del 17 de desembre de 2019 ha aprovat el Pla estrat\u00e8gic de subvencions 2020 de l\u2019Ajuntament de la Bisbal del Pened\u00e8s. Aquest Pla inclou un total de &hellip; <a href=\"https:\/\/bisbalpenedes.com\/web\/2019\/12\/17\/plaestrategicsubvencions2020\/\" class=\"more-link\">Read More<\/a><\/p>\n","protected":false},"author":4,"featured_media":7089,"comment_status":"closed","ping_status":"closed","sticky":false,"template":"","format":"standard","meta":[],"categories":[3431],"tags":[3420,3432,1651],"_links":{"self":[{"href":"https:\/\/bisbalpenedes.com\/web\/wp-json\/wp\/v2\/posts\/11495"}],"collection":[{"href":"https:\/\/bisbalpenedes.com\/web\/wp-json\/wp\/v2\/posts"}],"about":[{"href":"https:\/\/bisbalpenedes.com\/web\/wp-json\/wp\/v2\/types\/post"}],"author":[{"embeddable":true,"href":"https:\/\/bisbalpenedes.com\/web\/wp-json\/wp\/v2\/users\/4"}],"replies":[{"embeddable":true,"href":"https:\/\/bisbalpenedes.com\/web\/wp-json\/wp\/v2\/comments?post=11495"}],"version-history":[{"count":3,"href":"https:\/\/bisbalpenedes.com\/web\/wp-json\/wp\/v2\/posts\/11495\/revisions"}],"predecessor-version":[{"id":11503,"href":"https:\/\/bisbalpenedes.com\/web\/wp-json\/wp\/v2\/posts\/11495\/revisions\/11503"}],"wp:featuredmedia":[{"embeddable":true,"href":"https:\/\/bisbalpenedes.com\/web\/wp-json\/wp\/v2\/media\/7089"}],"wp:attachment":[{"href":"https:\/\/bisbalpenedes.com\/web\/wp-json\/wp\/v2\/media?parent=11495"}],"wp:term":[{"taxonomy":"category","embeddable":true,"href":"https:\/\/bisbalpenedes.com\/web\/wp-json\/wp\/v2\/categories?post=11495"},{"taxonomy":"post_tag","embeddable":true,"href":"https:\/\/bisbalpenedes.com\/web\/wp-json\/wp\/v2\/tags?post=11495"}],"curies":[{"name":"wp","href":"https:\/\/api.w.org\/{rel}","templated":true}]}}