{"id":11460,"date":"2019-12-12T12:14:32","date_gmt":"2019-12-12T11:14:32","guid":{"rendered":"http:\/\/bisbalpenedes.com\/web\/?p=11460"},"modified":"2019-12-12T12:14:32","modified_gmt":"2019-12-12T11:14:32","slug":"sacorda-el-calendari-laboral-2020-de-lajuntament-de-la-bisbal-del-penedes","status":"publish","type":"post","link":"https:\/\/bisbalpenedes.com\/web\/2019\/12\/12\/sacorda-el-calendari-laboral-2020-de-lajuntament-de-la-bisbal-del-penedes\/","title":{"rendered":"S\u2019acorda el calendari laboral 2020 de l\u2019Ajuntament de la Bisbal del Pened\u00e8s"},"content":{"rendered":"<p style=\"text-align: justify;\"><span style=\"color: #000000;\">La mesa de negociaci\u00f3 amb els treballadors p\u00fablics de l\u2019Ajuntament de la Bisbal del Pened\u00e8s, representada per treballadors funcionaris i laborals, la secret\u00e0ria-interventora municipal i l\u2019alcaldessa Agn\u00e8s Ferr\u00e9, es van reunir el passat dilluns per acordar el calendari laboral per al 2020. Posteriorment, l\u2019alcaldessa va signar el corresponent Decret d\u2019Alcaldia d\u2019aquest acord.<\/span><\/p>\n<p style=\"text-align: justify;\"><span style=\"color: #000000;\">El calendari laboral del 2020 inclou els seg\u00fcents festius:<\/span><\/p>\n<p style=\"padding-left: 30px; text-align: justify;\"><span style=\"color: #000000;\">-Dimecres 1 de gener (Cap d\u2019any)<\/span><\/p>\n<p style=\"padding-left: 30px; text-align: justify;\"><span style=\"color: #000000;\">-Dilluns 6 de gener (Reis)<\/span><\/p>\n<p style=\"padding-left: 30px; text-align: justify;\"><span style=\"color: #000000;\">-Divendres 10 d\u2019abril (Divendres Sant)<\/span><\/p>\n<p style=\"padding-left: 30px; text-align: justify;\"><span style=\"color: #000000;\">-Dilluns 13 d\u2019abril (Pasqua)<\/span><\/p>\n<p style=\"padding-left: 30px; text-align: justify;\"><span style=\"color: #000000;\">-Divendres 1 de maig (Festa del Treball)<\/span><\/p>\n<p style=\"padding-left: 30px; text-align: justify;\"><span style=\"color: #000000;\">-Dimecres 24 de juny (Sant Joan)<\/span><\/p>\n<p style=\"padding-left: 30px; text-align: justify;\"><span style=\"color: #000000;\">-Dissabte 15 d\u2019agost (l\u2019Assumpci\u00f3)<\/span><\/p>\n<p style=\"padding-left: 30px; text-align: justify;\"><span style=\"color: #000000;\">-Divendres 11 de setembre (Diada Nacional de Catalunya)<\/span><\/p>\n<p style=\"padding-left: 30px; text-align: justify;\"><span style=\"color: #000000;\">-Dilluns 12 d\u2019octubre (Festa Nacional d\u2019Espanya)<\/span><\/p>\n<p style=\"padding-left: 30px; text-align: justify;\"><span style=\"color: #000000;\">-Dimarts 8 de desembre (La Immaculada)<\/span><\/p>\n<p style=\"padding-left: 30px; text-align: justify;\"><span style=\"color: #000000;\">-Divendres 25 de desembre (Nadal)<\/span><\/p>\n<p style=\"padding-left: 30px; text-align: justify;\"><span style=\"color: #000000;\">-Dissabte 26 de desembre (Sant Esteve)<\/span><\/p>\n<p style=\"text-align: justify;\"><span style=\"color: #000000;\">Seran festes locals a La Bisbal del Pened\u00e8s, durant el 2020, les seg\u00fcents (segons l\u2019acord del Ple de la Corporaci\u00f3 del 4 de juliol de 2019):<\/span><\/p>\n<p style=\"padding-left: 30px; text-align: justify;\"><span style=\"color: #000000;\">-Dijous 23 d\u2019abril (Sant Jordi)<\/span><\/p>\n<p style=\"padding-left: 30px; text-align: justify;\"><span style=\"color: #000000;\">-Divendres 14 d\u2019agost (Festa Major)<\/span><\/p>\n<p style=\"text-align: justify;\"><span style=\"color: #000000;\">Seran festes administratives, durant l\u2019any 2020, les seg\u00fcents:<\/span><\/p>\n<p style=\"padding-left: 30px; text-align: justify;\"><span style=\"color: #000000;\">-Dijous 24 de desembre<\/span><\/p>\n<p style=\"padding-left: 30px; text-align: justify;\"><span style=\"color: #000000;\">-Dijous 31 de desembre<\/span><\/p>\n<p style=\"text-align: justify;\"><span style=\"color: #000000;\">Ser\u00e0 festa addicional de compensaci\u00f3 per festiu que cau en diumenge, la seg\u00fcent:<\/span><\/p>\n<p style=\"padding-left: 30px; text-align: justify;\"><span style=\"color: #000000;\">-Diumenge 6 de desembre<\/span><\/p>\n<p style=\"text-align: justify;\"><span style=\"color: #000000;\">Us recordem els horaris d\u2019atenci\u00f3 a la ciutadania de l\u2019Ajuntament de la Bisbal del Pened\u00e8s i la Biblioteca p\u00fablica:<\/span><\/p>\n<table>\n<tbody>\n<tr>\n<td colspan=\"2\" width=\"518\"><span style=\"color: #000000;\"><strong>Horaris d\u2019atenci\u00f3 de l\u2019Ajuntament de la Bisbal del Pened\u00e8s<\/strong><\/span><\/td>\n<\/tr>\n<tr>\n<td colspan=\"2\" width=\"518\"><span style=\"color: #000000;\"><strong>Horari d\u2019hivern<\/strong><\/span><\/td>\n<\/tr>\n<tr>\n<td width=\"259\"><span style=\"color: #000000;\">Dilluns<\/span><\/td>\n<td width=\"259\"><span style=\"color: #000000;\">De 9.00 a 14.00h i de 16.00h a 19.00h<\/span><\/td>\n<\/tr>\n<tr>\n<td width=\"259\"><span style=\"color: #000000;\">Dimarts, dimecres, dijous i divendres<\/span><\/td>\n<td width=\"259\"><span style=\"color: #000000;\">De 9.00 a 14.00h<\/span><\/td>\n<\/tr>\n<tr>\n<td colspan=\"2\" width=\"518\"><span style=\"color: #000000;\"><strong>Horari d\u2019estiu<\/strong><\/span><\/td>\n<\/tr>\n<tr>\n<td width=\"259\"><span style=\"color: #000000;\">De dilluns a divendres<\/span><\/td>\n<td width=\"259\"><span style=\"color: #000000;\">De 9.00 a 14.00h<\/span><\/td>\n<\/tr>\n<\/tbody>\n<\/table>\n<p style=\"text-align: justify;\">\n<table>\n<tbody>\n<tr>\n<td colspan=\"2\" width=\"518\"><span style=\"color: #000000;\"><strong>Horaris d\u2019atenci\u00f3 de la Biblioteca p\u00fablica<\/strong><\/span><\/td>\n<\/tr>\n<tr>\n<td colspan=\"2\" width=\"518\"><span style=\"color: #000000;\"><strong>Horari d\u2019hivern<\/strong><\/span><\/td>\n<\/tr>\n<tr>\n<td width=\"259\"><span style=\"color: #000000;\">De dilluns a divendres<\/span><\/td>\n<td width=\"259\"><span style=\"color: #000000;\">De 16.30h a 20.30h<\/span><\/td>\n<\/tr>\n<tr>\n<td width=\"259\"><span style=\"color: #000000;\">Dissabtes<\/span><\/td>\n<td width=\"259\"><span style=\"color: #000000;\">De 10.00h a 14.00h<\/span><\/td>\n<\/tr>\n<tr>\n<td colspan=\"2\" width=\"518\"><span style=\"color: #000000;\"><strong>Horari d\u2019estiu<\/strong><\/span><\/td>\n<\/tr>\n<tr>\n<td width=\"259\"><span style=\"color: #000000;\">De dilluns a divendres<\/span><\/td>\n<td width=\"259\"><span style=\"color: #000000;\">De 16.30h a 20.30h<\/span><\/td>\n<\/tr>\n<\/tbody>\n<\/table>\n<hr \/>\n<p style=\"text-align: justify;\"><span style=\"color: #000000;\"><strong>CASTELLANO |\u00a0<\/strong>La mesa de negociaci\u00f3n con los trabajadores p\u00fablicos del Ayuntamiento de la Bisbal del Pened\u00e8s, representada por trabajadores funcionarios y laborales, la secretaria-interventora municipal y la alcaldesa Agn\u00e8s Ferr\u00e9, se reunieron el pasado lunes para acordar el calendario laboral para el 2020. Posteriormente, la alcaldesa firm\u00f3 el correspondiente Decreto de Alcald\u00eda de este acuerdo.<\/span><\/p>\n<p style=\"text-align: justify;\"><span style=\"color: #000000;\">El calendario laboral 2020 incluye los siguientes festivos:<\/span><\/p>\n<p style=\"padding-left: 30px; text-align: justify;\"><span style=\"color: #000000;\">-Mi\u00e9rcoles 1 de enero (A\u00f1o nuevo)<\/span><\/p>\n<p style=\"padding-left: 30px; text-align: justify;\"><span style=\"color: #000000;\">-Lunes 6 de enero (Reyes)<\/span><\/p>\n<p style=\"padding-left: 30px; text-align: justify;\"><span style=\"color: #000000;\">-Viernes 10 de abril (Viernes Santo)<\/span><\/p>\n<p style=\"padding-left: 30px; text-align: justify;\"><span style=\"color: #000000;\">-Lunes 13 de abril (Pascua)<\/span><\/p>\n<p style=\"padding-left: 30px; text-align: justify;\"><span style=\"color: #000000;\">-Viernes 1 de mayo (Fiesta del Trabajo)<\/span><\/p>\n<p style=\"padding-left: 30px; text-align: justify;\"><span style=\"color: #000000;\">-Mi\u00e9rcoles 24 de junio (San Juan)<\/span><\/p>\n<p style=\"padding-left: 30px; text-align: justify;\"><span style=\"color: #000000;\">-S\u00e1bado 15 de agosto (la Asunci\u00f3n)<\/span><\/p>\n<p style=\"padding-left: 30px; text-align: justify;\"><span style=\"color: #000000;\">-Viernes 11 de septiembre (Diada Nacional de Catalunya)<\/span><\/p>\n<p style=\"padding-left: 30px; text-align: justify;\"><span style=\"color: #000000;\">-Lunes 12 de octubre (Fiesta Nacional de Espa\u00f1a)<\/span><\/p>\n<p style=\"padding-left: 30px; text-align: justify;\"><span style=\"color: #000000;\">-Martes 8 de diciembre (La Inmaculada)<\/span><\/p>\n<p style=\"padding-left: 30px; text-align: justify;\"><span style=\"color: #000000;\">-Viernes 25 de diciembre (Navidad)<\/span><\/p>\n<p style=\"padding-left: 30px; text-align: justify;\"><span style=\"color: #000000;\">\u00a0-S\u00e1bado 26 de diciembre (San Esteban)<\/span><\/p>\n<p style=\"text-align: justify;\"><span style=\"color: #000000;\">Ser\u00e1n fiestas locales en La Bisbal del Pened\u00e8s, durante el 2020, las siguientes (seg\u00fan el acuerdo del Pleno de la corporaci\u00f3n del 4 de julio del 2019):<\/span><\/p>\n<p style=\"padding-left: 30px; text-align: justify;\"><span style=\"color: #000000;\">-Jueves 23 de abril (Sant Jordi)<\/span><\/p>\n<p style=\"padding-left: 30px; text-align: justify;\"><span style=\"color: #000000;\">-Viernes 14 de agosto (Fiesta Mayor)<\/span><\/p>\n<p style=\"text-align: justify;\"><span style=\"color: #000000;\">Ser\u00e1n fiestas administrativas, durante el a\u00f1o 2020, las siguientes:<\/span><\/p>\n<p style=\"padding-left: 30px; text-align: justify;\"><span style=\"color: #000000;\">-Jueves 24 de diciembre<\/span><\/p>\n<p style=\"padding-left: 30px; text-align: justify;\"><span style=\"color: #000000;\">-Jueves 31 de diciembre<\/span><\/p>\n<p style=\"text-align: justify;\"><span style=\"color: #000000;\">Ser\u00e1 fiesta adicional de compensaci\u00f3n por festivo que cae en domingo, la siguiente:<\/span><\/p>\n<p style=\"padding-left: 30px; text-align: justify;\"><span style=\"color: #000000;\">-Domingo 6 de diciembre<\/span><\/p>\n<p style=\"text-align: justify;\">\n<p style=\"text-align: justify;\"><span style=\"color: #000000;\">Os recordamos los horarios de atenci\u00f3n a la ciudadan\u00eda del Ayuntamiento de la Bisbal del Pened\u00e8s y la Biblioteca p\u00fablica:<\/span><\/p>\n<table>\n<tbody>\n<tr>\n<td colspan=\"2\" width=\"518\"><span style=\"color: #000000;\"><strong>Horarios de atenci\u00f3n del Ayuntamiento de la Bisbal del Pened\u00e8s<\/strong><\/span><\/td>\n<\/tr>\n<tr>\n<td colspan=\"2\" width=\"518\"><span style=\"color: #000000;\"><strong>Horario de invierno<\/strong><\/span><\/td>\n<\/tr>\n<tr>\n<td width=\"259\"><span style=\"color: #000000;\">Lunes<\/span><\/td>\n<td width=\"259\"><span style=\"color: #000000;\">De 9.00 a 14.00h y de 16.00h a 19.00h<\/span><\/td>\n<\/tr>\n<tr>\n<td width=\"259\"><span style=\"color: #000000;\">Martes, mi\u00e9rcoles, jueves y viernes<\/span><\/td>\n<td width=\"259\"><span style=\"color: #000000;\">De 9.00 a 14.00h<\/span><\/td>\n<\/tr>\n<tr>\n<td colspan=\"2\" width=\"518\"><span style=\"color: #000000;\"><strong>Horario de verano<\/strong><\/span><\/td>\n<\/tr>\n<tr>\n<td width=\"259\"><span style=\"color: #000000;\">De lunes a viernes<\/span><\/td>\n<td width=\"259\"><span style=\"color: #000000;\">De 9.00 a 14.00h<\/span><\/td>\n<\/tr>\n<\/tbody>\n<\/table>\n<p style=\"text-align: justify;\">\n<table>\n<tbody>\n<tr>\n<td colspan=\"2\" width=\"518\"><span style=\"color: #000000;\"><strong>Horarios de atenci\u00f3n de la Biblioteca p\u00fablica<\/strong><\/span><\/td>\n<\/tr>\n<tr>\n<td colspan=\"2\" width=\"518\"><span style=\"color: #000000;\"><strong>Horario de invierno<\/strong><\/span><\/td>\n<\/tr>\n<tr>\n<td width=\"259\"><span style=\"color: #000000;\">De lunes a viernes<\/span><\/td>\n<td width=\"259\"><span style=\"color: #000000;\">De 16.30h a 20.30h<\/span><\/td>\n<\/tr>\n<tr>\n<td width=\"259\"><span style=\"color: #000000;\">S\u00e1bados<\/span><\/td>\n<td width=\"259\"><span style=\"color: #000000;\">De 10.00h a 14.00h<\/span><\/td>\n<\/tr>\n<tr>\n<td colspan=\"2\" width=\"518\"><span style=\"color: #000000;\"><strong>Horario de verano<\/strong><\/span><\/td>\n<\/tr>\n<tr>\n<td width=\"259\"><span style=\"color: #000000;\">De lunes a viernes<\/span><\/td>\n<td width=\"259\"><span style=\"color: #000000;\">De 16.30h a 20.30h<\/span><\/td>\n<\/tr>\n<\/tbody>\n<\/table>\n<p style=\"text-align: justify;\">\n<p style=\"text-align: justify;\">\n<p>&nbsp;<\/p>\n<p>&nbsp;<\/p>\n","protected":false},"excerpt":{"rendered":"<p>La mesa de negociaci\u00f3 amb els treballadors p\u00fablics de l\u2019Ajuntament de la Bisbal del Pened\u00e8s, representada per treballadors funcionaris i laborals, la secret\u00e0ria-interventora municipal i l\u2019alcaldessa Agn\u00e8s Ferr\u00e9, es van &hellip; <a href=\"https:\/\/bisbalpenedes.com\/web\/2019\/12\/12\/sacorda-el-calendari-laboral-2020-de-lajuntament-de-la-bisbal-del-penedes\/\" class=\"more-link\">Read More<\/a><\/p>\n","protected":false},"author":4,"featured_media":10830,"comment_status":"closed","ping_status":"closed","sticky":false,"template":"","format":"standard","meta":[],"categories":[2057],"tags":[216,2941,1137],"_links":{"self":[{"href":"https:\/\/bisbalpenedes.com\/web\/wp-json\/wp\/v2\/posts\/11460"}],"collection":[{"href":"https:\/\/bisbalpenedes.com\/web\/wp-json\/wp\/v2\/posts"}],"about":[{"href":"https:\/\/bisbalpenedes.com\/web\/wp-json\/wp\/v2\/types\/post"}],"author":[{"embeddable":true,"href":"https:\/\/bisbalpenedes.com\/web\/wp-json\/wp\/v2\/users\/4"}],"replies":[{"embeddable":true,"href":"https:\/\/bisbalpenedes.com\/web\/wp-json\/wp\/v2\/comments?post=11460"}],"version-history":[{"count":1,"href":"https:\/\/bisbalpenedes.com\/web\/wp-json\/wp\/v2\/posts\/11460\/revisions"}],"predecessor-version":[{"id":11461,"href":"https:\/\/bisbalpenedes.com\/web\/wp-json\/wp\/v2\/posts\/11460\/revisions\/11461"}],"wp:featuredmedia":[{"embeddable":true,"href":"https:\/\/bisbalpenedes.com\/web\/wp-json\/wp\/v2\/media\/10830"}],"wp:attachment":[{"href":"https:\/\/bisbalpenedes.com\/web\/wp-json\/wp\/v2\/media?parent=11460"}],"wp:term":[{"taxonomy":"category","embeddable":true,"href":"https:\/\/bisbalpenedes.com\/web\/wp-json\/wp\/v2\/categories?post=11460"},{"taxonomy":"post_tag","embeddable":true,"href":"https:\/\/bisbalpenedes.com\/web\/wp-json\/wp\/v2\/tags?post=11460"}],"curies":[{"name":"wp","href":"https:\/\/api.w.org\/{rel}","templated":true}]}}