{"id":11451,"date":"2019-12-11T21:13:09","date_gmt":"2019-12-11T20:13:09","guid":{"rendered":"http:\/\/bisbalpenedes.com\/web\/?p=11451"},"modified":"2019-12-11T21:13:09","modified_gmt":"2019-12-11T20:13:09","slug":"lequip-de-govern-es-reuneix-amb-el-cos-de-mossos-desquadra-el-servei-dinformacio-i-inspeccio-municipal-i-les-associacions-de-veins-per-tractar-temes-de-seguretat-ciutadana","status":"publish","type":"post","link":"https:\/\/bisbalpenedes.com\/web\/2019\/12\/11\/lequip-de-govern-es-reuneix-amb-el-cos-de-mossos-desquadra-el-servei-dinformacio-i-inspeccio-municipal-i-les-associacions-de-veins-per-tractar-temes-de-seguretat-ciutadana\/","title":{"rendered":"L\u2019equip de govern es reuneix amb el cos de Mossos d\u2019Esquadra, el Servei d\u2019Informaci\u00f3 i Inspecci\u00f3 Municipal i les associacions de ve\u00efns per tractar temes de seguretat ciutadana"},"content":{"rendered":"<p style=\"text-align: center;\"><span style=\"color: #000000;\"><a style=\"color: #000000;\" href=\"http:\/\/bisbalpenedes.com\/web\/wp-content\/uploads\/2019\/12\/REUNIO-DE-SEGURETAT-CIUTADANA-LA-BISBAL-191210-EDITADA.jpg\"><img loading=\"lazy\" class=\"alignnone size-large wp-image-11452\" src=\"http:\/\/bisbalpenedes.com\/web\/wp-content\/uploads\/2019\/12\/REUNIO-DE-SEGURETAT-CIUTADANA-LA-BISBAL-191210-EDITADA-1024x683.jpg\" alt=\"REUNIO DE SEGURETAT CIUTADANA LA BISBAL 191210\" width=\"630\" height=\"420\" srcset=\"https:\/\/bisbalpenedes.com\/web\/wp-content\/uploads\/2019\/12\/REUNIO-DE-SEGURETAT-CIUTADANA-LA-BISBAL-191210-EDITADA-1024x683.jpg 1024w, https:\/\/bisbalpenedes.com\/web\/wp-content\/uploads\/2019\/12\/REUNIO-DE-SEGURETAT-CIUTADANA-LA-BISBAL-191210-EDITADA-600x400.jpg 600w, https:\/\/bisbalpenedes.com\/web\/wp-content\/uploads\/2019\/12\/REUNIO-DE-SEGURETAT-CIUTADANA-LA-BISBAL-191210-EDITADA-300x200.jpg 300w, https:\/\/bisbalpenedes.com\/web\/wp-content\/uploads\/2019\/12\/REUNIO-DE-SEGURETAT-CIUTADANA-LA-BISBAL-191210-EDITADA-768x512.jpg 768w\" sizes=\"(max-width: 630px) 100vw, 630px\" \/><\/a><\/span><\/p>\n<p style=\"text-align: justify;\"><span style=\"color: #000000;\">Aquest dimarts 10 de desembre el despatx d\u2019alcaldia ha acollit una reuni\u00f3, convocada per l\u2019equip de govern, que ha comptat amb la participaci\u00f3 de l\u2019inspector Mulet i el sotsinspector Perlado del cos de Mossos d\u2019Esquadra; el cap del Servei d\u2019Informaci\u00f3 i Inspecci\u00f3 Municipal, Daniel M\u00e1rquez; i els presidents de les associacions de ve\u00efns dels barris de la Miralba, Can Gordei, l\u2019Esplai i el Priorat de la Bisbal amb els seus acompanyants. Aquesta reuni\u00f3 perseguia l\u2019objectiu d\u2019abordar q\u00fcestions de seguretat ciutadana com ara l\u2019augment dels robatoris, les ocupacions de cases buides per part de delinq\u00fcents o les plantacions de c\u00e0nnabis en habitatges.<\/span><\/p>\n<p style=\"text-align: justify;\"><span style=\"color: #000000;\">L\u2019alcaldessa de la Bisbal del Pened\u00e8s, Agn\u00e8s Ferr\u00e9, ha obert la reuni\u00f3 explicant que \u201cla seguretat ciutadana \u00e9s una prioritat per a l\u2019equip de govern\u201d i ha insistit en el fet que \u201cla Bisbal mai no ha tingut servei de vigil\u00e0ncia. Si un Ajuntament no t\u00e9 policia municipal o servei de vigil\u00e0ncia, s\u2019ha de crear el servei i a la Bisbal no s\u2019havia fet. Les persones que formen part del cos de policia o vigil\u00e0ncia han de ser funcionaris de carrera, passar unes proves i formar-se a l\u2019escola de policia. Aix\u00f2 tampoc ha passat a la Bisbal. Tenim un informe del 6 d\u2019agost de 2015, de la Direcci\u00f3 General d\u2019Administraci\u00f3 de Seguretat, del Departament d\u2019Interior de la Generalitat de Catalunya, que exposa: \u2018<em>els que formen part del cos de policia o vigil\u00e0ncia han de ser funcionaris de carrera i es regiran per la Llei org\u00e0nica 2\/1986, de 13 de mar\u00e7, de for\u00e7a i cossos de seguretat\u2019<\/em>. En el cas de la Bisbal, els treballadors no s\u00f3n funcionaris, \u00e9s personal laboral\u201d. Ferr\u00e9 ha aclarit que \u201cel 2016 es va crear el servei d\u2019Informaci\u00f3 i Inspecci\u00f3 municipal, que fa tasques informatives, d\u2019inspecci\u00f3 i patrullatge pels carrers del municipi amb la finalitat de resoldre incid\u00e8ncies o derivar-les a les forces policials, si \u00e9s el cas. Comptem amb grans professionals i ara fan la tasca que els correspon\u201d. Despr\u00e9s d\u2019aquesta introducci\u00f3, la batllessa ha fet refer\u00e8ncia als robatoris: \u201cdes del 2015 fins a comen\u00e7aments d\u2019aquest any, van disminuir significativament els robatoris. L\u2019increment d\u2019aquests \u00faltims mesos es deu a un increment global a la comarca, si b\u00e9 \u00e9s cert que els municipis amb urbanitzacions tenim cases a\u00efllades i desocupades, el que pot comportar que s\u2019hi instal\u00b7lin delinq\u00fcents\u201d.<\/span><\/p>\n<p style=\"text-align: justify;\"><span style=\"color: #000000;\">El regidor de Seguretat Ciutadana, F\u00e9lix Villaz\u00e1n, ha explicat que \u201cla preocupaci\u00f3 per la seguretat al municipi \u00e9s priorit\u00e0ria i una mostra d\u2019aix\u00f2 \u00e9s la recent creaci\u00f3 de la Regidoria de Seguretat Ciutadana\u201d. Villaz\u00e1n ha explicat que \u201cla Bisbal forma part de la prova pilot de seguretat amb c\u00e0meres lectores de matr\u00edcules, que suposar\u00e0 una millora per al municipi, ja que es podr\u00e0 controlar qui entra i surt de les urbanitzacions amb un 99% de fiabilitat en la lectura de les matr\u00edcules. De fet, els llocs on s\u2019han instal\u00b7lat s\u2019ha redu\u00eft l\u2019\u00edndex de robatoris entre un 30 i un 40%, ja que tamb\u00e9 fan l\u2019efecte dissuasiu\u201d. El regidor ha volgut incidir en qu\u00e8 \u201c\u00e9s molt \u00fatil seguir els consells que ens van donar els Mossos d\u2019Esquadra a les xerrades que es van organitzar des de la regidoria, per aix\u00f2 les vam organitzar. Per exemple, ens pot ajudar el fet de tenir alarma a casa\u201d. El regidor tamb\u00e9 ha anunciat que la seva intenci\u00f3 \u00e9s poder mantenir reunions trimestrals amb les associacions de ve\u00efns a fi i efecte de con\u00e8ixer les inquietuds, dubtes i pors dels ve\u00efns, informar les associacions de les passes que es fan en mat\u00e8ria de seguretat ciutadana i poder treballar de cara als possibles problemes que es vagin donant\u201d. Alhora, ha avan\u00e7at que \u201cs\u2019intensificar\u00e0 el patrullatge del Servei d\u2019Informaci\u00f3 i Inspecci\u00f3 municipal perqu\u00e8, de moment, augmenti la sensaci\u00f3 de seguretat\u201d.<\/span><\/p>\n<p style=\"text-align: justify;\"><span style=\"color: #000000;\">Al seu torn, l\u2019inspector i el sotsinspector de Mossos d\u2019Esquadra s\u2019han dirigit als ve\u00efns per recordar-los que si veuen qualsevol cosa estranya o sospitosa, poden trucar al 112. Per q\u00fcestions que no siguin urgents, els agents han recordat als membres de les associacions que poden contactar amb l\u2019adre\u00e7a de correu electr\u00f2nic que se\u2019ls va entregar durant les xerrades sobre la prevenci\u00f3 de robatoris que van tenir lloc als diferents barris de la Bisbal.<\/span><\/p>\n<p style=\"text-align: justify;\"><span style=\"color: #000000;\">Quant a la prova pilot amb c\u00e0meres lectores de matr\u00edcules que comen\u00e7ar\u00e0 el 2020, des de Mossos d\u2019Esquadra han explicat que \u201cnosaltres marcarem on s\u2019han d\u2019instal\u00b7lar les c\u00e0meres, que acostumen a ser llocs on hi ha incid\u00e8ncia de robatoris. A m\u00e9s, es tracta de c\u00e0meres especials, que funcionen amb un <em>software<\/em> espec\u00edfic i que estan homologades i s\u00f3n compatibles amb el nostre sistema\u201d. Els policies han explicat que \u201cd\u2019entrada, als municipis on s\u2019han provat, s\u00f3n molt efectives per prevenir robatoris, ja que els redueixen en un \u00edndex molt alt\u201d.<\/span><\/p>\n<p style=\"text-align: justify;\"><span style=\"color: #000000;\">Els presidents de les associacions de ve\u00efns i els seus acompanyants han exposat dubtes i consultes relacionades amb seguretat, tals com la pres\u00e8ncia de delinq\u00fcents reincidents en alguns barris, l\u2019ocupaci\u00f3 de cases buides, les plantacions de c\u00e0nnabis, els robatoris en domicilis particulars o la possible creaci\u00f3 de patrulles ve\u00efnals.<\/span><\/p>\n<p style=\"text-align: justify;\"><span style=\"color: #000000;\">Quant a les patrulles ve\u00efnals, els Mossos d\u2019Esquadra han recomanat que no tirin endavant aquestes pr\u00e0ctiques perqu\u00e8 \u201cen un enfrontament, perdran vost\u00e8s &#8211; no ells \u2013 i, a sobre, tindran problemes amb la just\u00edcia. Vost\u00e8s s\u00ed que tenen coses a perdre, a ells segurament els \u00e9s igual\u201d. Des de Mossos d\u2019Esquadra insisteixen en el fet que, si els ve\u00efns posseeixen informaci\u00f3 sobre persones o conductes sospitoses, cal que la facin saber als cossos de policia perqu\u00e8 aquests puguin actuar, encara que sigui informaci\u00f3 que pugui semblar b\u00e0sica: una persona o un vehicle sospit\u00f3s, persones descarregant molt de material \u2013 com ara plaques de <em>pladur<\/em>, ventiladors, etc. en una casa-, etc. Segons els policies \u201cen els \u00faltims mesos, les trucades alertant de persones sospitoses al 112 han estat molt poques i \u00e9s molt important que les associacions de ve\u00efns i la ciutadania es comuniquin amb nosaltres. Est\u00e0 molt b\u00e9 que tingueu grups de Whatsapp, per\u00f2 aquesta informaci\u00f3 i comunicaci\u00f3 \u00e9s important que ens la pugueu transmetre perqu\u00e8 puguem actuar\u201d. Els agents han volgut deixar clar que \u201cens preocupa, no ens agrada la sensaci\u00f3 d\u2019inseguretat, i incidirem per poder canviar la situaci\u00f3 o revertir-la. Vosaltres sou els nostres ulls i tota informaci\u00f3 que ens pugueu aportar t\u00e9 molta v\u00e0lua per a nosaltres i \u00e9s el que permetr\u00e0 que puguem actuar\u201d.<\/span><\/p>\n<p style=\"text-align: justify;\"><span style=\"color: #000000;\">L\u2019alcaldessa Agn\u00e8s Ferr\u00e9 ha clos la reuni\u00f3 anunciant que, en els pr\u00f2xims mesos, es tornar\u00e0 a convocar els assistents per anar fent un seguiment de les q\u00fcestions relacionades amb seguretat ciutadana.<\/span><\/p>\n<hr \/>\n<p style=\"text-align: justify;\"><span style=\"color: #000000;\"><strong>CASTELLANO |<\/strong> Este martes 10 de diciembre el despacho de alcald\u00eda ha acogido una reuni\u00f3n, convocada por el equipo de gobierno, que ha contado con la participaci\u00f3n del inspector Mulet y el subinspector Perlado del cuerpo de Mossos d\u2019Esquadra, el jefe del Servicio de Informaci\u00f3n e Inspecci\u00f3n Municipal, Daniel M\u00e1rquez, y los presidentes de las asociaciones de vecinos de los barrios de la Miralba, Can Gordei, l\u2019Esplai y el Priorato de la Bisbal con sus acompa\u00f1antes. Esta reuni\u00f3n persegu\u00eda el objetivo de abordar cuestiones de seguridad ciudadana como por ejemplo el aumento de robos, las ocupaciones de casas vac\u00edas por parte de delincuentes o las plantaciones de cannabis en viviendas.<\/span><\/p>\n<p style=\"text-align: justify;\"><span style=\"color: #000000;\">La alcaldesa de la Bisbal del Pened\u00e8s, Agn\u00e8s Ferr\u00e9, ha abierto la reuni\u00f3n explicando que \u201cla seguridad ciudadana es una prioridad para el equipo de gobierno\u201d e insistiendo en el hecho que \u201cla Bisbal nunca ha tenido servicio de vigilancia. Si un Ayuntamiento no tiene polic\u00eda municipal o servicio de vigilancia, se tiene que crear el servicio y en la Bisbal no se hab\u00eda hecho. Las personas que forman parte del cuerpo de polic\u00eda o vigilancia deben ser funcionarios de carrera, pasar unas pruebas y formarse en la escuela de la polic\u00eda. Esto tampoco ha pasado en la Bisbal. Tenemos un informe del 6 de agosto del 2015, de la Direcci\u00f3n General de Administraci\u00f3n de Seguridad, del Departamento de Interior de la Generalitat de Catalunya, que expone: \u2018los que forman parte del cuerpo de polic\u00eda o vigilancia deben ser funcionarios de carrera y se regir\u00e1n por la Ley org\u00e1nica 2\/1986, de 13 de marzo, de fuerza y cuerpos de seguridad\u2019. En el caso de la Bisbal, los trabajadores no son funcionarios, es personal laboral\u201d. Ferr\u00e9 ha aclarado que \u201cel 2016 se cre\u00f3 el servicio de Informaci\u00f3n e Inspecci\u00f3n municipal, que hace trabajos informativos, de inspecci\u00f3n y patrullaje por las calles del municipio con la finalidad de resolver incidencias o derivarlas a las fuerzas policiales, si se da el caso. Contamos con grandes profesionales y ahora hacen el trabajo que les corresponde\u201d. Despu\u00e9s de esta introducci\u00f3n, la alcaldesa ha hecho referencia a los robos \u201cdesde el 2015 hasta principios de este a\u00f1o, disminuyeron significativamente los robos. El incremento de estos \u00faltimos meses se debe a un incremento global en la comarca, si bien es cierto que los municipios con urbanizaciones tenemos casas aisladas y desocupadas, lo que puede comportar que se instalen delincuentes\u201d.<\/span><\/p>\n<p style=\"text-align: justify;\"><span style=\"color: #000000;\">El concejal de Seguridad Ciudadana, F\u00e9lix Villaz\u00e1n, ha explicado que \u201cla preocupaci\u00f3n por la seguridad en el municipio es prioritaria y una muestra de ello es la reciente creaci\u00f3n de la prueba piloto de seguridad con c\u00e1maras lectoras de matr\u00edculas, que supondr\u00e1 una mejora para el municipio, ya que se podr\u00e1 controlar quien entra y sale de las urbanizaciones con un 99% de fiabilidad en la lectura de las matr\u00edculas. De hecho, en los lugares en los que se han instalado se ha reducido el \u00edndice de robos entre un 30 y un 40%, ya que tambi\u00e9n hacen el efecto disuasorio\u201d. El concejal ha querido incidir en que \u201ces muy \u00fatil seguir los consejos que nos dieron los Mossos d\u2019Esquadra en las charlas que se organizaron desde la concejal\u00eda, por eso las organizamos. Por ejemplo, nos puede ayudar el hecho de tener alarma en casa\u201d. El concejal tambi\u00e9n ha anunciado que su intenci\u00f3n es poder mantener reuniones trimestrales con las asociaciones de vecinos para conocer las inquietudes, dudas y miedos de los vecinos, informar a las asociaciones de los pasos que se hacen en materia de seguridad ciudadana y poder trabajar de cara a posibles problemas que se vayan dando. Adem\u00e1s, tambi\u00e9n ha avanzado que \u201cse intensificar\u00e1 el patrullaje del Servicio de Informaci\u00f3n e Inspecci\u00f3n municipal para que, de momento, aumente la sensaci\u00f3n de seguridad\u201d.<\/span><\/p>\n<p style=\"text-align: justify;\"><span style=\"color: #000000;\">En su turno, el inspector y el subinspector de Mossos d\u2019Esquadra se han dirigido a los vecinos para recordarles que si ven cualquier cosa extra\u00f1a o sospechosa, pueden llamar al 112. Para cuestiones que no sean urgentes, los agentes han recordado a los miembros de las asociaciones que pueden contactar con la direcci\u00f3n de correo electr\u00f3nico que se les entreg\u00f3 durante las charlas sobre prevenci\u00f3n de robos que tuvieron lugar en los distintos barrios de la Bisbal.<\/span><\/p>\n<p style=\"text-align: justify;\"><span style=\"color: #000000;\">En cuanto a la prueba piloto con c\u00e1maras lectoras de matr\u00edculas que empezar\u00e1 en 2020, desde Mossos d\u2019Esquadra han explicado que \u201cnosotros marcaremos d\u00f3nde se deben instalar las c\u00e1maras, que acostumbran a ser lugares donde hay incidencia de robos. Adem\u00e1s, se trata de c\u00e1maras especiales, que funcionan con un <em>software<\/em> espec\u00edfico y que est\u00e1n homologadas y son compatibles con nuestro sistema\u201d. Los polic\u00edas han explicado que \u201cinicialmente, en los municipios en los que se han probado, son muy efectivas para prevenir robos, ya que los reducen en un \u00edndice muy alto\u201d.<\/span><\/p>\n<p style=\"text-align: justify;\"><span style=\"color: #000000;\">Los presidentes de las asociaciones de vecinos y sus acompa\u00f1antes han expuesto dudas y consultas relacionadas con seguridad, tales como la presencia de delincuentes reincidentes en algunos barrios, la ocupaci\u00f3n de casas vac\u00edas, las plantaciones de cannabis, los robos en domicilios particulares o la posible creaci\u00f3n de patrullas vecinales.<\/span><\/p>\n<p style=\"text-align: justify;\"><span style=\"color: #000000;\">En cuanto a las patrullas vecinales, los Mossos d\u2019Esquadra ha recomendado que no lleven a cabo estas pr\u00e1cticas porqu\u00e9 \u201cen un enfrentamiento, perder\u00e1n ustedes \u2013 no ellos \u2013 y, encima, tendr\u00e1n problemas con la justicia. Ustedes s\u00ed que tienen cosas a perder, a ellos seguramente les dar\u00e1 igual\u201d. Desde Mossos d\u2019Esquadra insisten en el hecho que, si los vecinos poseen informaci\u00f3n sobre personas o conductas sospechosas, es necesario que se lo hagan saber a los cuerpos de polic\u00eda para que estos puedan actuar, aunque sea informaci\u00f3n que pueda parecer b\u00e1sica: una persona o un veh\u00edculo sospechoso, personas descargando mucho material \u2013 como por ejemplo placas de <em>pladur<\/em>, ventiladores, etc. en una casa-, etc. Seg\u00fan los polic\u00edas \u201cen los \u00faltimos meses, las llamadas alertando de personas sospechosas al 112 han sido muy pocas y es muy importante que las asociaciones de vecinos y la ciudadan\u00eda se comuniquen con nosotros. Est\u00e1 muy bien que teng\u00e1is grupos de Whatsapp, pero esta informaci\u00f3n y comunicaci\u00f3n es muy importante que\u00a0 nos la pod\u00e1is transmitir para que podamos actuar\u201d. Los agentes han querido dejar claro que \u201cnos preocupa, no nos gusta la sensaci\u00f3n de inseguridad, e incidiremos para poder cambiar la situaci\u00f3n o revertirla. Vosotros sois nuestros ojos y toda informaci\u00f3n que nos pod\u00e1is aportar tiene mucho valor para nosotros y es lo que permitir\u00e1 que podamos actuar\u201d.<\/span><\/p>\n<p style=\"text-align: justify;\"><span style=\"color: #000000;\">La alcaldesa Agn\u00e8s Ferr\u00e9 ha concluido la reuni\u00f3n anunciando que, en los pr\u00f3ximos meses, se volver\u00e1 a convocar a los asistentes para ir haciendo un seguimiento de las cuestiones relacionadas con seguridad ciudadana.<\/span><\/p>\n<p>&nbsp;<\/p>\n<p>&nbsp;<\/p>\n<p>&nbsp;<\/p>\n<p>&nbsp;<\/p>\n","protected":false},"excerpt":{"rendered":"<p>Aquest dimarts 10 de desembre el despatx d\u2019alcaldia ha acollit una reuni\u00f3, convocada per l\u2019equip de govern, que ha comptat amb la participaci\u00f3 de l\u2019inspector Mulet i el sotsinspector Perlado &hellip; <a href=\"https:\/\/bisbalpenedes.com\/web\/2019\/12\/11\/lequip-de-govern-es-reuneix-amb-el-cos-de-mossos-desquadra-el-servei-dinformacio-i-inspeccio-municipal-i-les-associacions-de-veins-per-tractar-temes-de-seguretat-ciutadana\/\" class=\"more-link\">Read More<\/a><\/p>\n","protected":false},"author":4,"featured_media":11453,"comment_status":"closed","ping_status":"closed","sticky":false,"template":"","format":"standard","meta":[],"categories":[3304],"tags":[77,3422,473,474,397,2876,3305,452,1443],"_links":{"self":[{"href":"https:\/\/bisbalpenedes.com\/web\/wp-json\/wp\/v2\/posts\/11451"}],"collection":[{"href":"https:\/\/bisbalpenedes.com\/web\/wp-json\/wp\/v2\/posts"}],"about":[{"href":"https:\/\/bisbalpenedes.com\/web\/wp-json\/wp\/v2\/types\/post"}],"author":[{"embeddable":true,"href":"https:\/\/bisbalpenedes.com\/web\/wp-json\/wp\/v2\/users\/4"}],"replies":[{"embeddable":true,"href":"https:\/\/bisbalpenedes.com\/web\/wp-json\/wp\/v2\/comments?post=11451"}],"version-history":[{"count":1,"href":"https:\/\/bisbalpenedes.com\/web\/wp-json\/wp\/v2\/posts\/11451\/revisions"}],"predecessor-version":[{"id":11454,"href":"https:\/\/bisbalpenedes.com\/web\/wp-json\/wp\/v2\/posts\/11451\/revisions\/11454"}],"wp:featuredmedia":[{"embeddable":true,"href":"https:\/\/bisbalpenedes.com\/web\/wp-json\/wp\/v2\/media\/11453"}],"wp:attachment":[{"href":"https:\/\/bisbalpenedes.com\/web\/wp-json\/wp\/v2\/media?parent=11451"}],"wp:term":[{"taxonomy":"category","embeddable":true,"href":"https:\/\/bisbalpenedes.com\/web\/wp-json\/wp\/v2\/categories?post=11451"},{"taxonomy":"post_tag","embeddable":true,"href":"https:\/\/bisbalpenedes.com\/web\/wp-json\/wp\/v2\/tags?post=11451"}],"curies":[{"name":"wp","href":"https:\/\/api.w.org\/{rel}","templated":true}]}}