{"id":11448,"date":"2019-12-11T15:34:41","date_gmt":"2019-12-11T14:34:41","guid":{"rendered":"http:\/\/bisbalpenedes.com\/web\/?p=11448"},"modified":"2019-12-11T15:41:43","modified_gmt":"2019-12-11T14:41:43","slug":"el-proper-dilluns-16-de-desembre-a-les-19h-tindra-lloc-el-ple-ordinari-de-lajuntament-de-la-bisbal-del-penedes","status":"publish","type":"post","link":"https:\/\/bisbalpenedes.com\/web\/2019\/12\/11\/el-proper-dilluns-16-de-desembre-a-les-19h-tindra-lloc-el-ple-ordinari-de-lajuntament-de-la-bisbal-del-penedes\/","title":{"rendered":"El proper dilluns 16 de desembre a les 19h tindr\u00e0 lloc el Ple ordinari de l&#8217;Ajuntament de la Bisbal del Pened\u00e8s"},"content":{"rendered":"<p style=\"text-align: justify;\"><span style=\"color: #000000;\">El proper dilluns 16 de desembre de 2019, a les 19h, tindr\u00e0 lloc el Ple ordinari de l&#8217;Ajuntament de la Bisbal del Pened\u00e8s amb el seg\u00fcent ordre del dia:<\/span><\/p>\n<p style=\"text-align: justify;\"><span style=\"color: #000000;\"><strong>Part resolutiva:<\/strong><\/span><\/p>\n<p style=\"text-align: justify;\"><span style=\"color: #000000;\">1.-Aprovaci\u00f3 de l&#8217;acta del Ple del 16\/09\/19<\/span><\/p>\n<p style=\"text-align: justify;\"><span style=\"color: #000000;\">2.-Aprovaci\u00f3 de l&#8217;acta del Ple del 23\/09\/19<\/span><\/p>\n<p style=\"text-align: justify;\"><span style=\"color: #000000;\">3.-Aprovaci\u00f3 de l&#8217;acta del Ple del 16\/10\/19<\/span><\/p>\n<p style=\"text-align: justify;\"><span style=\"color: #000000;\">4.-Aprovaci\u00f3 de l&#8217;acta del Ple del 21\/10\/19<\/span><\/p>\n<p style=\"text-align: justify;\"><span style=\"color: #000000;\">5-Aprovaci\u00f3 de l&#8217;acta del Ple del 27\/11\/19<\/span><\/p>\n<p style=\"text-align: justify;\"><span style=\"color: #000000;\">6.-Ratificaci\u00f3 de la dissoluci\u00f3 del Consorci Universitari del Baix Pened\u00e8s<\/span><\/p>\n<p style=\"text-align: justify;\"><span style=\"color: #000000;\">7.-Pla estrat\u00e8gic de subvencions 2020<\/span><\/p>\n<p style=\"text-align: justify;\"><span style=\"color: #000000;\">8.-Revisi\u00f3 de preus del contracte de recollida de residus amb CESPA SA<\/span><\/p>\n<p style=\"text-align: justify;\"><span style=\"color: #000000;\">9.-Revocaci\u00f3 de la compet\u00e8ncia al Consell Comarcal del Baix Pened\u00e8s en mat\u00e8ria de serveis d&#8217;inform\u00e0tica i telecomunicacions<\/span><\/p>\n<p style=\"text-align: justify;\"><span style=\"color: #000000;\">10.-Aprovaci\u00f3 del calendari fiscal 2020<\/span><\/p>\n<p style=\"text-align: justify;\"><span style=\"color: #000000;\">11.-Compliment de la sent\u00e8ncia del contenci\u00f3s administratiu (per una plusv\u00e0lua)<\/span><\/p>\n<p style=\"text-align: justify;\"><span style=\"color: #000000;\"><strong>Activitat de control:<\/strong><\/span><\/p>\n<p style=\"text-align: justify;\"><span style=\"color: #000000;\">12.-Donar compte dels Decrets d&#8217;alcaldia<\/span><\/p>\n<p style=\"text-align: justify;\"><span style=\"color: #000000;\">13.-Donar compte dels acords de Junta de Govern Local<\/span><\/p>\n<p style=\"text-align: justify;\"><span style=\"color: #000000;\"><strong>Precs i preguntes<\/strong><\/span><\/p>\n<hr \/>\n<p style=\"text-align: justify;\"><span style=\"color: #000000;\">Segons el\u00a0<a style=\"color: #000000;\" href=\"https:\/\/bisbalpenedes.com\/web\/2017\/06\/22\/el-ple-ordinari-del-passat-19-de-juny-va-aprovar-el-primer-rom-de-lajuntament-de-la-bisbal-del-penedes\/\">ROM<\/a>\u00a0aprovat al Ple de l\u2019Ajuntament de la Bisbal el passat 19 de juny de 2017, la ciutadania pot participar en els Plens Ordinaris. Tot seguit us detallem el funcionament d\u2019aquest sup\u00f2sit:<\/span><\/p>\n<p style=\"text-align: justify;\"><span style=\"color: #000000;\">Totes les persones tenen dret a intervenir en les sessions ordin\u00e0ries del Ple en el punt de l\u2019ordre del dia de \u2018Precs i preguntes\u2019, d\u2019acord amb les prescripcions seg\u00fcents:<\/span><\/p>\n<ul style=\"text-align: justify;\">\n<li><span style=\"color: #000000;\">El prec o pregunta s\u2019haur\u00e0 de sol\u00b7licitar a l\u2019Alcaldia:<\/span>\n<ul>\n<li><span style=\"color: #000000;\">per escrit i entrar-lo\/a al Registre General com a m\u00e0xim 24 hores abans del Ple Ordinari<\/span><\/li>\n<li><span style=\"color: #000000;\">Per Twitter a @BisbalPenedes com a m\u00e0xim 24h abans del Ple Ordinari, complint el protocol d\u2019\u00fas de les xarxes socials i emprant l\u2019etiqueta #PleBisbalPened\u00e8s, seguit del prec o pregunta<\/span><\/li>\n<\/ul>\n<\/li>\n<li><span style=\"color: #000000;\">L\u2019assumpte objecte del prec o pregunta haur\u00e0 de ser de compet\u00e8ncia municipal sobre l\u2019acci\u00f3 de govern o estar directament relacionat amb els punts inclosos a l\u2019ordre del dia<\/span><\/li>\n<li><span style=\"color: #000000;\">Cada ciutad\u00e0\/ana\u00a0 pot formular un\u00a0 prec i una pregunta en un mateix Ple. La longitud m\u00e0xima de cada piulada \u00e9s de 140 car\u00e0cters i no es pot continuar la pregunta en un segon \u2018tweet\u2019.<\/span><\/li>\n<li><span style=\"color: #000000;\">L\u2019alcaldia podr\u00e0 no respondre si \u00e9s un assumpte sobre el qual l\u2019Ajuntament no t\u00e9 compet\u00e8ncies o si ja s\u2019ha presentat la mateixa pregunta en una altra sessi\u00f3 plen\u00e0ria en els \u00faltims 6 mesos.<\/span><\/li>\n<li><span style=\"color: #000000;\">L\u2019alcaldia comunicar\u00e0, acabat el termini m\u00e0xim de presentaci\u00f3 de preguntes, a qui vagin dirigides les preguntes o peticions sol\u00b7licitades perqu\u00e8 les pugui respondre<\/span><\/li>\n<li><span style=\"color: #000000;\">L\u2019Alcaldia llegir\u00e0 la pregunta en veu alta<\/span><\/li>\n<li><span style=\"color: #000000;\">L\u2019alcaldia o a qui va adre\u00e7ada la pregunta, la respondr\u00e0 en la mateixa sessi\u00f3 del Ple<\/span><\/li>\n<li><span style=\"color: #000000;\">El p\u00fablic assistent a les sessions no podr\u00e0 efectuar manifestacions de grat o desgrat. Tampoc es podran proferir comentaris que afectin el normal desenvolupament de la sessi\u00f3.<\/span><\/li>\n<\/ul>\n<hr \/>\n<p style=\"text-align: justify;\"><span style=\"color: #000000;\"><strong>CASTELLANO |<\/strong> El pr\u00f3ximo lunes 16 de diciembre de 2019, a las 19h, tendr\u00e1 lugar el Pleno ordinario del Ayuntamiento de la Bisbal del Pened\u00e8s con el siguiente orden d\u00eda:<\/span><\/p>\n<p style=\"text-align: justify;\"><span style=\"color: #000000;\"><strong>Parte resolutiva:<\/strong><\/span><\/p>\n<p style=\"text-align: justify;\"><span style=\"color: #000000;\">1.-Aprobaci\u00f3n del acta del Pleno del 16\/09\/19<\/span><\/p>\n<p style=\"text-align: justify;\"><span style=\"color: #000000;\">2.-Aprobaci\u00f3n del acta del Pleno del 23\/09\/19<\/span><\/p>\n<p style=\"text-align: justify;\"><span style=\"color: #000000;\">3.-Aprobaci\u00f3n del acta del Pleno del 16\/10\/19<\/span><\/p>\n<p style=\"text-align: justify;\"><span style=\"color: #000000;\">4.-Aprobaci\u00f3n del acta del Pleno del 21\/10\/19<\/span><\/p>\n<p style=\"text-align: justify;\"><span style=\"color: #000000;\">5.-Aprobaci\u00f3n del acta del Pleno del 27\/11\/19<\/span><\/p>\n<p style=\"text-align: justify;\"><span style=\"color: #000000;\">6.-Ratificaci\u00f3n de la disoluci\u00f3n del Consorci Universitari del Baix Pened\u00e8s<\/span><\/p>\n<p style=\"text-align: justify;\"><span style=\"color: #000000;\">7.-Plan estrat\u00e9gico de subvenciones 2020<\/span><\/p>\n<p style=\"text-align: justify;\"><span style=\"color: #000000;\">8.-Revisi\u00f3n de precios del contrato de recogida de residuos con CESPA SA<\/span><\/p>\n<p style=\"text-align: justify;\"><span style=\"color: #000000;\">9.-Revocaci\u00f3n de la competencia al Consell Comarcal del Baix Pened\u00e8s en materia de servicios de inform\u00e1tica y telecomunicaciones<\/span><\/p>\n<p style=\"text-align: justify;\"><span style=\"color: #000000;\">10.-Aprobaci\u00f3n del calendario fiscal 2020<\/span><\/p>\n<p style=\"text-align: justify;\"><span style=\"color: #000000;\">11.-Cumplimiento de la sentencia del contencioso administrativo (por una plusval\u00eda)<\/span><\/p>\n<p style=\"text-align: justify;\"><span style=\"color: #000000;\"><strong>Actividad de control:<\/strong><\/span><\/p>\n<p style=\"text-align: justify;\"><span style=\"color: #000000;\">12.-Dar cuenta de los Decretos de alcald\u00eda.<\/span><\/p>\n<p style=\"text-align: justify;\"><span style=\"color: #000000;\">13.-Dar cuenta de los acuerdos de la Junta de Gobierno local<\/span><\/p>\n<p style=\"text-align: justify;\"><span style=\"color: #000000;\"><strong>Ruegos y preguntas<\/strong><\/span><\/p>\n<hr \/>\n<p style=\"text-align: justify;\"><span style=\"color: #000000;\">Seg\u00fan el\u00a0<a style=\"color: #000000;\" href=\"https:\/\/bisbalpenedes.com\/web\/2017\/06\/22\/el-ple-ordinari-del-passat-19-de-juny-va-aprovar-el-primer-rom-de-lajuntament-de-la-bisbal-del-penedes\/\">ROM<\/a>\u00a0aprobado en el Pleno del Ayuntamiento de la Bisbal del Pened\u00e8s el pasado 19 de junio del 2017, la ciudadan\u00eda puede participar en los Plenos Ordinarios. A continuaci\u00f3n os detallamos el funcionamiento de este supuesto:<\/span><\/p>\n<p style=\"text-align: justify;\"><span style=\"color: #000000;\">Todas las personas tienen derecho a intervenir en las sesiones ordinarias del Pleno en el punto de la orden del d\u00eda de \u2018Ruegos y preguntas\u2019, de acuerdo con las prescripciones siguientes:<\/span><\/p>\n<ul>\n<li style=\"text-align: justify;\"><span style=\"color: #000000;\">El ruego o pregunta deber\u00e1 solicitarse a Alcald\u00eda:<\/span>\n<ul>\n<li><span style=\"color: #000000;\">Por escrito y entrarlo\/la por escrito como m\u00e1ximo 24 horas antes del Pleno Ordinario<\/span><\/li>\n<li><span style=\"color: #000000;\">Por Twitter en @BisbalPenedes como m\u00e1ximo 24h antes del Pleno Ordinario, cumpliendo el protocolo de uso de las redes sociales con el formato #PleBisbalPened\u00e8s, seguido del ruego o pregunta.<\/span><\/li>\n<\/ul>\n<\/li>\n<li style=\"text-align: justify;\"><span style=\"color: #000000;\">El asunto objeto del ruego o pregunta deber\u00e1 ser de competencia municipal sobre la acci\u00f3n de gobierno o estar directamente relacionado con los puntos incluidos en el orden del d\u00eda<\/span><\/li>\n<li style=\"text-align: justify;\"><span style=\"color: #000000;\">Cada ciudadano\/na puede formular un ruego y una pregunta en un mismo Pleno. La longitud m\u00e1xima de cada tweet es de 140 caracteres y no se puede continuar la pregunta con un segundo \u2018tweet.<\/span><\/li>\n<li style=\"text-align: justify;\"><span style=\"color: #000000;\">Alcald\u00eda podr\u00e1 no responder si es un asunto sobre el cual el Ayuntamiento no tiene competencias o si ya se ha presentado la misma pregunta en otra sesi\u00f3n plenaria de los \u00faltimos 6 meses.<\/span><\/li>\n<li style=\"text-align: justify;\"><span style=\"color: #000000;\">Alcald\u00eda comunicar\u00e1, terminado el plazo m\u00e1ximo de presentaci\u00f3n de preguntas, a quien vayan dirigidas las preguntas o peticiones solicitadas para que las pueda responder<\/span><\/li>\n<li style=\"text-align: justify;\"><span style=\"color: #000000;\">Alcald\u00eda leer\u00e1 la pregunta en voz alta<\/span><\/li>\n<li style=\"text-align: justify;\"><span style=\"color: #000000;\">Alcald\u00eda o a quien vaya dirigida la pregunta, la responder\u00e1 en la misma sesi\u00f3n del Pleno<\/span><\/li>\n<li style=\"text-align: justify;\"><span style=\"color: #000000;\">El p\u00fablico asistente a las sesiones no podr\u00e1 efectuar manifestaciones de agrado o desagrado. Tampoco se podr\u00e1n proferir comentarios que afecten el normal desarrollo de la sesi\u00f3n.<\/span><\/li>\n<\/ul>\n<p>&nbsp;<\/p>\n","protected":false},"excerpt":{"rendered":"<p>El proper dilluns 16 de desembre de 2019, a les 19h, tindr\u00e0 lloc el Ple ordinari de l&#8217;Ajuntament de la Bisbal del Pened\u00e8s amb el seg\u00fcent ordre del dia: Part &hellip; <a href=\"https:\/\/bisbalpenedes.com\/web\/2019\/12\/11\/el-proper-dilluns-16-de-desembre-a-les-19h-tindra-lloc-el-ple-ordinari-de-lajuntament-de-la-bisbal-del-penedes\/\" class=\"more-link\">Read More<\/a><\/p>\n","protected":false},"author":4,"featured_media":8717,"comment_status":"closed","ping_status":"closed","sticky":false,"template":"","format":"standard","meta":[],"categories":[2250],"tags":[111,1130,2519,1056,3421,1058,777,3420,249,3231,102],"_links":{"self":[{"href":"https:\/\/bisbalpenedes.com\/web\/wp-json\/wp\/v2\/posts\/11448"}],"collection":[{"href":"https:\/\/bisbalpenedes.com\/web\/wp-json\/wp\/v2\/posts"}],"about":[{"href":"https:\/\/bisbalpenedes.com\/web\/wp-json\/wp\/v2\/types\/post"}],"author":[{"embeddable":true,"href":"https:\/\/bisbalpenedes.com\/web\/wp-json\/wp\/v2\/users\/4"}],"replies":[{"embeddable":true,"href":"https:\/\/bisbalpenedes.com\/web\/wp-json\/wp\/v2\/comments?post=11448"}],"version-history":[{"count":2,"href":"https:\/\/bisbalpenedes.com\/web\/wp-json\/wp\/v2\/posts\/11448\/revisions"}],"predecessor-version":[{"id":11450,"href":"https:\/\/bisbalpenedes.com\/web\/wp-json\/wp\/v2\/posts\/11448\/revisions\/11450"}],"wp:featuredmedia":[{"embeddable":true,"href":"https:\/\/bisbalpenedes.com\/web\/wp-json\/wp\/v2\/media\/8717"}],"wp:attachment":[{"href":"https:\/\/bisbalpenedes.com\/web\/wp-json\/wp\/v2\/media?parent=11448"}],"wp:term":[{"taxonomy":"category","embeddable":true,"href":"https:\/\/bisbalpenedes.com\/web\/wp-json\/wp\/v2\/categories?post=11448"},{"taxonomy":"post_tag","embeddable":true,"href":"https:\/\/bisbalpenedes.com\/web\/wp-json\/wp\/v2\/tags?post=11448"}],"curies":[{"name":"wp","href":"https:\/\/api.w.org\/{rel}","templated":true}]}}