{"id":11445,"date":"2019-12-11T12:10:57","date_gmt":"2019-12-11T11:10:57","guid":{"rendered":"http:\/\/bisbalpenedes.com\/web\/?p=11445"},"modified":"2019-12-11T12:11:46","modified_gmt":"2019-12-11T11:11:46","slug":"saprova-la-liquidacio-del-conveni-amb-el-ccbp-en-materia-de-serveis-dinformatica-i-telecomunicacions","status":"publish","type":"post","link":"https:\/\/bisbalpenedes.com\/web\/2019\/12\/11\/saprova-la-liquidacio-del-conveni-amb-el-ccbp-en-materia-de-serveis-dinformatica-i-telecomunicacions\/","title":{"rendered":"S\u2019aprova la liquidaci\u00f3 del conveni amb el Consell Comarcal del Baix Pened\u00e8s en mat\u00e8ria de serveis d\u2019inform\u00e0tica i telecomunicacions"},"content":{"rendered":"<p style=\"text-align: justify;\"><span style=\"color: #000000;\">La Junta de Govern local ha aprovat la liquidaci\u00f3 del conveni amb el Consell Comarcal del Baix Pened\u00e8s en mat\u00e8ria de serveis d\u2019inform\u00e0tica i telecomunicacions, corresponent a l\u2019any 2019. Aquest servei correspon al suport inform\u00e0tic que es fa des del Consell Comarcal del Baix Pened\u00e8s als diferents Ajuntaments de la comarca. En el cas de la Bisbal del Pened\u00e8s, l\u2019import a abonar aquest 2019 \u00e9s de 4.858\u20ac.<\/span><\/p>\n<hr \/>\n<p style=\"text-align: justify;\"><span style=\"color: #000000;\"><strong>CASTELLANO |\u00a0<\/strong>La Junta de Gobierno local ha aprobado la liquidaci\u00f3n del convenio con el Consell Comarcal del Baix Pened\u00e8s en materia de servicios de inform\u00e1tica y telecomunicaciones, correspondiente al a\u00f1o 2019. Este servicio corresponde al soporte inform\u00e1tico que se hace desde el Consell Comarcal del Baix Pened\u00e8s a los distintos Ayuntamientos de la comarca. En el caso de la Bisbal del Pened\u00e8s, el importe a abonar este 2019 es de 4.858\u20ac.<\/span><\/p>\n","protected":false},"excerpt":{"rendered":"<p>La Junta de Govern local ha aprovat la liquidaci\u00f3 del conveni amb el Consell Comarcal del Baix Pened\u00e8s en mat\u00e8ria de serveis d\u2019inform\u00e0tica i telecomunicacions, corresponent a l\u2019any 2019. Aquest &hellip; <a href=\"https:\/\/bisbalpenedes.com\/web\/2019\/12\/11\/saprova-la-liquidacio-del-conveni-amb-el-ccbp-en-materia-de-serveis-dinformatica-i-telecomunicacions\/\" class=\"more-link\">Read More<\/a><\/p>\n","protected":false},"author":4,"featured_media":2304,"comment_status":"closed","ping_status":"closed","sticky":false,"template":"","format":"standard","meta":[],"categories":[2057],"tags":[1056,440,1532],"_links":{"self":[{"href":"https:\/\/bisbalpenedes.com\/web\/wp-json\/wp\/v2\/posts\/11445"}],"collection":[{"href":"https:\/\/bisbalpenedes.com\/web\/wp-json\/wp\/v2\/posts"}],"about":[{"href":"https:\/\/bisbalpenedes.com\/web\/wp-json\/wp\/v2\/types\/post"}],"author":[{"embeddable":true,"href":"https:\/\/bisbalpenedes.com\/web\/wp-json\/wp\/v2\/users\/4"}],"replies":[{"embeddable":true,"href":"https:\/\/bisbalpenedes.com\/web\/wp-json\/wp\/v2\/comments?post=11445"}],"version-history":[{"count":2,"href":"https:\/\/bisbalpenedes.com\/web\/wp-json\/wp\/v2\/posts\/11445\/revisions"}],"predecessor-version":[{"id":11447,"href":"https:\/\/bisbalpenedes.com\/web\/wp-json\/wp\/v2\/posts\/11445\/revisions\/11447"}],"wp:featuredmedia":[{"embeddable":true,"href":"https:\/\/bisbalpenedes.com\/web\/wp-json\/wp\/v2\/media\/2304"}],"wp:attachment":[{"href":"https:\/\/bisbalpenedes.com\/web\/wp-json\/wp\/v2\/media?parent=11445"}],"wp:term":[{"taxonomy":"category","embeddable":true,"href":"https:\/\/bisbalpenedes.com\/web\/wp-json\/wp\/v2\/categories?post=11445"},{"taxonomy":"post_tag","embeddable":true,"href":"https:\/\/bisbalpenedes.com\/web\/wp-json\/wp\/v2\/tags?post=11445"}],"curies":[{"name":"wp","href":"https:\/\/api.w.org\/{rel}","templated":true}]}}